{"id":465445,"date":"2023-08-21T19:55:32","date_gmt":"2023-08-21T23:55:32","guid":{"rendered":"http:\/\/diariodominicano.com\/?p=465445"},"modified":"2023-08-21T19:59:00","modified_gmt":"2023-08-21T23:59:00","slug":"encuentro-historico-en-cayetano-germosen-union-de-fuerzas-para-revolucionar-el-medio-ambiente","status":"publish","type":"post","link":"https:\/\/diariodominicano.com\/?p=465445","title":{"rendered":"Encuentro Hist\u00f3rico en Cayetano Germos\u00e9n: Uni\u00f3n de Fuerzas para Revolucionar el Medio Ambiente"},"content":{"rendered":"\n<p><em>Cayetano Germos\u00e9n, Espaillat &#8211; 19 de Agosto de 2023<\/em> &#8211; En un acto sin precedentes, diversos grupos de inter\u00e9s y destacados representantes de organizaciones se reunieron el pasado s\u00e1bado en Cayetano Germos\u00e9n, provincia Espaillat. Este encuentro, convocado por el Plan Estrat\u00e9gico de Desarrollo de la Provincia, marc\u00f3 un hito en la lucha por la mejora medioambiental en la regi\u00f3n, enfoc\u00e1ndose en proyectos de vital importancia y en la implementaci\u00f3n de acciones conjuntas.<\/p>\n\n\n\n<figure class=\"wp-block-image size-large\"><img loading=\"lazy\" decoding=\"async\" width=\"1024\" height=\"768\" src=\"https:\/\/diariodominicano.com\/wp-content\/uploads\/2023\/08\/image_50453249-1024x768.jpg\" alt=\"\" class=\"wp-image-465448\" srcset=\"https:\/\/diariodominicano.com\/wp-content\/uploads\/2023\/08\/image_50453249-1024x768.jpg 1024w, https:\/\/diariodominicano.com\/wp-content\/uploads\/2023\/08\/image_50453249-300x225.jpg 300w, https:\/\/diariodominicano.com\/wp-content\/uploads\/2023\/08\/image_50453249-768x576.jpg 768w, https:\/\/diariodominicano.com\/wp-content\/uploads\/2023\/08\/image_50453249-1536x1152.jpg 1536w, https:\/\/diariodominicano.com\/wp-content\/uploads\/2023\/08\/image_50453249-2048x1536.jpg 2048w, https:\/\/diariodominicano.com\/wp-content\/uploads\/2023\/08\/image_50453249-816x612.jpg 816w\" sizes=\"auto, (max-width: 1024px) 100vw, 1024px\" \/><figcaption> Entre los asistentes se destac\u00f3 la presencia de los miembros clave del Consejo del Plan Estrat\u00e9gico, entre ellos Julio Abreu y Reynaldo M\u00e9ndez\u00a0 (Sandy)<\/figcaption><\/figure>\n\n\n\n<figure class=\"wp-block-image size-large\"><img loading=\"lazy\" decoding=\"async\" width=\"1024\" height=\"768\" src=\"https:\/\/diariodominicano.com\/wp-content\/uploads\/2023\/08\/image_50731009-1024x768.jpg\" alt=\"\" class=\"wp-image-465450\" srcset=\"https:\/\/diariodominicano.com\/wp-content\/uploads\/2023\/08\/image_50731009-1024x768.jpg 1024w, https:\/\/diariodominicano.com\/wp-content\/uploads\/2023\/08\/image_50731009-300x225.jpg 300w, https:\/\/diariodominicano.com\/wp-content\/uploads\/2023\/08\/image_50731009-768x576.jpg 768w, https:\/\/diariodominicano.com\/wp-content\/uploads\/2023\/08\/image_50731009-1536x1152.jpg 1536w, https:\/\/diariodominicano.com\/wp-content\/uploads\/2023\/08\/image_50731009-2048x1536.jpg 2048w, https:\/\/diariodominicano.com\/wp-content\/uploads\/2023\/08\/image_50731009-816x612.jpg 816w\" sizes=\"auto, (max-width: 1024px) 100vw, 1024px\" \/><\/figure>\n\n\n\n<p>El evento se llev\u00f3 a cabo con la firme determinaci\u00f3n de lograr resultados y mejoras medioambientales a corto plazo. La reuni\u00f3n congreg\u00f3 a l\u00edderes comprometidos con la preservaci\u00f3n del entorno natural, quienes unieron fuerzas para dise\u00f1ar estrategias concretas que permitan transformar positivamente la situaci\u00f3n medioambiental en Cayetano Germos\u00e9n y Guan\u00e1bano.<\/p>\n\n\n\n<p>Entre los asistentes se destac\u00f3 la presencia de los miembros clave del Consejo del Plan Estrat\u00e9gico, entre ellos Julio Abreu y Reynaldo M\u00e9ndez\u00a0 (Sandy) Su participaci\u00f3n resalta la importancia que se le atribuye a esta iniciativa y la voluntad de liderar el cambio hacia una coexistencia m\u00e1s arm\u00f3nica entre la comunidad y su entorno.<\/p>\n\n\n\n<figure class=\"wp-block-image size-large\"><img loading=\"lazy\" decoding=\"async\" width=\"1024\" height=\"768\" src=\"https:\/\/diariodominicano.com\/wp-content\/uploads\/2023\/08\/image_50734849-1024x768.jpg\" alt=\"\" class=\"wp-image-465451\" srcset=\"https:\/\/diariodominicano.com\/wp-content\/uploads\/2023\/08\/image_50734849-1024x768.jpg 1024w, https:\/\/diariodominicano.com\/wp-content\/uploads\/2023\/08\/image_50734849-300x225.jpg 300w, https:\/\/diariodominicano.com\/wp-content\/uploads\/2023\/08\/image_50734849-768x576.jpg 768w, https:\/\/diariodominicano.com\/wp-content\/uploads\/2023\/08\/image_50734849-1536x1152.jpg 1536w, https:\/\/diariodominicano.com\/wp-content\/uploads\/2023\/08\/image_50734849-2048x1536.jpg 2048w, https:\/\/diariodominicano.com\/wp-content\/uploads\/2023\/08\/image_50734849-816x612.jpg 816w\" sizes=\"auto, (max-width: 1024px) 100vw, 1024px\" \/><\/figure>\n\n\n\n<p>Durante el encuentro, se abordaron temas cr\u00edticos relacionados con proyectos medioambientales de envergadura, poniendo \u00e9nfasis en la necesidad de una colaboraci\u00f3n intersectorial s\u00f3lida y en la identificaci\u00f3n de soluciones pr\u00e1cticas. Las discusiones culminaron en la definici\u00f3n de un plan de acci\u00f3n integral, donde se establecieron objetivos claros y metas alcanzables en un horizonte inmediato.<\/p>\n\n\n\n<p>El compromiso demostrado por los participantes entre los Doctores Luis D\u00edaz y Anulfo L\u00f3pez, regidores y representantes de juntas de vecinos, deja patente la determinaci\u00f3n de convertir a Cayetano Germos\u00e9n en un modelo de desarrollo sostenible y respeto por el medio ambiente. La colaboraci\u00f3n entre grupos de inter\u00e9s y organizaciones representa un paso fundamental hacia la transformaci\u00f3n efectiva de la realidad medioambiental en la regi\u00f3n.<\/p>\n\n\n\n<p>Este evento marca el inicio de un camino que promete cambios tangibles y una nueva perspectiva para Cayetano Germos\u00e9n y Guan\u00e1bano. Con la uni\u00f3n de esfuerzos y la voluntad de actuar en pro del bienestar del entorno, se vislumbra un futuro m\u00e1s brillante y esperanzador para las generaciones venideras. El compromiso asumido en este encuentro trasciende las palabras, convirti\u00e9ndose en un legado de acci\u00f3n concreta en beneficio de la naturaleza y la comunidad.<\/p>\n\n\n\n<p>Estephany Almonte<a target=\"_blank\" href=\"mailto:estephanyactiva@gmail.com\" rel=\"noreferrer noopener\">estephanyactiva@gmail.com<\/a><\/p>\n","protected":false},"excerpt":{"rendered":"<p>Cayetano Germos\u00e9n, Espaillat &#8211; 19 de Agosto de 2023 &#8211; En un acto sin precedentes, diversos grupos de inter\u00e9s y destacados representantes de organizaciones se reunieron el pasado s\u00e1bado en Cayetano Germos\u00e9n, provincia Espaillat. Este encuentro, convocado por el Plan Estrat\u00e9gico de Desarrollo de la Provincia, marc\u00f3 un hito en la lucha por la mejora [&hellip;]<\/p>\n","protected":false},"author":28,"featured_media":465446,"comment_status":"closed","ping_status":"","sticky":false,"template":"","format":"standard","meta":{"footnotes":""},"categories":[36,20,32],"tags":[],"class_list":["post-465445","post","type-post","status-publish","format-standard","has-post-thumbnail","hentry","category-hombresmujeresycosas","category-dominicana-hoy","category-turismo"],"_links":{"self":[{"href":"https:\/\/diariodominicano.com\/index.php?rest_route=\/wp\/v2\/posts\/465445","targetHints":{"allow":["GET"]}}],"collection":[{"href":"https:\/\/diariodominicano.com\/index.php?rest_route=\/wp\/v2\/posts"}],"about":[{"href":"https:\/\/diariodominicano.com\/index.php?rest_route=\/wp\/v2\/types\/post"}],"author":[{"embeddable":true,"href":"https:\/\/diariodominicano.com\/index.php?rest_route=\/wp\/v2\/users\/28"}],"replies":[{"embeddable":true,"href":"https:\/\/diariodominicano.com\/index.php?rest_route=%2Fwp%2Fv2%2Fcomments&post=465445"}],"version-history":[{"count":3,"href":"https:\/\/diariodominicano.com\/index.php?rest_route=\/wp\/v2\/posts\/465445\/revisions"}],"predecessor-version":[{"id":465453,"href":"https:\/\/diariodominicano.com\/index.php?rest_route=\/wp\/v2\/posts\/465445\/revisions\/465453"}],"wp:featuredmedia":[{"embeddable":true,"href":"https:\/\/diariodominicano.com\/index.php?rest_route=\/wp\/v2\/media\/465446"}],"wp:attachment":[{"href":"https:\/\/diariodominicano.com\/index.php?rest_route=%2Fwp%2Fv2%2Fmedia&parent=465445"}],"wp:term":[{"taxonomy":"category","embeddable":true,"href":"https:\/\/diariodominicano.com\/index.php?rest_route=%2Fwp%2Fv2%2Fcategories&post=465445"},{"taxonomy":"post_tag","embeddable":true,"href":"https:\/\/diariodominicano.com\/index.php?rest_route=%2Fwp%2Fv2%2Ftags&post=465445"}],"curies":[{"name":"wp","href":"https:\/\/api.w.org\/{rel}","templated":true}]}}