{"id":465435,"date":"2023-08-21T19:42:45","date_gmt":"2023-08-21T23:42:45","guid":{"rendered":"http:\/\/diariodominicano.com\/?p=465435"},"modified":"2023-08-21T21:05:29","modified_gmt":"2023-08-22T01:05:29","slug":"los-cerveceros-ganan-softbol-fiesta-de-la-colorada-imbert","status":"publish","type":"post","link":"https:\/\/diariodominicano.com\/?p=465435","title":{"rendered":"Los Cerveceros ganan softbol fiesta de La Colorada, Imbert"},"content":{"rendered":"\n<p> <strong>El se\u00f1or Juan Quiroz, encargado del. Comit\u00e9 de Disciplina del torneo de softbol de La Colorada, entrega la copa de campe\u00f3n por equipos, recibe el manager de los ganadores, Gustavo George.<\/strong> <\/p>\n\n\n\n<p><strong>LA COLORADA,&nbsp;Imbert, Puerto Plata, RD, 21 de agosto de 2023.-&nbsp;E<\/strong>l combinado Los Cerveceros, de la parte alta, se coron\u00f3 campe\u00f3n del torneo de softbol fiesta del club La Colorada, al derrotar en el choque final, 12 carreras por 9, a Los Sencillos, del medio del pueblo, el pasado domingo.<\/p>\n\n\n\n<p><strong>J<\/strong>ugando en un ambiente alegre, muy divertido entre los pobladores que asistieron al estadio de la localidad, por los campeones, el lanzador ganador result\u00f3,&nbsp;Joselito Vega, mientras que, Gabriel Brito, fue el perdedor.<\/p>\n\n\n\n<p><strong>L<\/strong>os mejores bateadores por los campeones, fueron: Ronny Pichardo, con cuadrangular, doble y sencillo, m\u00e1s 3 carreras impulsadas; Warlyn V\u00e1squez, dos dobles e igual cantidad de empujadas, mientras que, Rafa Hurtado, dos imparables y dos vueltas impulsadas.<\/p>\n\n\n\n<p><strong>E<\/strong>l jugador m\u00e1s destacado de la final y mejor lanzador, fue, Joselito Vega, quien fue galardonado por la alcaldesa del municipio de Imbert, Mar\u00eda Elena Ramos (Chikita), quien adem\u00e1s se dirigi\u00f3 a los presentes, mientras que, Juan Quiroz, presidente del Comit\u00e9 de disciplina, entreg\u00f3 la copa de campe\u00f3n al manager ganador, Gustavo George.<\/p>\n\n\n\n<p><strong>A<\/strong>dem\u00e1s de los campeones y los subcampeones, particip\u00f3 el equipo, Los Salvadores, de la parte baja de La Colorada.<\/p>\n\n\n\n<p><strong>E<\/strong>ntre las personalidades que participaron en la justa completa, adem\u00e1s estuvieron, Francisco Garc\u00eda, subdirector del Plan Social de la Presidencia de la Rep\u00fablica Dominicana y el diputado, Juan Medina, as\u00ed como otras importantes del municipio de Imbert y la deportividad de La Colorada y sus colaboradores.<\/p>\n\n\n\n<p>Oscar Polanco<a target=\"_blank\" href=\"mailto:oscarpolanco.santiagord@gmail.com\" rel=\"noreferrer noopener\">oscarpolanco.santiagord@gmail.com<\/a><\/p>\n","protected":false},"excerpt":{"rendered":"<p>El se\u00f1or Juan Quiroz, encargado del. Comit\u00e9 de Disciplina del torneo de softbol de La Colorada, entrega la copa de campe\u00f3n por equipos, recibe el manager de los ganadores, Gustavo George. LA COLORADA,&nbsp;Imbert, Puerto Plata, RD, 21 de agosto de 2023.-&nbsp;El combinado Los Cerveceros, de la parte alta, se coron\u00f3 campe\u00f3n del torneo de softbol [&hellip;]<\/p>\n","protected":false},"author":28,"featured_media":465437,"comment_status":"closed","ping_status":"","sticky":true,"template":"","format":"standard","meta":{"footnotes":""},"categories":[17,27,32],"tags":[],"class_list":["post-465435","post","type-post","status-publish","format-standard","has-post-thumbnail","hentry","category-deportes","category-portada","category-turismo"],"_links":{"self":[{"href":"https:\/\/diariodominicano.com\/index.php?rest_route=\/wp\/v2\/posts\/465435","targetHints":{"allow":["GET"]}}],"collection":[{"href":"https:\/\/diariodominicano.com\/index.php?rest_route=\/wp\/v2\/posts"}],"about":[{"href":"https:\/\/diariodominicano.com\/index.php?rest_route=\/wp\/v2\/types\/post"}],"author":[{"embeddable":true,"href":"https:\/\/diariodominicano.com\/index.php?rest_route=\/wp\/v2\/users\/28"}],"replies":[{"embeddable":true,"href":"https:\/\/diariodominicano.com\/index.php?rest_route=%2Fwp%2Fv2%2Fcomments&post=465435"}],"version-history":[{"count":2,"href":"https:\/\/diariodominicano.com\/index.php?rest_route=\/wp\/v2\/posts\/465435\/revisions"}],"predecessor-version":[{"id":465483,"href":"https:\/\/diariodominicano.com\/index.php?rest_route=\/wp\/v2\/posts\/465435\/revisions\/465483"}],"wp:featuredmedia":[{"embeddable":true,"href":"https:\/\/diariodominicano.com\/index.php?rest_route=\/wp\/v2\/media\/465437"}],"wp:attachment":[{"href":"https:\/\/diariodominicano.com\/index.php?rest_route=%2Fwp%2Fv2%2Fmedia&parent=465435"}],"wp:term":[{"taxonomy":"category","embeddable":true,"href":"https:\/\/diariodominicano.com\/index.php?rest_route=%2Fwp%2Fv2%2Fcategories&post=465435"},{"taxonomy":"post_tag","embeddable":true,"href":"https:\/\/diariodominicano.com\/index.php?rest_route=%2Fwp%2Fv2%2Ftags&post=465435"}],"curies":[{"name":"wp","href":"https:\/\/api.w.org\/{rel}","templated":true}]}}