{"id":465432,"date":"2023-08-21T19:23:43","date_gmt":"2023-08-21T23:23:43","guid":{"rendered":"http:\/\/diariodominicano.com\/?p=465432"},"modified":"2023-08-21T21:06:04","modified_gmt":"2023-08-22T01:06:04","slug":"el-coe-mantiene-32-provincias-de-republica-dominicana-en-alerta-por-posibles-crecidas-de-rios-arroyos-y-canadas-asi-como-inundaciones-repentinas-o-urbanas","status":"publish","type":"post","link":"https:\/\/diariodominicano.com\/?p=465432","title":{"rendered":"El COE mantiene 32 provincias de Rep\u00fablica Dominicana en alerta por posibles crecidas de r\u00edos, arroyos y ca\u00f1adas, as\u00ed como inundaciones repentinas o urbanas"},"content":{"rendered":"\n<p>Santo Domingo, RD. El COE inform\u00f3 la tarde del lunes mantiene 32 provincias en alerta por posibles crecidas de r\u00edos, arroyos y ca\u00f1adas, as\u00ed como inundaciones repentinas o urbanas.<\/p>\n\n\n\n<p>Del conjunto de provincias  14  tienen aviso de  alerta roja y 18 est\u00e1n en alerta  amarilla. por posibles crecidas de r\u00edos, arroyos y ca\u00f1adas, as\u00ed como inundaciones repentinas o urbanas, debido a que el centro de la tormenta Franklin se ubica a  370 km al sur de Santo Domingo.<\/p>\n\n\n\n<p> Los   vientos m\u00e1ximos de la tormenta Franklin  se mantienen en 85 kph, que se extienden a unos 95 km fuera de su centro.<\/p>\n\n\n\n<p>Las provincias en alerta roja&nbsp;<\/p>\n\n\n\n<figure class=\"wp-block-image\"><img decoding=\"async\" src=\"https:\/\/fonts.gstatic.com\/s\/e\/notoemoji\/15.0\/1f534\/32.png\" alt=\"\ud83d\udd34\"\/><\/figure>\n\n\n\n<p>&nbsp;son:<\/p>\n\n\n\n<p>Santo Domingo<br>Distrito Nacional<br>San Crist\u00f3bal<br>Peravia<br>Barahona<br>San Juan<br>Independencia<br>San Pedro de Macor\u00eds<br>La Romana<br>San Jos\u00e9 de Ocoa<br>Azua<br>Pedernales<br>Bahoruco<br>El\u00edas Pi\u00f1a<\/p>\n\n\n\n<p>En alerta amarilla&nbsp;<\/p>\n\n\n\n<figure class=\"wp-block-image\"><img decoding=\"async\" src=\"https:\/\/fonts.gstatic.com\/s\/e\/notoemoji\/15.0\/1f7e1\/32.png\" alt=\"\ud83d\udfe1\"\/><\/figure>\n\n\n\n<p>&nbsp;est\u00e1n :<\/p>\n\n\n\n<p>Puerto Plata<br>Duarte<br>Hato Mayor<br>El Seibo<br>Mar\u00eda Trinidad S\u00e1nchez<br>Monte Plata<br>La Altagracia<br>La Vega<br>Santiago Rodr\u00edguez<br>Dajab\u00f3n<br>Monte Cristi<br>Hermanas Mirabal<br>Espaillat<br>Saman\u00e1 &nbsp;<br>Monse\u00f1or Nouel<br>Santiago<br>S\u00e1nchez Ram\u00edrez<br>Valverde<\/p>\n\n\n\n<p>El COE  recomienda a las personas abstenerse de cruzar r\u00edos, arroyos y ca\u00f1adas que presenten alto vol\u00famenes de agua y no hacer uso de balnearios (r\u00edos), en las provincias bajo alerta.<\/p>\n\n\n\n<p>De igual modo  exhorta a la poblaci\u00f3n y a organismos de primera respuesta de las costas Caribe\u00f1a y Atl\u00e1ntica &nbsp;darle un estricto seguimiento a la restricci\u00f3n contenida en el informe marino de la @onamet_rdo.<\/p>\n\n\n\n<p>Comunicaciones e Informaci\u00f3n Digital COE<a target=\"_blank\" href=\"mailto:cdigitalcoe@gmail.com\" rel=\"noreferrer noopener\">cdigitalcoe@gmail.com<\/a><\/p>\n","protected":false},"excerpt":{"rendered":"<p>Santo Domingo, RD. El COE inform\u00f3 la tarde del lunes mantiene 32 provincias en alerta por posibles crecidas de r\u00edos, arroyos y ca\u00f1adas, as\u00ed como inundaciones repentinas o urbanas. Del conjunto de provincias 14 tienen aviso de alerta roja y 18 est\u00e1n en alerta amarilla. por posibles crecidas de r\u00edos, arroyos y ca\u00f1adas, as\u00ed como [&hellip;]<\/p>\n","protected":false},"author":28,"featured_media":465433,"comment_status":"closed","ping_status":"","sticky":true,"template":"","format":"standard","meta":{"footnotes":""},"categories":[20,27,32],"tags":[],"class_list":["post-465432","post","type-post","status-publish","format-standard","has-post-thumbnail","hentry","category-dominicana-hoy","category-portada","category-turismo"],"_links":{"self":[{"href":"https:\/\/diariodominicano.com\/index.php?rest_route=\/wp\/v2\/posts\/465432","targetHints":{"allow":["GET"]}}],"collection":[{"href":"https:\/\/diariodominicano.com\/index.php?rest_route=\/wp\/v2\/posts"}],"about":[{"href":"https:\/\/diariodominicano.com\/index.php?rest_route=\/wp\/v2\/types\/post"}],"author":[{"embeddable":true,"href":"https:\/\/diariodominicano.com\/index.php?rest_route=\/wp\/v2\/users\/28"}],"replies":[{"embeddable":true,"href":"https:\/\/diariodominicano.com\/index.php?rest_route=%2Fwp%2Fv2%2Fcomments&post=465432"}],"version-history":[{"count":2,"href":"https:\/\/diariodominicano.com\/index.php?rest_route=\/wp\/v2\/posts\/465432\/revisions"}],"predecessor-version":[{"id":465484,"href":"https:\/\/diariodominicano.com\/index.php?rest_route=\/wp\/v2\/posts\/465432\/revisions\/465484"}],"wp:featuredmedia":[{"embeddable":true,"href":"https:\/\/diariodominicano.com\/index.php?rest_route=\/wp\/v2\/media\/465433"}],"wp:attachment":[{"href":"https:\/\/diariodominicano.com\/index.php?rest_route=%2Fwp%2Fv2%2Fmedia&parent=465432"}],"wp:term":[{"taxonomy":"category","embeddable":true,"href":"https:\/\/diariodominicano.com\/index.php?rest_route=%2Fwp%2Fv2%2Fcategories&post=465432"},{"taxonomy":"post_tag","embeddable":true,"href":"https:\/\/diariodominicano.com\/index.php?rest_route=%2Fwp%2Fv2%2Ftags&post=465432"}],"curies":[{"name":"wp","href":"https:\/\/api.w.org\/{rel}","templated":true}]}}