{"id":465328,"date":"2023-08-21T01:46:23","date_gmt":"2023-08-21T05:46:23","guid":{"rendered":"http:\/\/diariodominicano.com\/?p=465328"},"modified":"2023-08-21T01:50:05","modified_gmt":"2023-08-21T05:50:05","slug":"estados-unidos-se-impone-a-canada-en-la-copa-final-six","status":"publish","type":"post","link":"https:\/\/diariodominicano.com\/?p=465328","title":{"rendered":"Estados Unidos se impone a Canad\u00e1 en la Copa Final Six\u00a0\u00a0"},"content":{"rendered":"\n<p><\/p>\n\n\n\n<figure class=\"wp-block-image size-large\"><img loading=\"lazy\" decoding=\"async\" width=\"1024\" height=\"685\" src=\"https:\/\/diariodominicano.com\/wp-content\/uploads\/2023\/08\/USA-01-1024x685.jpg\" alt=\"\" class=\"wp-image-465336\" srcset=\"https:\/\/diariodominicano.com\/wp-content\/uploads\/2023\/08\/USA-01-1024x685.jpg 1024w, https:\/\/diariodominicano.com\/wp-content\/uploads\/2023\/08\/USA-01-300x201.jpg 300w, https:\/\/diariodominicano.com\/wp-content\/uploads\/2023\/08\/USA-01-768x513.jpg 768w, https:\/\/diariodominicano.com\/wp-content\/uploads\/2023\/08\/USA-01-1536x1027.jpg 1536w, https:\/\/diariodominicano.com\/wp-content\/uploads\/2023\/08\/USA-01-2048x1369.jpg 2048w, https:\/\/diariodominicano.com\/wp-content\/uploads\/2023\/08\/USA-01-816x546.jpg 816w\" sizes=\"auto, (max-width: 1024px) 100vw, 1024px\" \/><\/figure>\n\n\n\n<figure class=\"wp-block-image size-large\"><img loading=\"lazy\" decoding=\"async\" width=\"1024\" height=\"685\" src=\"https:\/\/diariodominicano.com\/wp-content\/uploads\/2023\/08\/TAYLOR-MIMS-39USA-01-1024x685.jpg\" alt=\"\" class=\"wp-image-465330\" srcset=\"https:\/\/diariodominicano.com\/wp-content\/uploads\/2023\/08\/TAYLOR-MIMS-39USA-01-1024x685.jpg 1024w, https:\/\/diariodominicano.com\/wp-content\/uploads\/2023\/08\/TAYLOR-MIMS-39USA-01-300x201.jpg 300w, https:\/\/diariodominicano.com\/wp-content\/uploads\/2023\/08\/TAYLOR-MIMS-39USA-01-768x513.jpg 768w, https:\/\/diariodominicano.com\/wp-content\/uploads\/2023\/08\/TAYLOR-MIMS-39USA-01-1536x1027.jpg 1536w, https:\/\/diariodominicano.com\/wp-content\/uploads\/2023\/08\/TAYLOR-MIMS-39USA-01-2048x1369.jpg 2048w, https:\/\/diariodominicano.com\/wp-content\/uploads\/2023\/08\/TAYLOR-MIMS-39USA-01-816x546.jpg 816w\" sizes=\"auto, (max-width: 1024px) 100vw, 1024px\" \/><\/figure>\n\n\n\n<figure class=\"wp-block-image size-large\"><img loading=\"lazy\" decoding=\"async\" width=\"1024\" height=\"685\" src=\"https:\/\/diariodominicano.com\/wp-content\/uploads\/2023\/08\/AVERY-HEPPELL-21CAN-1024x685.jpg\" alt=\"\" class=\"wp-image-465333\" srcset=\"https:\/\/diariodominicano.com\/wp-content\/uploads\/2023\/08\/AVERY-HEPPELL-21CAN-1024x685.jpg 1024w, https:\/\/diariodominicano.com\/wp-content\/uploads\/2023\/08\/AVERY-HEPPELL-21CAN-300x201.jpg 300w, https:\/\/diariodominicano.com\/wp-content\/uploads\/2023\/08\/AVERY-HEPPELL-21CAN-768x513.jpg 768w, https:\/\/diariodominicano.com\/wp-content\/uploads\/2023\/08\/AVERY-HEPPELL-21CAN-1536x1027.jpg 1536w, https:\/\/diariodominicano.com\/wp-content\/uploads\/2023\/08\/AVERY-HEPPELL-21CAN-2048x1369.jpg 2048w, https:\/\/diariodominicano.com\/wp-content\/uploads\/2023\/08\/AVERY-HEPPELL-21CAN-816x546.jpg 816w\" sizes=\"auto, (max-width: 1024px) 100vw, 1024px\" \/><\/figure>\n\n\n\n<p>Santo Domingo,  RD.-  El sexteto de Estados Unidos se impuso 3-0 (25-16,25-11, 25-15 al de Canad\u00e1 en la jornada inaugural de la Copa Final Six Norceca, que se realiza desde este domingo hasta el pr\u00f3ximo s\u00e1bado en el Palacio del Voleibol Ricardo Gioriver Arias, del Centro Ol\u00edmpico Juan Pablo Duarte.&nbsp;<\/p>\n\n\n\n<p>Estados Unidos (1-0) jugar\u00e1 este lunes contra Puerto Rico (0-1), que en su primera presentaci\u00f3n cay\u00f3 ante Cuba en tres sets.&nbsp;<\/p>\n\n\n\n<figure class=\"wp-block-image size-large\"><img loading=\"lazy\" decoding=\"async\" width=\"1024\" height=\"685\" src=\"https:\/\/diariodominicano.com\/wp-content\/uploads\/2023\/08\/TAYLOR-MIMS-39USA-02-1024x685.jpg\" alt=\"\" class=\"wp-image-465334\" srcset=\"https:\/\/diariodominicano.com\/wp-content\/uploads\/2023\/08\/TAYLOR-MIMS-39USA-02-1024x685.jpg 1024w, https:\/\/diariodominicano.com\/wp-content\/uploads\/2023\/08\/TAYLOR-MIMS-39USA-02-300x201.jpg 300w, https:\/\/diariodominicano.com\/wp-content\/uploads\/2023\/08\/TAYLOR-MIMS-39USA-02-768x513.jpg 768w, https:\/\/diariodominicano.com\/wp-content\/uploads\/2023\/08\/TAYLOR-MIMS-39USA-02-1536x1027.jpg 1536w, https:\/\/diariodominicano.com\/wp-content\/uploads\/2023\/08\/TAYLOR-MIMS-39USA-02-2048x1369.jpg 2048w, https:\/\/diariodominicano.com\/wp-content\/uploads\/2023\/08\/TAYLOR-MIMS-39USA-02-816x546.jpg 816w\" sizes=\"auto, (max-width: 1024px) 100vw, 1024px\" \/><\/figure>\n\n\n\n<p>Por su lado, Canad\u00e1 (0-1) enfrentar\u00e1 a M\u00e9xico en un juego que iniciar\u00e1 a las tres de la tarde, el primero de la segunda fecha del evento que re\u00fane a seis naciones.&nbsp;<\/p>\n\n\n\n<p>Un bloqueo de la central Serena Gray a la salidora Gabrielle Attieh les dio a las estadounidenses una considerable ventaja de ocho puntos (20-12) en un primer set que terminaron ganando 25-16.&nbsp;<\/p>\n\n\n\n<p>En el segundo parcial salieron con todo y puerta y se fueron adelante 5-1, margen de cuatro puntos que mantuvieron en el tiempo t\u00e9cnico (8-4) y el resto del mismo.&nbsp;<\/p>\n\n\n\n<p>Las canadienses subieron su nivel de juego en el tercero al punto de que se colocaron debajo por solo un punto (13-14), pero otra vez la defensa \u00e1rea de Gray se dej\u00f3 sentir al detener un remate de zaguero ejecutado por Jasmine Rivest que dio ventaja de dos Estados Unidos&nbsp;(15-13).&nbsp;<\/p>\n\n\n\n<p>Con el partido 18-15, las norteamericanas hicieron un rally de siete que le puso fin al cotejo.&nbsp;<\/p>\n\n\n\n<p>Mims Taylor lider\u00f3 la ofensiva por las ganadoras con 15 puntos, 12 en ataque y tres bloqueos. Sara Parsons y Gray sumaron nueve cada una.&nbsp;<\/p>\n\n\n\n<p>Por Canad\u00e1, Sydney Grills tuvo ocho, Attieh siete y Rivest sum\u00f3 seis.&nbsp;<\/p>\n\n\n\n<p>PRENSA Norceca Panam Final 6<a target=\"_blank\" href=\"mailto:prensapanamfinal62023@gmail.com\" rel=\"noreferrer noopener\">prensapanamfinal62023@gm<\/a><\/p>\n","protected":false},"excerpt":{"rendered":"<p>Santo Domingo, RD.- El sexteto de Estados Unidos se impuso 3-0 (25-16,25-11, 25-15 al de Canad\u00e1 en la jornada inaugural de la Copa Final Six Norceca, que se realiza desde este domingo hasta el pr\u00f3ximo s\u00e1bado en el Palacio del Voleibol Ricardo Gioriver Arias, del Centro Ol\u00edmpico Juan Pablo Duarte.&nbsp; Estados Unidos (1-0) jugar\u00e1 este [&hellip;]<\/p>\n","protected":false},"author":28,"featured_media":465329,"comment_status":"closed","ping_status":"","sticky":false,"template":"","format":"standard","meta":{"footnotes":""},"categories":[17,32],"tags":[],"class_list":["post-465328","post","type-post","status-publish","format-standard","has-post-thumbnail","hentry","category-deportes","category-turismo"],"_links":{"self":[{"href":"https:\/\/diariodominicano.com\/index.php?rest_route=\/wp\/v2\/posts\/465328","targetHints":{"allow":["GET"]}}],"collection":[{"href":"https:\/\/diariodominicano.com\/index.php?rest_route=\/wp\/v2\/posts"}],"about":[{"href":"https:\/\/diariodominicano.com\/index.php?rest_route=\/wp\/v2\/types\/post"}],"author":[{"embeddable":true,"href":"https:\/\/diariodominicano.com\/index.php?rest_route=\/wp\/v2\/users\/28"}],"replies":[{"embeddable":true,"href":"https:\/\/diariodominicano.com\/index.php?rest_route=%2Fwp%2Fv2%2Fcomments&post=465328"}],"version-history":[{"count":4,"href":"https:\/\/diariodominicano.com\/index.php?rest_route=\/wp\/v2\/posts\/465328\/revisions"}],"predecessor-version":[{"id":465338,"href":"https:\/\/diariodominicano.com\/index.php?rest_route=\/wp\/v2\/posts\/465328\/revisions\/465338"}],"wp:featuredmedia":[{"embeddable":true,"href":"https:\/\/diariodominicano.com\/index.php?rest_route=\/wp\/v2\/media\/465329"}],"wp:attachment":[{"href":"https:\/\/diariodominicano.com\/index.php?rest_route=%2Fwp%2Fv2%2Fmedia&parent=465328"}],"wp:term":[{"taxonomy":"category","embeddable":true,"href":"https:\/\/diariodominicano.com\/index.php?rest_route=%2Fwp%2Fv2%2Fcategories&post=465328"},{"taxonomy":"post_tag","embeddable":true,"href":"https:\/\/diariodominicano.com\/index.php?rest_route=%2Fwp%2Fv2%2Ftags&post=465328"}],"curies":[{"name":"wp","href":"https:\/\/api.w.org\/{rel}","templated":true}]}}