{"id":465243,"date":"2023-08-21T00:17:14","date_gmt":"2023-08-21T04:17:14","guid":{"rendered":"http:\/\/diariodominicano.com\/?p=465243"},"modified":"2023-08-21T00:18:19","modified_gmt":"2023-08-21T04:18:19","slug":"atlantico-fc-se-sacude-y-vence-3-1-a-om-fc-en-la-septima-jornada-de-la-liguilla-ldf","status":"publish","type":"post","link":"https:\/\/diariodominicano.com\/?p=465243","title":{"rendered":"Atl\u00e1ntico FC se sacude y vence 3-1 a O&#038;M FC en la s\u00e9ptima jornada de La Liguilla LDF"},"content":{"rendered":"\n<p>LA VEGA, RD.- Con goles de Leonardo Becerra, Aniel Rojas y Eduardo Montenegro, Atl\u00e1ntico FC logr\u00f3 un importante triunfo 3-1 ante O&amp;M FC en partido celebrado este domingo en el estadio El Condor de esta ciudad y como parte de la jornada siete de la liguilla en la LDF 2023.<\/p>\n\n\n\n<figure class=\"wp-block-image size-large\"><img loading=\"lazy\" decoding=\"async\" width=\"1024\" height=\"1024\" src=\"https:\/\/diariodominicano.com\/wp-content\/uploads\/2023\/08\/347632601_236118539040668_2242438875282093040_n-1024x1024.jpg\" alt=\"\" class=\"wp-image-465246\" srcset=\"https:\/\/diariodominicano.com\/wp-content\/uploads\/2023\/08\/347632601_236118539040668_2242438875282093040_n-1024x1024.jpg 1024w, https:\/\/diariodominicano.com\/wp-content\/uploads\/2023\/08\/347632601_236118539040668_2242438875282093040_n-300x300.jpg 300w, https:\/\/diariodominicano.com\/wp-content\/uploads\/2023\/08\/347632601_236118539040668_2242438875282093040_n-150x150.jpg 150w, https:\/\/diariodominicano.com\/wp-content\/uploads\/2023\/08\/347632601_236118539040668_2242438875282093040_n-768x767.jpg 768w, https:\/\/diariodominicano.com\/wp-content\/uploads\/2023\/08\/347632601_236118539040668_2242438875282093040_n-88x88.jpg 88w, https:\/\/diariodominicano.com\/wp-content\/uploads\/2023\/08\/347632601_236118539040668_2242438875282093040_n-816x815.jpg 816w, https:\/\/diariodominicano.com\/wp-content\/uploads\/2023\/08\/347632601_236118539040668_2242438875282093040_n.jpg 1440w\" sizes=\"auto, (max-width: 1024px) 100vw, 1024px\" \/><\/figure>\n\n\n\n<figure class=\"wp-block-image size-large\"><img loading=\"lazy\" decoding=\"async\" width=\"1024\" height=\"1024\" src=\"https:\/\/diariodominicano.com\/wp-content\/uploads\/2023\/08\/352210430_772394307760543_4293053981652509966_n-1024x1024.jpg\" alt=\"\" class=\"wp-image-465249\" srcset=\"https:\/\/diariodominicano.com\/wp-content\/uploads\/2023\/08\/352210430_772394307760543_4293053981652509966_n-1024x1024.jpg 1024w, https:\/\/diariodominicano.com\/wp-content\/uploads\/2023\/08\/352210430_772394307760543_4293053981652509966_n-300x300.jpg 300w, https:\/\/diariodominicano.com\/wp-content\/uploads\/2023\/08\/352210430_772394307760543_4293053981652509966_n-150x150.jpg 150w, https:\/\/diariodominicano.com\/wp-content\/uploads\/2023\/08\/352210430_772394307760543_4293053981652509966_n-768x768.jpg 768w, https:\/\/diariodominicano.com\/wp-content\/uploads\/2023\/08\/352210430_772394307760543_4293053981652509966_n-88x88.jpg 88w, https:\/\/diariodominicano.com\/wp-content\/uploads\/2023\/08\/352210430_772394307760543_4293053981652509966_n-816x816.jpg 816w, https:\/\/diariodominicano.com\/wp-content\/uploads\/2023\/08\/352210430_772394307760543_4293053981652509966_n.jpg 1440w\" sizes=\"auto, (max-width: 1024px) 100vw, 1024px\" \/><\/figure>\n\n\n\n<p>El triunfo cort\u00f3 una racha de tres partidos sin ganar para el equipo de Puerto Plata..<\/p>\n\n\n\n<p>\u00b4\u00b4La M\u00e1quina Azul\u00b4\u00b4 abri\u00f3 el marcador al minuto 17\u00b4, Leonardo \u00b4\u00b4El Matador\u00b4\u00b4 Becerra de cabeza aprovech\u00f3 un servicio que venci\u00f3 al portero rival para su gol 14 del torneo (l\u00edder) y poner el 1-0.<\/p>\n\n\n\n<p>Al minuto 36\u00b4, otro delantero de Atl\u00e1ntico, Aniel Rojas, con su velocidad pondr\u00eda el 2-0.&nbsp; Gracias a la habilitaci\u00f3n de Eduardo Montenegro, Rojas con su r\u00e1pidas piernas se avanz\u00f3 con el bal\u00f3n quedando de frente al portero, al cual venci\u00f3 con un disparo al segundo palo.<\/p>\n\n\n\n<p>Los universitarios descontaron dos minutos m\u00e1s tarde con un gol de Kensy Guerrero para concluir la primera mitad 2-1 a favor de los de Puerto Plata.<\/p>\n\n\n\n<figure class=\"wp-block-image size-large\"><img loading=\"lazy\" decoding=\"async\" width=\"1024\" height=\"1024\" src=\"https:\/\/diariodominicano.com\/wp-content\/uploads\/2023\/08\/350777944_781350803538996_5285256582033794269_n-1024x1024.jpg\" alt=\"\" class=\"wp-image-465250\" srcset=\"https:\/\/diariodominicano.com\/wp-content\/uploads\/2023\/08\/350777944_781350803538996_5285256582033794269_n-1024x1024.jpg 1024w, https:\/\/diariodominicano.com\/wp-content\/uploads\/2023\/08\/350777944_781350803538996_5285256582033794269_n-300x300.jpg 300w, https:\/\/diariodominicano.com\/wp-content\/uploads\/2023\/08\/350777944_781350803538996_5285256582033794269_n-150x150.jpg 150w, https:\/\/diariodominicano.com\/wp-content\/uploads\/2023\/08\/350777944_781350803538996_5285256582033794269_n-768x768.jpg 768w, https:\/\/diariodominicano.com\/wp-content\/uploads\/2023\/08\/350777944_781350803538996_5285256582033794269_n-88x88.jpg 88w, https:\/\/diariodominicano.com\/wp-content\/uploads\/2023\/08\/350777944_781350803538996_5285256582033794269_n-816x816.jpg 816w, https:\/\/diariodominicano.com\/wp-content\/uploads\/2023\/08\/350777944_781350803538996_5285256582033794269_n.jpg 1440w\" sizes=\"auto, (max-width: 1024px) 100vw, 1024px\" \/><\/figure>\n\n\n\n<p>&nbsp;El emocionante partido continu\u00f3 en la segunda mitad con un O&amp;M agresivo en el ataque. Consiguieron var\u00edas llegadas pero fueron detenidos por espectaculares atajadas del portero de Atl\u00e1ntico, Jaime Villalba.<\/p>\n\n\n\n<p>La cereza al pastel la puso Eduardo Montenegro, cuando al minuto 81 gan\u00f3 un bal\u00f3n al borde del \u00e1rea y le peg\u00f3 de media chilena para el golazo que puso el 3-1 definitivo.<\/p>\n\n\n\n<p>La victoria suma 8 puntos y vuelve a meter a los azules entre los 4 clasificados restando 3 jornadas.<\/p>\n\n\n\n<p>Prensa Atl\u00e1ntico FC<\/p>\n\n\n\n<p>Fotos Alfonso Conde<\/p>\n","protected":false},"excerpt":{"rendered":"<p>LA VEGA, RD.- Con goles de Leonardo Becerra, Aniel Rojas y Eduardo Montenegro, Atl\u00e1ntico FC logr\u00f3 un importante triunfo 3-1 ante O&amp;M FC en partido celebrado este domingo en el estadio El Condor de esta ciudad y como parte de la jornada siete de la liguilla en la LDF 2023. El triunfo cort\u00f3 una racha [&hellip;]<\/p>\n","protected":false},"author":28,"featured_media":465244,"comment_status":"closed","ping_status":"","sticky":false,"template":"","format":"standard","meta":{"footnotes":""},"categories":[17,32],"tags":[],"class_list":["post-465243","post","type-post","status-publish","format-standard","has-post-thumbnail","hentry","category-deportes","category-turismo"],"_links":{"self":[{"href":"https:\/\/diariodominicano.com\/index.php?rest_route=\/wp\/v2\/posts\/465243","targetHints":{"allow":["GET"]}}],"collection":[{"href":"https:\/\/diariodominicano.com\/index.php?rest_route=\/wp\/v2\/posts"}],"about":[{"href":"https:\/\/diariodominicano.com\/index.php?rest_route=\/wp\/v2\/types\/post"}],"author":[{"embeddable":true,"href":"https:\/\/diariodominicano.com\/index.php?rest_route=\/wp\/v2\/users\/28"}],"replies":[{"embeddable":true,"href":"https:\/\/diariodominicano.com\/index.php?rest_route=%2Fwp%2Fv2%2Fcomments&post=465243"}],"version-history":[{"count":4,"href":"https:\/\/diariodominicano.com\/index.php?rest_route=\/wp\/v2\/posts\/465243\/revisions"}],"predecessor-version":[{"id":465251,"href":"https:\/\/diariodominicano.com\/index.php?rest_route=\/wp\/v2\/posts\/465243\/revisions\/465251"}],"wp:featuredmedia":[{"embeddable":true,"href":"https:\/\/diariodominicano.com\/index.php?rest_route=\/wp\/v2\/media\/465244"}],"wp:attachment":[{"href":"https:\/\/diariodominicano.com\/index.php?rest_route=%2Fwp%2Fv2%2Fmedia&parent=465243"}],"wp:term":[{"taxonomy":"category","embeddable":true,"href":"https:\/\/diariodominicano.com\/index.php?rest_route=%2Fwp%2Fv2%2Fcategories&post=465243"},{"taxonomy":"post_tag","embeddable":true,"href":"https:\/\/diariodominicano.com\/index.php?rest_route=%2Fwp%2Fv2%2Ftags&post=465243"}],"curies":[{"name":"wp","href":"https:\/\/api.w.org\/{rel}","templated":true}]}}