{"id":465199,"date":"2023-08-20T18:37:58","date_gmt":"2023-08-20T22:37:58","guid":{"rendered":"http:\/\/diariodominicano.com\/?p=465199"},"modified":"2023-08-21T00:34:43","modified_gmt":"2023-08-21T04:34:43","slug":"fundacion-eduardo-leon-jimenes-y-fundacion-sinfonia-celebraran-la-gala-de-ganadores-van-cliburn-2023","status":"publish","type":"post","link":"https:\/\/diariodominicano.com\/?p=465199","title":{"rendered":"Fundaci\u00f3n Eduardo Le\u00f3n Jimenes y Fundaci\u00f3n Sinfon\u00eda celebrar\u00e1n la Gala de Ganadores Van Cliburn 2023"},"content":{"rendered":"\n<p> Yunchan Lim (Corea del Sur, medalla de oro) <\/p>\n\n\n\n<p><em>El evento, que ya es tradici\u00f3n en el pa\u00eds, presentar\u00e1 en un mismo escenario<\/em><\/p>\n\n\n\n<p><em>a los tres ganadores de esta prestigiosa competencia internacional.&nbsp;<\/em><\/p>\n\n\n\n<figure class=\"wp-block-image size-large\"><img loading=\"lazy\" decoding=\"async\" width=\"712\" height=\"1024\" src=\"https:\/\/diariodominicano.com\/wp-content\/uploads\/2023\/08\/Anna-Geniushene-Plata-712x1024.jpg\" alt=\"\" class=\"wp-image-465201\" srcset=\"https:\/\/diariodominicano.com\/wp-content\/uploads\/2023\/08\/Anna-Geniushene-Plata-712x1024.jpg 712w, https:\/\/diariodominicano.com\/wp-content\/uploads\/2023\/08\/Anna-Geniushene-Plata-209x300.jpg 209w, https:\/\/diariodominicano.com\/wp-content\/uploads\/2023\/08\/Anna-Geniushene-Plata-768x1105.jpg 768w, https:\/\/diariodominicano.com\/wp-content\/uploads\/2023\/08\/Anna-Geniushene-Plata-1068x1536.jpg 1068w, https:\/\/diariodominicano.com\/wp-content\/uploads\/2023\/08\/Anna-Geniushene-Plata-1424x2048.jpg 1424w, https:\/\/diariodominicano.com\/wp-content\/uploads\/2023\/08\/Anna-Geniushene-Plata-816x1174.jpg 816w, https:\/\/diariodominicano.com\/wp-content\/uploads\/2023\/08\/Anna-Geniushene-Plata.jpg 1780w\" sizes=\"auto, (max-width: 712px) 100vw, 712px\" \/><figcaption> Anna Geniushene (Rusia, medalla de plata) <\/figcaption><\/figure>\n\n\n\n<figure class=\"wp-block-image size-large\"><img loading=\"lazy\" decoding=\"async\" width=\"683\" height=\"1024\" src=\"https:\/\/diariodominicano.com\/wp-content\/uploads\/2023\/08\/Dmytro-Choni-Bronce-683x1024.jpg\" alt=\"\" class=\"wp-image-465205\" srcset=\"https:\/\/diariodominicano.com\/wp-content\/uploads\/2023\/08\/Dmytro-Choni-Bronce-683x1024.jpg 683w, https:\/\/diariodominicano.com\/wp-content\/uploads\/2023\/08\/Dmytro-Choni-Bronce-200x300.jpg 200w, https:\/\/diariodominicano.com\/wp-content\/uploads\/2023\/08\/Dmytro-Choni-Bronce-768x1152.jpg 768w, https:\/\/diariodominicano.com\/wp-content\/uploads\/2023\/08\/Dmytro-Choni-Bronce-1024x1536.jpg 1024w, https:\/\/diariodominicano.com\/wp-content\/uploads\/2023\/08\/Dmytro-Choni-Bronce-1366x2048.jpg 1366w, https:\/\/diariodominicano.com\/wp-content\/uploads\/2023\/08\/Dmytro-Choni-Bronce-816x1224.jpg 816w, https:\/\/diariodominicano.com\/wp-content\/uploads\/2023\/08\/Dmytro-Choni-Bronce.jpg 1707w\" sizes=\"auto, (max-width: 683px) 100vw, 683px\" \/><figcaption>Dmytro Choni (Ucrania, medalla de bronce)<\/figcaption><\/figure>\n\n\n\n<p><br>La Fundaci\u00f3n Eduardo Le\u00f3n Jimenes y la Fundaci\u00f3n Sinfon\u00eda celebrar\u00e1n la octava edici\u00f3n de la Gala de Ganadores del Concurso Internacional de Piano Van Cliburn, que este 2023 celebra 30 a\u00f1os ofreciendo al p\u00fablico dominicano, de manera ininterrumpida cada cuatro a\u00f1os, m\u00fasica de la m\u00e1s alta calidad, y reafirma el compromiso de ambas instituciones con el arte y la cultura.&nbsp;<\/p>\n\n\n\n<p><br>La Rep\u00fablica Dominicana tiene el privilegio de ser el \u00fanico pa\u00eds que re\u00fane en un mismo escenario a los ganadores de este concurso, y este a\u00f1o no ser\u00e1 la excepci\u00f3n. <\/p>\n\n\n\n<p>El pr\u00f3ximo mi\u00e9rcoles 13 de septiembre, a las 8:00 p. m., se presentar\u00e1n en la Sala Carlos Piantini del Teatro Nacional Eduardo Brito los virtuosos del piano: Yunchan Lim (Corea del Sur, medalla de oro), Anna Geniushene (Rusia, medalla de plata) y Dmytro Choni (Ucrania, medalla de bronce), acompa\u00f1ados por la Orquesta Sinf\u00f3nica Nacional, bajo la direcci\u00f3n del maestro Jos\u00e9 Antonio Molina.<\/p>\n\n\n\n<figure class=\"wp-block-image size-large is-resized\"><img loading=\"lazy\" decoding=\"async\" src=\"https:\/\/diariodominicano.com\/wp-content\/uploads\/2023\/08\/Ganadores-Van-Cliburn-2-1024x698.jpg\" alt=\"\" class=\"wp-image-465206\" width=\"615\" height=\"419\" srcset=\"https:\/\/diariodominicano.com\/wp-content\/uploads\/2023\/08\/Ganadores-Van-Cliburn-2-1024x698.jpg 1024w, https:\/\/diariodominicano.com\/wp-content\/uploads\/2023\/08\/Ganadores-Van-Cliburn-2-300x205.jpg 300w, https:\/\/diariodominicano.com\/wp-content\/uploads\/2023\/08\/Ganadores-Van-Cliburn-2-768x524.jpg 768w, https:\/\/diariodominicano.com\/wp-content\/uploads\/2023\/08\/Ganadores-Van-Cliburn-2-1536x1048.jpg 1536w, https:\/\/diariodominicano.com\/wp-content\/uploads\/2023\/08\/Ganadores-Van-Cliburn-2-2048x1397.jpg 2048w, https:\/\/diariodominicano.com\/wp-content\/uploads\/2023\/08\/Ganadores-Van-Cliburn-2-816x557.jpg 816w\" sizes=\"auto, (max-width: 615px) 100vw, 615px\" \/><figcaption>Ganadores Van Cliburn <\/figcaption><\/figure>\n\n\n\n<p><br>Para la ocasi\u00f3n se ha seleccionado un programa de lujo: el Concierto en La menor, de Robert Schumann; el Concierto No. 1 en Si bemol menor, de Piotr I. Chaikovski; y el Concierto No. 3 en Do menor, de Ludwig van Beethoven.&nbsp;<\/p>\n\n\n\n<figure class=\"wp-block-image size-large\"><img loading=\"lazy\" decoding=\"async\" width=\"1024\" height=\"683\" src=\"https:\/\/diariodominicano.com\/wp-content\/uploads\/2023\/08\/Ganadores-Van-Cliburn-1024x683.jpg\" alt=\"\" class=\"wp-image-465208\" srcset=\"https:\/\/diariodominicano.com\/wp-content\/uploads\/2023\/08\/Ganadores-Van-Cliburn-1024x683.jpg 1024w, https:\/\/diariodominicano.com\/wp-content\/uploads\/2023\/08\/Ganadores-Van-Cliburn-300x200.jpg 300w, https:\/\/diariodominicano.com\/wp-content\/uploads\/2023\/08\/Ganadores-Van-Cliburn-768x512.jpg 768w, https:\/\/diariodominicano.com\/wp-content\/uploads\/2023\/08\/Ganadores-Van-Cliburn-1536x1024.jpg 1536w, https:\/\/diariodominicano.com\/wp-content\/uploads\/2023\/08\/Ganadores-Van-Cliburn-2048x1365.jpg 2048w, https:\/\/diariodominicano.com\/wp-content\/uploads\/2023\/08\/Ganadores-Van-Cliburn-816x544.jpg 816w\" sizes=\"auto, (max-width: 1024px) 100vw, 1024px\" \/><figcaption>Ganadores Van Cliburn <\/figcaption><\/figure>\n\n\n\n<p><br>En esta gala, los int\u00e9rpretes invitados estrenar\u00e1n un nuevo piano de cola modelo D de la casa Steinway &amp; Sons en el Teatro Nacional, que por segunda vez, E. Le\u00f3n Jimenes estar\u00e1 donando al recinto cultural. Este piano representa el est\u00e1ndar internacional en las salas de conciertos del mundo, construido por una firma que es sin\u00f3nimo de tradici\u00f3n gracias a sus m\u00e1s de 160 a\u00f1os de existencia.&nbsp;<\/p>\n\n\n\n<p><br>\u201cEl Concurso Internacional de Piano Van Cliburn honra el legado del pianista norteamericano Van Cliburn, quien durante su participaci\u00f3n en el Concurso Internacional de Piano Chaikovski de Mosc\u00fa (1958), en plena Guerra Fr\u00eda, cautiv\u00f3 al p\u00fablico e inspir\u00f3 a un grupo de maestros de m\u00fasica y ciudadanos de Fort Worth (Texas, EE. UU.) a establecer un concurso en su nombre\u201d, explica Margarita Miranda de Mitrov, presidente de la Fundaci\u00f3n Sinfon\u00eda. Desde entonces, atrae a j\u00f3venes pianistas de todo el mundo y se ha logrado convertir en una exitosa iniciativa que celebra la m\u00fasica pian\u00edstica universal.&nbsp;<\/p>\n\n\n\n<p><br>\u201cDada su impronta, en el a\u00f1o 1993 la Fundaci\u00f3n Sinfon\u00eda sugiri\u00f3 a E. Le\u00f3n Jimenes celebrar su 90 aniversario con un concierto que presentar\u00e1 a los ganadores de este reconocido concurso\u201d, expone sobre la g\u00e9nesis de esta presentaci\u00f3n \u00fanica en el pa\u00eds, Mar\u00eda Amalia Le\u00f3n, presidente de la Fundaci\u00f3n Eduardo Le\u00f3n Jimenes. \u201cEs un evento muy esperado cada cuatro a\u00f1os por el p\u00fablico dominicano, que acude con el mismo entusiasmo de su primera entrega. Para nosotros es una satisfacci\u00f3n el poder contribuir al desarrollo de nuestra cultura, y, sobre todo, una responsabilidad, un compromiso con nuestra naci\u00f3n\u201d, a\u00f1ade la doctora Le\u00f3n.<\/p>\n\n\n\n<p>Este a\u00f1o, como un regalo a la ciudad de Santiago de los Caballeros y zonas circundantes, el concierto ser\u00e1 transmitido en vivo en el auditorio del Centro Le\u00f3n, libre de costo con reserva previa.&nbsp;<\/p>\n\n\n\n<p><br>Para ampliar detalles sobre el concierto, programa e int\u00e9rpretes, los interesados pueden acceder a&nbsp;<a rel=\"noreferrer noopener\" href=\"http:\/\/www.galavancliburn.org.do\/\" target=\"_blank\">www.galavancliburn.org.do<\/a>.<\/p>\n\n\n\n<p><br>La gala cuenta con los auspicios de E. Le\u00f3n Jimenes, Cervecer\u00eda Nacional Dominicana, Banco Popular Dominicano, Grupo Propagas, Banco BHD, Ernst &amp; Young, Grupo SID y Citi Private Bank.<\/p>\n\n\n\n<p>Las boletas est\u00e1n a la venta a partir de RD $500 en la Fundaci\u00f3n Sinfon\u00eda,&nbsp;comunic\u00e1ndose al 809-532-6600 y&nbsp;<a rel=\"noreferrer noopener\" href=\"mailto:boleteria@sinfonia.org.do\" target=\"_blank\">boleteria@sinfonia.org.do<\/a>. Tambi\u00e9n&nbsp;en la boleter\u00eda del Teatro Nacional y en Uepa Tickets.<\/p>\n\n\n\n<p>Henry Coradin<a target=\"_blank\" href=\"mailto:henrycoradinrelacionespublicas@gmail.com\" rel=\"noreferrer noopener\">henrycoradinrelacionespublicas@gmail.com<\/a><\/p>\n","protected":false},"excerpt":{"rendered":"<p>Yunchan Lim (Corea del Sur, medalla de oro) El evento, que ya es tradici\u00f3n en el pa\u00eds, presentar\u00e1 en un mismo escenario a los tres ganadores de esta prestigiosa competencia internacional.&nbsp; La Fundaci\u00f3n Eduardo Le\u00f3n Jimenes y la Fundaci\u00f3n Sinfon\u00eda celebrar\u00e1n la octava edici\u00f3n de la Gala de Ganadores del Concurso Internacional de Piano Van [&hellip;]<\/p>\n","protected":false},"author":28,"featured_media":465200,"comment_status":"closed","ping_status":"","sticky":false,"template":"","format":"standard","meta":{"footnotes":""},"categories":[36,32],"tags":[],"class_list":["post-465199","post","type-post","status-publish","format-standard","has-post-thumbnail","hentry","category-hombresmujeresycosas","category-turismo"],"_links":{"self":[{"href":"https:\/\/diariodominicano.com\/index.php?rest_route=\/wp\/v2\/posts\/465199","targetHints":{"allow":["GET"]}}],"collection":[{"href":"https:\/\/diariodominicano.com\/index.php?rest_route=\/wp\/v2\/posts"}],"about":[{"href":"https:\/\/diariodominicano.com\/index.php?rest_route=\/wp\/v2\/types\/post"}],"author":[{"embeddable":true,"href":"https:\/\/diariodominicano.com\/index.php?rest_route=\/wp\/v2\/users\/28"}],"replies":[{"embeddable":true,"href":"https:\/\/diariodominicano.com\/index.php?rest_route=%2Fwp%2Fv2%2Fcomments&post=465199"}],"version-history":[{"count":5,"href":"https:\/\/diariodominicano.com\/index.php?rest_route=\/wp\/v2\/posts\/465199\/revisions"}],"predecessor-version":[{"id":465269,"href":"https:\/\/diariodominicano.com\/index.php?rest_route=\/wp\/v2\/posts\/465199\/revisions\/465269"}],"wp:featuredmedia":[{"embeddable":true,"href":"https:\/\/diariodominicano.com\/index.php?rest_route=\/wp\/v2\/media\/465200"}],"wp:attachment":[{"href":"https:\/\/diariodominicano.com\/index.php?rest_route=%2Fwp%2Fv2%2Fmedia&parent=465199"}],"wp:term":[{"taxonomy":"category","embeddable":true,"href":"https:\/\/diariodominicano.com\/index.php?rest_route=%2Fwp%2Fv2%2Fcategories&post=465199"},{"taxonomy":"post_tag","embeddable":true,"href":"https:\/\/diariodominicano.com\/index.php?rest_route=%2Fwp%2Fv2%2Ftags&post=465199"}],"curies":[{"name":"wp","href":"https:\/\/api.w.org\/{rel}","templated":true}]}}