{"id":465084,"date":"2023-08-20T12:33:26","date_gmt":"2023-08-20T16:33:26","guid":{"rendered":"http:\/\/diariodominicano.com\/?p=465084"},"modified":"2023-08-20T12:34:59","modified_gmt":"2023-08-20T16:34:59","slug":"banco-caribe-mantiene-favorable-su-calificacion-de-riesgo-en-a","status":"publish","type":"post","link":"https:\/\/diariodominicano.com\/?p=465084","title":{"rendered":"Banco Caribe mantiene favorable su calificaci\u00f3n de riesgo en \u201cA-\u00ab"},"content":{"rendered":"\n<p> Fachada de la sede central de Banco Caribe en el sector El Vergel, en Santo Domingo. <\/p>\n\n\n\n<p><em><strong>La calificadora internacional Feller Rate destac\u00f3 el posicionamiento de la marca y la mejor\u00eda de los indicadores de calidad de su cartera de cr\u00e9dito<\/strong><\/em><\/p>\n\n\n\n<figure class=\"wp-block-image size-large\"><img loading=\"lazy\" decoding=\"async\" width=\"683\" height=\"1024\" src=\"https:\/\/diariodominicano.com\/wp-content\/uploads\/2023\/08\/Foto-2-Dennis-Simo-Alvarez-presidente-ejecutivo-de-Banco-Caribe.-683x1024.jpg\" alt=\"\" class=\"wp-image-465085\" srcset=\"https:\/\/diariodominicano.com\/wp-content\/uploads\/2023\/08\/Foto-2-Dennis-Simo-Alvarez-presidente-ejecutivo-de-Banco-Caribe.-683x1024.jpg 683w, https:\/\/diariodominicano.com\/wp-content\/uploads\/2023\/08\/Foto-2-Dennis-Simo-Alvarez-presidente-ejecutivo-de-Banco-Caribe.-200x300.jpg 200w, https:\/\/diariodominicano.com\/wp-content\/uploads\/2023\/08\/Foto-2-Dennis-Simo-Alvarez-presidente-ejecutivo-de-Banco-Caribe.-768x1151.jpg 768w, https:\/\/diariodominicano.com\/wp-content\/uploads\/2023\/08\/Foto-2-Dennis-Simo-Alvarez-presidente-ejecutivo-de-Banco-Caribe.-1025x1536.jpg 1025w, https:\/\/diariodominicano.com\/wp-content\/uploads\/2023\/08\/Foto-2-Dennis-Simo-Alvarez-presidente-ejecutivo-de-Banco-Caribe.-1366x2048.jpg 1366w, https:\/\/diariodominicano.com\/wp-content\/uploads\/2023\/08\/Foto-2-Dennis-Simo-Alvarez-presidente-ejecutivo-de-Banco-Caribe.-816x1223.jpg 816w, https:\/\/diariodominicano.com\/wp-content\/uploads\/2023\/08\/Foto-2-Dennis-Simo-Alvarez-presidente-ejecutivo-de-Banco-Caribe.-scaled.jpg 1708w\" sizes=\"auto, (max-width: 683px) 100vw, 683px\" \/><figcaption> Dennis Sim\u00f3 \u00c1lvarez, presidente ejecutivo de Banco Caribe. <\/figcaption><\/figure>\n\n\n\n<p><strong>Santo Domingo, Rep. Dom.-&nbsp;<\/strong>El Banco M\u00faltiple Caribe Internacional inform\u00f3 que mantuvo la calificaci\u00f3n \u201cA- con perspectivas estables\u201d, otorgada por la calificadora internacional de riesgo Feller Rate, de acuerdo con el \u00faltimo informe semestral de este a\u00f1o.<\/p>\n\n\n\n<p>El presidente ejecutivo de Banco Caribe, Dennis Sim\u00f3 \u00c1lvarez, destac\u00f3 que el informe de la calificadora cita entre las fortalezas de la entidad financiera su buen posicionamiento de marca y relevancia en el financiamiento de veh\u00edculos usados, la adecuada estructura de gesti\u00f3n de riesgo y la mejor\u00eda de los indicadores de calidad de su cartera, sistemas, procesos y estructura organizacional.<\/p>\n\n\n\n<p>Explic\u00f3 adem\u00e1s que la calificadora internacional consider\u00f3 en su informe la diversificaci\u00f3n de la cartera de negocios, la posici\u00f3n de mercado, la estructura y marco de gesti\u00f3n de riesgo, el respaldo patrimonial, el crecimiento y calidad de los activos y los indicadores de fondeo y liquidez.<\/p>\n\n\n\n<p>El informe resalt\u00f3 la importante cuota de mercado de Banco Caribe en el segmento automotriz donde es un actor l\u00edder, alcanzando un 33.6% de participaci\u00f3n entre los bancos m\u00faltiples, situ\u00e1ndose en el primer lugar en el financiamiento de veh\u00edculos usados.&nbsp; Destaca adem\u00e1s el crecimiento de las carteras hipotecaria y comercial en el \u00faltimo a\u00f1o, acorde con su planificaci\u00f3n estrat\u00e9gica.<\/p>\n\n\n\n<p>Precis\u00f3 que los indicadores de calidad de la cartera de cr\u00e9ditos muestran una tendencia positiva, lo que responde a un efectivo control del riesgo en la operaci\u00f3n y a las mejoras en las carteras de cobranza, sosteni\u00e9ndose en niveles hist\u00f3ricamente bajos.<\/p>\n\n\n\n<p>En lo que respecta al crecimiento y calidad de los activos, la entidad registr\u00f3 un avance paulatino del portafolio de pr\u00e9stamos, con un crecimiento en las colocaciones brutas de un 14.4% respecto al 2022, muy por encima de lo registrado por el sector de bancos m\u00faltiples que promedi\u00f3 un aumento de un 9.5%.<\/p>\n\n\n\n<p>Por \u00faltimo, el ejecutivo bancario se\u00f1al\u00f3 la instituci\u00f3n contin\u00faa avanzando en su proceso de transformaci\u00f3n digital que se refleja en una mayor eficiencia en los procesos internos, automatizaci\u00f3n y tecnolog\u00eda de robotizaci\u00f3n, fortaleci\u00e9ndose en los \u00faltimos a\u00f1os en la seguridad cibern\u00e9tica e informaci\u00f3n en el uso de los canales digitales, lo que toma mayor relevancia en un contexto donde las atenciones remotas han ido aumentando.<\/p>\n\n\n\n<p><strong>Sobre Banco Caribe<\/strong><\/p>\n\n\n\n<p>Banco Caribe ha ofrecido por 18 a\u00f1os servicios de banca m\u00faltiple al mercado financiero, manteniendo un crecimiento basado en el enfoque y la constante innovaci\u00f3n, reinvent\u00e1ndose para ofrecer nuevos productos y servicios con un trato personalizado y una experiencia memorable que sobrepase las expectativas de sus clientes.<\/p>\n\n\n\n<p>* * * * * * * * * * * * * * *<br><br>Enver L\u00f3pez Milander <\/p>\n\n\n\n<p>\u00a0 Email:\u00a0<a rel=\"noreferrer noopener\" href=\"mailto:enverolm@gmail.com\" target=\"_blank\">enverolm@gmail.com<\/a><\/p>\n","protected":false},"excerpt":{"rendered":"<p>Fachada de la sede central de Banco Caribe en el sector El Vergel, en Santo Domingo. La calificadora internacional Feller Rate destac\u00f3 el posicionamiento de la marca y la mejor\u00eda de los indicadores de calidad de su cartera de cr\u00e9dito Santo Domingo, Rep. Dom.-&nbsp;El Banco M\u00faltiple Caribe Internacional inform\u00f3 que mantuvo la calificaci\u00f3n \u201cA- con [&hellip;]<\/p>\n","protected":false},"author":28,"featured_media":465089,"comment_status":"closed","ping_status":"","sticky":true,"template":"","format":"standard","meta":{"footnotes":""},"categories":[18,27,32],"tags":[],"class_list":["post-465084","post","type-post","status-publish","format-standard","has-post-thumbnail","hentry","category-economia","category-portada","category-turismo"],"_links":{"self":[{"href":"https:\/\/diariodominicano.com\/index.php?rest_route=\/wp\/v2\/posts\/465084","targetHints":{"allow":["GET"]}}],"collection":[{"href":"https:\/\/diariodominicano.com\/index.php?rest_route=\/wp\/v2\/posts"}],"about":[{"href":"https:\/\/diariodominicano.com\/index.php?rest_route=\/wp\/v2\/types\/post"}],"author":[{"embeddable":true,"href":"https:\/\/diariodominicano.com\/index.php?rest_route=\/wp\/v2\/users\/28"}],"replies":[{"embeddable":true,"href":"https:\/\/diariodominicano.com\/index.php?rest_route=%2Fwp%2Fv2%2Fcomments&post=465084"}],"version-history":[{"count":1,"href":"https:\/\/diariodominicano.com\/index.php?rest_route=\/wp\/v2\/posts\/465084\/revisions"}],"predecessor-version":[{"id":465087,"href":"https:\/\/diariodominicano.com\/index.php?rest_route=\/wp\/v2\/posts\/465084\/revisions\/465087"}],"wp:featuredmedia":[{"embeddable":true,"href":"https:\/\/diariodominicano.com\/index.php?rest_route=\/wp\/v2\/media\/465089"}],"wp:attachment":[{"href":"https:\/\/diariodominicano.com\/index.php?rest_route=%2Fwp%2Fv2%2Fmedia&parent=465084"}],"wp:term":[{"taxonomy":"category","embeddable":true,"href":"https:\/\/diariodominicano.com\/index.php?rest_route=%2Fwp%2Fv2%2Fcategories&post=465084"},{"taxonomy":"post_tag","embeddable":true,"href":"https:\/\/diariodominicano.com\/index.php?rest_route=%2Fwp%2Fv2%2Ftags&post=465084"}],"curies":[{"name":"wp","href":"https:\/\/api.w.org\/{rel}","templated":true}]}}