{"id":46492,"date":"2020-09-03T00:07:34","date_gmt":"2020-09-03T00:07:34","guid":{"rendered":"http:\/\/diariodominicano.ddns.net\/?p=46492"},"modified":"2020-09-03T00:07:34","modified_gmt":"2020-09-03T00:07:34","slug":"de-concertacion-y-sepulturas","status":"publish","type":"post","link":"https:\/\/diariodominicano.com\/?p=46492","title":{"rendered":"De concertaci\u00f3n y sepulturas"},"content":{"rendered":"<p><body><\/p>\n<p><strong>A Pleno Sol<\/strong><\/p>\n<p><strong>De concertaci\u00f3n y sepulturas<\/strong><\/p>\n<p><strong>Por Manuel Hern\u00e1ndez Villeta<\/strong><\/p>\n<\/p>\n<\/p>\n<p>La lucha partidista est\u00e1 de nuevo en pie. Ahora no se trata de los votos electorales, sino del dominio de  la Suprema Corte de Justicia, las altas cortes, la Junta Central Electoral, la C\u00e1mara de Cuentas, el Defensor del Pueblo y otros.<\/p>\n<\/p>\n<p>Estas selecciones directa o indirectamente tienen que pasar por el Congreso Nacional, donde el Partido Revolucionario Moderno  tiene una mayor\u00eda que puede ser aplastante. Si quiere se lo puede llevar todo.<\/p>\n<\/p>\n<p>Habr\u00eda que ver si Luis Abinader tiene el desprendimiento de entregar sillones que de acuerdo a su posicionamiento  le pueden corresponder. No se olvide que en ocasiones la pol\u00edtica no es destruir, sino hacer buenas alianzas.<\/p>\n<\/p>\n<p>La primera alianza pol\u00edtica se dar\u00e1 para escoger a los pr\u00f3ximos miembros de la Junta Central Electoral. Siempre los partidos gobernantes han nombrado su Junta. Eso necesariamente no les garantiza el triunfo, pero les permite los tremendismos.<\/p>\n<\/p>\n<p>En la conformaci\u00f3n del Consejo Nacional de la Magistratura  el sector gobernante tiene una baraja  bajo la manga. El presidente del Senado es un aliado pol\u00edtico, por  lo que tiene una voz y un voto, paralelo al del PRM. No creo Luis Abinader renuncie a un voto extra que le permitir\u00eda hacer cambios oportunos en la Suprema.<\/p>\n<\/p>\n<p>Con las deserciones del PLD, la Fuerza del Pueblo se convierte en la segunda representaci\u00f3n en el Senado. Con un voto para elegir y participar en altas decisiones, su camino es ser aliado circunstancial de Abinader.<\/p>\n<\/p>\n<p>Salir a buscar concertaci\u00f3n pol\u00edtica antes de los cien d\u00edas indica a las claras  que Abinader  busca paz para poder gobernar en medio de una de las m\u00e1s profundas crisis econ\u00f3micas de los \u00faltimos a\u00f1os. Habr\u00e1 que ver hasta d\u00f3nde trota  la oposici\u00f3n.<\/p>\n<\/p>\n<p>Ahora mismo hay una regla de tres en la vida partidista nacional. La Fuerza del Pueblo deber\u00e1 avanzar, si el fraccionamiento se manifiesta en el PLD y el temor a las procuradoras independientes, los lleva a la barah\u00fanda  de  que se salve quien pueda y como pueda.<\/p>\n<\/p>\n<p>Danilo Medina es el armador del PLD. Es su due\u00f1o y se\u00f1or. Habr\u00e1 que ver los pasos que da luego de su descanso por el trabajo de los \u00faltimos ocho a\u00f1os. Cuando un partido cae en el reflujo, lo trascendente es sobrevivir.<\/p>\n<\/p>\n<p>Con la pandemia hay un problema de subsistencia para todos. La recomposici\u00f3n de los partidos mayoritarios se dar\u00e1 en los pr\u00f3ximos meses. Ser\u00e1 un camino tortuoso donde muchos tendr\u00e1n la \u00faltima oportunidad de levantar su liderazgo. Algunos ser\u00e1n sepultados para siempre. Ya hay barbas en remojo. \u00a1Ay!, se me acab\u00f3 la tinta.<\/p>\n<\/p>\n<h6> 2020-09-03 00:07:34 <\/h6>\n<p><!--\n<link rel=\"stylesheet\" href=\"css\/bootstrap.min.css\">\n\n\n<ul class=\"pagination\">\n\t    \n\t\n\n<li >\n\t<a href='?page_no=90'>Previous<\/a>\n\t<\/li>\n\n\n       \n    \n\n<li><a href='?page_no=1'>1<\/a><\/li>\n\n\n\n<li><a href='?page_no=2'>2<\/a><\/li>\n\n\n\n<li><a>...<\/a><\/li>\n\n\n\n<li><a href='?page_no=89'>89<\/a><\/li>\n\n\n\n<li><a href='?page_no=90'>90<\/a><\/li>\n\n\n\n<li class='active'><a>91<\/a><\/li>\n\n\n\n<li><a href='?page_no=92'>92<\/a><\/li>\n\n\n\n<li><a href='?page_no=93'>93<\/a><\/li>\n\n\n\n<li><a>...<\/a><\/li>\n\n\n\n<li><a href='?page_no=13611'>13611<\/a><\/li>\n\n\n\n<li><a href='?page_no=13612'>13612<\/a><\/li>\n\n    \n\t\n\n<li >\n\t<a href='?page_no=92'>Next<\/a>\n\t<\/li>\n\n\n    \n\n<li><a href='?page_no=13612'>Last &rsaquo;&rsaquo;<\/a><\/li>\n\n<\/ul>\n\n\n--><br \/>\n<\/body><\/p>\n","protected":false},"excerpt":{"rendered":"<p>A Pleno Sol De concertaci\u00f3n y sepulturas Por Manuel Hern\u00e1ndez Villeta La lucha partidista est\u00e1 de nuevo en pie. Ahora no se trata de los votos electorales, sino del dominio de la Suprema Corte de Justicia, las altas cortes, la Junta Central Electoral, la C\u00e1mara de Cuentas, el Defensor del Pueblo y otros. Estas selecciones [&hellip;]<\/p>\n","protected":false},"author":3,"featured_media":0,"comment_status":"open","ping_status":"open","sticky":false,"template":"","format":"standard","meta":{"footnotes":""},"categories":[16],"tags":[],"class_list":["post-46492","post","type-post","status-publish","format-standard","hentry","category-opiniones"],"_links":{"self":[{"href":"https:\/\/diariodominicano.com\/index.php?rest_route=\/wp\/v2\/posts\/46492","targetHints":{"allow":["GET"]}}],"collection":[{"href":"https:\/\/diariodominicano.com\/index.php?rest_route=\/wp\/v2\/posts"}],"about":[{"href":"https:\/\/diariodominicano.com\/index.php?rest_route=\/wp\/v2\/types\/post"}],"author":[{"embeddable":true,"href":"https:\/\/diariodominicano.com\/index.php?rest_route=\/wp\/v2\/users\/3"}],"replies":[{"embeddable":true,"href":"https:\/\/diariodominicano.com\/index.php?rest_route=%2Fwp%2Fv2%2Fcomments&post=46492"}],"version-history":[{"count":0,"href":"https:\/\/diariodominicano.com\/index.php?rest_route=\/wp\/v2\/posts\/46492\/revisions"}],"wp:attachment":[{"href":"https:\/\/diariodominicano.com\/index.php?rest_route=%2Fwp%2Fv2%2Fmedia&parent=46492"}],"wp:term":[{"taxonomy":"category","embeddable":true,"href":"https:\/\/diariodominicano.com\/index.php?rest_route=%2Fwp%2Fv2%2Fcategories&post=46492"},{"taxonomy":"post_tag","embeddable":true,"href":"https:\/\/diariodominicano.com\/index.php?rest_route=%2Fwp%2Fv2%2Ftags&post=46492"}],"curies":[{"name":"wp","href":"https:\/\/api.w.org\/{rel}","templated":true}]}}