{"id":464845,"date":"2023-08-19T13:53:53","date_gmt":"2023-08-19T17:53:53","guid":{"rendered":"http:\/\/diariodominicano.com\/?p=464845"},"modified":"2023-08-19T15:05:31","modified_gmt":"2023-08-19T19:05:31","slug":"julio-duquela-dirigira-al-club-rafael-barias-en-el-torneo-de-basket-superior-distrital-2023","status":"publish","type":"post","link":"https:\/\/diariodominicano.com\/?p=464845","title":{"rendered":"Julio Duquela dirigir\u00e1 al club Rafael Barias en el torneo de basket Superior Distrital 2023"},"content":{"rendered":"\n<p>Julio Duquela <\/p>\n\n\n\n<p><strong>SANTO DOMINGO, RD.-<\/strong>&nbsp;<strong>El club deportivo, recreativo y cultural Doctor Rafael Barias<\/strong>, anunci\u00f3 este viernes la contrataci\u00f3n del entrenador&nbsp;<strong>Julio Duquela<\/strong>, como su dirigente para el&nbsp;<strong>torneo de baloncesto superior masculino del Distrito Nacional<\/strong>, pautado para iniciar el pr\u00f3ximo&nbsp;<strong>13 de septiembre en el Palacio de los Deportes profesor Virgilio Travieso Soto<\/strong>.<\/p>\n\n\n\n<p>Duquela, hijo del veterano y legendario t\u00e9cnico, Osiris Duquela, conquist\u00f3 recientemente el&nbsp;<strong>premio \u00abDirigente del A\u00f1o\u00bb<\/strong>&nbsp;en la temporada 2023 de&nbsp;<strong>la Liga Nacional de Baloncesto (LNB)<\/strong>, al guiar&nbsp;<strong>a los Leones de Santo Domingo a los playoffs con marca de 9-5&nbsp;<\/strong>y contar con s\u00f3lo un refuerzo en la fase preliminar.<\/p>\n\n\n\n<p>Bajo las orientaciones del joven estratega, los Leones de Santo Domingo&nbsp;<strong>se proclamaron campeones de la LNB en la campa\u00f1a 2022,<\/strong>&nbsp;al vencer en la final a los Indios de San Francisco de Macor\u00eds, para&nbsp;<strong>su primer t\u00edtulo en la principal liga de baloncesto de la Rep\u00fablica Dominicana<\/strong>.<\/p>\n\n\n\n<p>En el basket superior de la capital, considerado como el mejor torneo del pa\u00eds,&nbsp;<strong>Duquela tendr\u00e1 su tercera experiencia en el TBS Distrito (El Superior)<\/strong>, ya que&nbsp;<strong>en el 2019 dirigi\u00f3 al club San L\u00e1zaro, del sector Jobo Bonito y en el 2022 al combinado de Los Prados<\/strong>.<\/p>\n\n\n\n<figure class=\"wp-block-image size-large\"><img loading=\"lazy\" decoding=\"async\" width=\"1024\" height=\"683\" src=\"https:\/\/diariodominicano.com\/wp-content\/uploads\/2023\/08\/Julio-Duquela-3-1024x683.jpg\" alt=\"\" class=\"wp-image-464850\" srcset=\"https:\/\/diariodominicano.com\/wp-content\/uploads\/2023\/08\/Julio-Duquela-3-1024x683.jpg 1024w, https:\/\/diariodominicano.com\/wp-content\/uploads\/2023\/08\/Julio-Duquela-3-300x200.jpg 300w, https:\/\/diariodominicano.com\/wp-content\/uploads\/2023\/08\/Julio-Duquela-3-768x512.jpg 768w, https:\/\/diariodominicano.com\/wp-content\/uploads\/2023\/08\/Julio-Duquela-3-1536x1024.jpg 1536w, https:\/\/diariodominicano.com\/wp-content\/uploads\/2023\/08\/Julio-Duquela-3-816x544.jpg 816w, https:\/\/diariodominicano.com\/wp-content\/uploads\/2023\/08\/Julio-Duquela-3.jpg 1599w\" sizes=\"auto, (max-width: 1024px) 100vw, 1024px\" \/><\/figure>\n\n\n\n<p>Los representantes del&nbsp;<strong>capitalino sector de Villa Consuelo<\/strong>, tendr\u00e1n este a\u00f1o una escuadra renovada con talentosos j\u00f3venes como los guards&nbsp;<strong>Brayan Ram\u00edrez (Brayotin) y Carlos P\u00e9rez<\/strong>; los delanteros&nbsp;<strong>Eusebio Suero, Dimas Carrasco, \u00c1ngel Alfonseca (Durant) y Christopher Donator<\/strong>; los armadores&nbsp;<strong>Yeison Rivera (El Alem\u00e1n), Jos\u00e9 Rodr\u00edguez y Luis L\u00f3pez<\/strong>, as\u00ed como los veteranos&nbsp;<strong>Juan Bautista Ara\u00fajo y Daniel De La Cruz (El Chavo)<\/strong>, entre otros jugadores.<\/p>\n\n\n\n<p><strong>\u201cYo los conozco a todos desde hace unos a\u00f1os y es de verdad un gran reto dirigir a ese grupo de talentosos j\u00f3venes. Tuve el honor de dirigir a algunos en los Leones, por lo que me siento m\u00e1s familiarizado con el equipo\u201d,<\/strong>&nbsp;indic\u00f3 Duquela, quien a\u00f1adi\u00f3 que ir\u00e1n por el quinto campeonato para la barriada de&nbsp;<strong>\u201cVillacon\u201d<\/strong>.&nbsp; &nbsp;<\/p>\n\n\n\n<p>El nuevo manager bariano tendr\u00e1&nbsp;<strong>en su cuerpo t\u00e9cnico como asistentes a Jos\u00e9-Pancho-Fortuna, Reynaldo Mart\u00ednez y C\u00e9sar Rosario (Papalo)<\/strong><strong>, seg\u00fan inform\u00f3 el presidente del club Rafael Barias, Juan Mar\u00eda Guill\u00e9n.<\/strong><\/p>\n\n\n\n<p>El&nbsp;<strong>club Doctor Rafael Barias se proclam\u00f3 campe\u00f3n por primera vez del basket superior distrital en su temporada de debut (2009)<\/strong>, para luego sumar&nbsp;<strong>su segunda corona en el a\u00f1o 2013<\/strong>, levantaron nuevamente el trofeo&nbsp;<strong>en el 2017 y en el 2019<\/strong>, se constituyeron en monarcas por cuarta ocasi\u00f3n, bajo las riendas del ex jugador de ese equipo<strong>, Joel Ram\u00edrez<\/strong>. &nbsp;<\/p>\n\n\n\n<p>Pablo Luis Santana<a target=\"_blank\" href=\"mailto:pabloluispalobonito@gmail.com\" rel=\"noreferrer noopener\">pabloluispalobonito@gmail.com<\/a><\/p>\n","protected":false},"excerpt":{"rendered":"<p>Julio Duquela SANTO DOMINGO, RD.-&nbsp;El club deportivo, recreativo y cultural Doctor Rafael Barias, anunci\u00f3 este viernes la contrataci\u00f3n del entrenador&nbsp;Julio Duquela, como su dirigente para el&nbsp;torneo de baloncesto superior masculino del Distrito Nacional, pautado para iniciar el pr\u00f3ximo&nbsp;13 de septiembre en el Palacio de los Deportes profesor Virgilio Travieso Soto. Duquela, hijo del veterano y [&hellip;]<\/p>\n","protected":false},"author":28,"featured_media":464846,"comment_status":"closed","ping_status":"","sticky":true,"template":"","format":"standard","meta":{"footnotes":""},"categories":[17,27,32],"tags":[],"class_list":["post-464845","post","type-post","status-publish","format-standard","has-post-thumbnail","hentry","category-deportes","category-portada","category-turismo"],"_links":{"self":[{"href":"https:\/\/diariodominicano.com\/index.php?rest_route=\/wp\/v2\/posts\/464845","targetHints":{"allow":["GET"]}}],"collection":[{"href":"https:\/\/diariodominicano.com\/index.php?rest_route=\/wp\/v2\/posts"}],"about":[{"href":"https:\/\/diariodominicano.com\/index.php?rest_route=\/wp\/v2\/types\/post"}],"author":[{"embeddable":true,"href":"https:\/\/diariodominicano.com\/index.php?rest_route=\/wp\/v2\/users\/28"}],"replies":[{"embeddable":true,"href":"https:\/\/diariodominicano.com\/index.php?rest_route=%2Fwp%2Fv2%2Fcomments&post=464845"}],"version-history":[{"count":5,"href":"https:\/\/diariodominicano.com\/index.php?rest_route=\/wp\/v2\/posts\/464845\/revisions"}],"predecessor-version":[{"id":464853,"href":"https:\/\/diariodominicano.com\/index.php?rest_route=\/wp\/v2\/posts\/464845\/revisions\/464853"}],"wp:featuredmedia":[{"embeddable":true,"href":"https:\/\/diariodominicano.com\/index.php?rest_route=\/wp\/v2\/media\/464846"}],"wp:attachment":[{"href":"https:\/\/diariodominicano.com\/index.php?rest_route=%2Fwp%2Fv2%2Fmedia&parent=464845"}],"wp:term":[{"taxonomy":"category","embeddable":true,"href":"https:\/\/diariodominicano.com\/index.php?rest_route=%2Fwp%2Fv2%2Fcategories&post=464845"},{"taxonomy":"post_tag","embeddable":true,"href":"https:\/\/diariodominicano.com\/index.php?rest_route=%2Fwp%2Fv2%2Ftags&post=464845"}],"curies":[{"name":"wp","href":"https:\/\/api.w.org\/{rel}","templated":true}]}}