{"id":464833,"date":"2023-08-19T13:45:18","date_gmt":"2023-08-19T17:45:18","guid":{"rendered":"http:\/\/diariodominicano.com\/?p=464833"},"modified":"2023-08-19T15:06:03","modified_gmt":"2023-08-19T19:06:03","slug":"primer-aniversario-de-perla-negra-ecolodge","status":"publish","type":"post","link":"https:\/\/diariodominicano.com\/?p=464833","title":{"rendered":"Primer aniversario de Perla Negra Ecolodge"},"content":{"rendered":"\n<p>glamping perla<\/p>\n\n\n\n<p><em>Los clientes pueden disfrutar de descuentos en las reservas y participar en un concurso para ganar una estad\u00eda<\/em><\/p>\n\n\n\n<figure class=\"wp-block-image size-large\"><img loading=\"lazy\" decoding=\"async\" width=\"1024\" height=\"683\" src=\"https:\/\/diariodominicano.com\/wp-content\/uploads\/2023\/08\/Una-de-las-villas-de-Perla-Negra-1024x683.jpg\" alt=\"\" class=\"wp-image-464837\" srcset=\"https:\/\/diariodominicano.com\/wp-content\/uploads\/2023\/08\/Una-de-las-villas-de-Perla-Negra-1024x683.jpg 1024w, https:\/\/diariodominicano.com\/wp-content\/uploads\/2023\/08\/Una-de-las-villas-de-Perla-Negra-300x200.jpg 300w, https:\/\/diariodominicano.com\/wp-content\/uploads\/2023\/08\/Una-de-las-villas-de-Perla-Negra-768x512.jpg 768w, https:\/\/diariodominicano.com\/wp-content\/uploads\/2023\/08\/Una-de-las-villas-de-Perla-Negra-816x544.jpg 816w, https:\/\/diariodominicano.com\/wp-content\/uploads\/2023\/08\/Una-de-las-villas-de-Perla-Negra.jpg 1440w\" sizes=\"auto, (max-width: 1024px) 100vw, 1024px\" \/><figcaption>Una de las villas de  Perla Negra Ecolodge<\/figcaption><\/figure>\n\n\n\n<figure class=\"wp-block-image size-large\"><img loading=\"lazy\" decoding=\"async\" width=\"1024\" height=\"676\" src=\"https:\/\/diariodominicano.com\/wp-content\/uploads\/2023\/08\/interior-2-1024x676.jpeg\" alt=\"\" class=\"wp-image-464839\" srcset=\"https:\/\/diariodominicano.com\/wp-content\/uploads\/2023\/08\/interior-2-1024x676.jpeg 1024w, https:\/\/diariodominicano.com\/wp-content\/uploads\/2023\/08\/interior-2-300x198.jpeg 300w, https:\/\/diariodominicano.com\/wp-content\/uploads\/2023\/08\/interior-2-768x507.jpeg 768w, https:\/\/diariodominicano.com\/wp-content\/uploads\/2023\/08\/interior-2-816x539.jpeg 816w, https:\/\/diariodominicano.com\/wp-content\/uploads\/2023\/08\/interior-2.jpeg 1075w\" sizes=\"auto, (max-width: 1024px) 100vw, 1024px\" \/><figcaption>Interior <\/figcaption><\/figure>\n\n\n\n<p><strong>Santiago, R.D.<\/strong>&#8211; El turismo sostenible ha tomado mucho auge en los \u00faltimos tiempos. Cada vez m\u00e1s, surgen albergues ecol\u00f3gicos que permiten disfrutar de este tipo de turismo en Rep\u00fablica Dominicana. Uno de estos lugares es Perla Negra Ecolodge, quien est\u00e1 cumpliendo su primer a\u00f1o de apertura.<\/p>\n\n\n\n<figure class=\"wp-block-image size-large\"><img loading=\"lazy\" decoding=\"async\" width=\"1024\" height=\"683\" src=\"https:\/\/diariodominicano.com\/wp-content\/uploads\/2023\/08\/interior-1024x683.jpg\" alt=\"\" class=\"wp-image-464843\" srcset=\"https:\/\/diariodominicano.com\/wp-content\/uploads\/2023\/08\/interior-1024x683.jpg 1024w, https:\/\/diariodominicano.com\/wp-content\/uploads\/2023\/08\/interior-300x200.jpg 300w, https:\/\/diariodominicano.com\/wp-content\/uploads\/2023\/08\/interior-768x512.jpg 768w, https:\/\/diariodominicano.com\/wp-content\/uploads\/2023\/08\/interior-816x544.jpg 816w, https:\/\/diariodominicano.com\/wp-content\/uploads\/2023\/08\/interior.jpg 1440w\" sizes=\"auto, (max-width: 1024px) 100vw, 1024px\" \/><\/figure>\n\n\n\n<p>Se trata de dos villas en contenedores o furgones, con elementos reciclados y sobrantes de construcci\u00f3n, ubicado en Los Altos de Gurabo, Ruta panor\u00e1mica Santiago.<\/p>\n\n\n\n<p>Franko Grull\u00f3n, propietario y creativo del proyecto, indic\u00f3 que su primer objetivo fue brindar una experiencia a los santiagueros que se alejaban a otros pueblos para descansar. \u201cEs un proyecto enfocado en brindar una experiencia diferente, un contacto con la naturaleza, sin perder la comodidad ni facilidades de la ciudad\u201d, afirm\u00f3.<\/p>\n\n\n\n<p>Expres\u00f3 mucha satisfacci\u00f3n con los logros obtenidos y el reconocimiento que han tenido durante este a\u00f1o. Hu\u00e9spedes nacionales e internacionales, muchos de los cuales repiten, han disfrutado de este para\u00edso en la monta\u00f1a.<\/p>\n\n\n\n<p>Las dos villas construidas hasta el momento, tienen una capacidad para alojar hasta 12 hu\u00e9spedes en total. Ambas est\u00e1n finamente decoradas, con detalles especiales y tem\u00e1tica diferente cada una.<\/p>\n\n\n\n<figure class=\"wp-block-image size-large\"><img loading=\"lazy\" decoding=\"async\" width=\"771\" height=\"1024\" src=\"https:\/\/diariodominicano.com\/wp-content\/uploads\/2023\/08\/fogata-771x1024.jpeg\" alt=\"\" class=\"wp-image-464841\" srcset=\"https:\/\/diariodominicano.com\/wp-content\/uploads\/2023\/08\/fogata-771x1024.jpeg 771w, https:\/\/diariodominicano.com\/wp-content\/uploads\/2023\/08\/fogata-226x300.jpeg 226w, https:\/\/diariodominicano.com\/wp-content\/uploads\/2023\/08\/fogata-768x1021.jpeg 768w, https:\/\/diariodominicano.com\/wp-content\/uploads\/2023\/08\/fogata-1156x1536.jpeg 1156w, https:\/\/diariodominicano.com\/wp-content\/uploads\/2023\/08\/fogata-816x1084.jpeg 816w, https:\/\/diariodominicano.com\/wp-content\/uploads\/2023\/08\/fogata.jpeg 1204w\" sizes=\"auto, (max-width: 771px) 100vw, 771px\" \/><figcaption>Fogata<\/figcaption><\/figure>\n\n\n\n<p>Cada villa tiene dos habitaciones con 1 cama doble, un sof\u00e1 cama, cocina, ba\u00f1o con una ducha al aire libre, jacuzzi para 8 personas, hamaca, aire acondicionado, wifi gratis, agua caliente, toallas, juegos de mesa, domin\u00f3 y terraza. Adem\u00e1s, hay un \u00e1rea de BBQ y un bar,&nbsp;construido&nbsp;con los recortes de los contenedores y madera reciclada.&nbsp;Adicionalmente hay una casa de campa\u00f1a para dos personas.<\/p>\n\n\n\n<p>\u201cEn los testimonios, los clientes afirman que lo que m\u00e1s disfrutan es la vista panor\u00e1mica de la monta\u00f1a, el rico clima y la fogata nocturna\u201d, indic\u00f3 Grull\u00f3n, quien tambi\u00e9n es ingeniero civil.<\/p>\n\n\n\n<p>Este tipo de hospedaje es muy demandado en la actualidad, ya que adem\u00e1s de la hospitalidad, procuran el cuidado del medio ambiente. Perla Negra Ecolodge tiene elementos reciclados&nbsp;como&nbsp;los mismos contenedores,&nbsp;la madera, los pisos de vidrio reciclado y muchos elementos sobrantes de construcci\u00f3n.<\/p>\n\n\n\n<p>\u201cTenemos en proyecto la ampliaci\u00f3n del lugar, con otras villas y m\u00e1s casas de campa\u00f1a, as\u00ed como un \u00e1rea de recreaci\u00f3n com\u00fan con piscina y bar. Queremos ser un espacio de conexi\u00f3n con la naturaleza y un lugar para apoyar el arte y la cultura\u201d, afirm\u00f3 Franko Grull\u00f3n.<\/p>\n\n\n\n<p>Por motivo del aniversario, Perla Negra tiene un concurso en sus redes sociales, donde los seguidores podr\u00e1n ganar una estad\u00eda en una de las villas para 5 personas. Adem\u00e1s, los clientes pueden disfrutar de un 10% de descuento en las reservas, las cuales pueden hacer por Arbnb o al tel\u00e9fono (849) 474-8900. Para conocer m\u00e1s del lugar, pueden visitar su perfil en Instagram: @Perlanegraecolodge.<\/p>\n\n\n\n<p>Ivonne Soriano. Periodista\/ RRPP<a target=\"_blank\" href=\"mailto:ivonnesoriano@yahoo.com\" rel=\"noreferrer noopener\">ivonnesoriano@yahoo.com<\/a><\/p>\n","protected":false},"excerpt":{"rendered":"<p>glamping perla Los clientes pueden disfrutar de descuentos en las reservas y participar en un concurso para ganar una estad\u00eda Santiago, R.D.&#8211; El turismo sostenible ha tomado mucho auge en los \u00faltimos tiempos. Cada vez m\u00e1s, surgen albergues ecol\u00f3gicos que permiten disfrutar de este tipo de turismo en Rep\u00fablica Dominicana. Uno de estos lugares es [&hellip;]<\/p>\n","protected":false},"author":28,"featured_media":464834,"comment_status":"closed","ping_status":"","sticky":true,"template":"","format":"standard","meta":{"footnotes":""},"categories":[25,27,32],"tags":[],"class_list":["post-464833","post","type-post","status-publish","format-standard","has-post-thumbnail","hentry","category-gente","category-portada","category-turismo"],"_links":{"self":[{"href":"https:\/\/diariodominicano.com\/index.php?rest_route=\/wp\/v2\/posts\/464833","targetHints":{"allow":["GET"]}}],"collection":[{"href":"https:\/\/diariodominicano.com\/index.php?rest_route=\/wp\/v2\/posts"}],"about":[{"href":"https:\/\/diariodominicano.com\/index.php?rest_route=\/wp\/v2\/types\/post"}],"author":[{"embeddable":true,"href":"https:\/\/diariodominicano.com\/index.php?rest_route=\/wp\/v2\/users\/28"}],"replies":[{"embeddable":true,"href":"https:\/\/diariodominicano.com\/index.php?rest_route=%2Fwp%2Fv2%2Fcomments&post=464833"}],"version-history":[{"count":5,"href":"https:\/\/diariodominicano.com\/index.php?rest_route=\/wp\/v2\/posts\/464833\/revisions"}],"predecessor-version":[{"id":464844,"href":"https:\/\/diariodominicano.com\/index.php?rest_route=\/wp\/v2\/posts\/464833\/revisions\/464844"}],"wp:featuredmedia":[{"embeddable":true,"href":"https:\/\/diariodominicano.com\/index.php?rest_route=\/wp\/v2\/media\/464834"}],"wp:attachment":[{"href":"https:\/\/diariodominicano.com\/index.php?rest_route=%2Fwp%2Fv2%2Fmedia&parent=464833"}],"wp:term":[{"taxonomy":"category","embeddable":true,"href":"https:\/\/diariodominicano.com\/index.php?rest_route=%2Fwp%2Fv2%2Fcategories&post=464833"},{"taxonomy":"post_tag","embeddable":true,"href":"https:\/\/diariodominicano.com\/index.php?rest_route=%2Fwp%2Fv2%2Ftags&post=464833"}],"curies":[{"name":"wp","href":"https:\/\/api.w.org\/{rel}","templated":true}]}}