{"id":464667,"date":"2023-08-18T15:20:12","date_gmt":"2023-08-18T19:20:12","guid":{"rendered":"http:\/\/diariodominicano.com\/?p=464667"},"modified":"2023-08-18T15:24:45","modified_gmt":"2023-08-18T19:24:45","slug":"hermanitos-gabriel-alonso-ii-y-iii-llegan-a-venezuela-representan-rd-en-latinoamericano-de-minicross","status":"publish","type":"post","link":"https:\/\/diariodominicano.com\/?p=464667","title":{"rendered":"Hermanitos Gabriel Alonso II y III llegan a Venezuela representan RD en Latinoamericano de Minicross"},"content":{"rendered":"\n<p> <strong>Gabriel Alonso II y III, luego de ganar sus respectivas categor\u00edas en el motocross m\u00e1s reciente de su pa\u00eds<\/strong> <\/p>\n\n\n\n<figure class=\"wp-block-image size-large\"><img loading=\"lazy\" decoding=\"async\" width=\"1024\" height=\"929\" src=\"https:\/\/diariodominicano.com\/wp-content\/uploads\/2023\/08\/3-Los-Alonso-II-y-III-llegando-a-Venezuela_edited-1024x929.jpg\" alt=\"\" class=\"wp-image-464671\" srcset=\"https:\/\/diariodominicano.com\/wp-content\/uploads\/2023\/08\/3-Los-Alonso-II-y-III-llegando-a-Venezuela_edited-1024x929.jpg 1024w, https:\/\/diariodominicano.com\/wp-content\/uploads\/2023\/08\/3-Los-Alonso-II-y-III-llegando-a-Venezuela_edited-300x272.jpg 300w, https:\/\/diariodominicano.com\/wp-content\/uploads\/2023\/08\/3-Los-Alonso-II-y-III-llegando-a-Venezuela_edited-768x697.jpg 768w, https:\/\/diariodominicano.com\/wp-content\/uploads\/2023\/08\/3-Los-Alonso-II-y-III-llegando-a-Venezuela_edited-816x740.jpg 816w, https:\/\/diariodominicano.com\/wp-content\/uploads\/2023\/08\/3-Los-Alonso-II-y-III-llegando-a-Venezuela_edited.jpg 1268w\" sizes=\"auto, (max-width: 1024px) 100vw, 1024px\" \/><figcaption> <strong>Gabriel Alonso II y Gabriel Alonso III a su llegada a Venezuela<\/strong> <\/figcaption><\/figure>\n\n\n\n<p><strong>PARACOTOS, Caracas, Venezuela, 18 de agosto de 2023.-<\/strong>\u00a0Los famosos cubanitos de La Vega, Rep\u00fablica Dominicana, Gabriel Alonso II y III, l\u00edderes actuales de los 50cc y 85cc, del campeonato nacional de motocross de ese pa\u00eds, arribaron confiados a Caracas, para su participaci\u00f3n en la copa FIM Latinoam\u00e9rica de Minicross.<\/p>\n\n\n\n<p><strong>L<\/strong>os representantes de Rep\u00fablica Dominicana lucieron muy seguros a su llegada a Venezuela, sorprendiendo a los miembros de la prensa a los que expresaron que representar\u00e1n a su pa\u00eds con orgullo, mostrando su bandera.<\/p>\n\n\n\n<p><strong>L<\/strong>os famosos cubanitos de La Vega, una provincia del centro de la isla Quisqueya, en la actualidad encabezan las categor\u00edas menores, Alonso II, en 85cc, mantiene la punta alejado 36 punto de su m\u00e1s cercano rival, mientras que el m\u00e1s peque\u00f1o, Alonso III, es primero en s\u00faper pee wee (50cc) a 29 del que va en segundo.<\/p>\n\n\n\n<p><strong>S<\/strong>e esperan m\u00e1s de 15 equipos representantes de igual n\u00famero de naciones latinoamericanas, en las categor\u00edas de 50cc, 65cc y 85cc, se correr\u00e1 en la pista internacional de Paracoto, Caracas, Venezuela, seg\u00fan la informaci\u00f3n ofrecida por el se\u00f1or Carlos Amiro Finke, presidente de la Federaci\u00f3n Dominicana de Motociclismo.<\/p>\n\n\n\n<figure class=\"wp-block-video\"><video height=\"480\" style=\"aspect-ratio: 848 \/ 480;\" width=\"848\" controls src=\"https:\/\/diariodominicano.com\/wp-content\/uploads\/2023\/08\/2-Video-palabras-de-Alonso-II-VID-20230817-WA0465-1.mp4\"><\/video><\/figure>\n\n\n\n<p><\/p>\n","protected":false},"excerpt":{"rendered":"<p>Gabriel Alonso II y III, luego de ganar sus respectivas categor\u00edas en el motocross m\u00e1s reciente de su pa\u00eds PARACOTOS, Caracas, Venezuela, 18 de agosto de 2023.-\u00a0Los famosos cubanitos de La Vega, Rep\u00fablica Dominicana, Gabriel Alonso II y III, l\u00edderes actuales de los 50cc y 85cc, del campeonato nacional de motocross de ese pa\u00eds, arribaron [&hellip;]<\/p>\n","protected":false},"author":28,"featured_media":464668,"comment_status":"closed","ping_status":"","sticky":true,"template":"","format":"standard","meta":{"footnotes":""},"categories":[17,27,32],"tags":[],"class_list":["post-464667","post","type-post","status-publish","format-standard","has-post-thumbnail","hentry","category-deportes","category-portada","category-turismo"],"_links":{"self":[{"href":"https:\/\/diariodominicano.com\/index.php?rest_route=\/wp\/v2\/posts\/464667","targetHints":{"allow":["GET"]}}],"collection":[{"href":"https:\/\/diariodominicano.com\/index.php?rest_route=\/wp\/v2\/posts"}],"about":[{"href":"https:\/\/diariodominicano.com\/index.php?rest_route=\/wp\/v2\/types\/post"}],"author":[{"embeddable":true,"href":"https:\/\/diariodominicano.com\/index.php?rest_route=\/wp\/v2\/users\/28"}],"replies":[{"embeddable":true,"href":"https:\/\/diariodominicano.com\/index.php?rest_route=%2Fwp%2Fv2%2Fcomments&post=464667"}],"version-history":[{"count":3,"href":"https:\/\/diariodominicano.com\/index.php?rest_route=\/wp\/v2\/posts\/464667\/revisions"}],"predecessor-version":[{"id":464674,"href":"https:\/\/diariodominicano.com\/index.php?rest_route=\/wp\/v2\/posts\/464667\/revisions\/464674"}],"wp:featuredmedia":[{"embeddable":true,"href":"https:\/\/diariodominicano.com\/index.php?rest_route=\/wp\/v2\/media\/464668"}],"wp:attachment":[{"href":"https:\/\/diariodominicano.com\/index.php?rest_route=%2Fwp%2Fv2%2Fmedia&parent=464667"}],"wp:term":[{"taxonomy":"category","embeddable":true,"href":"https:\/\/diariodominicano.com\/index.php?rest_route=%2Fwp%2Fv2%2Fcategories&post=464667"},{"taxonomy":"post_tag","embeddable":true,"href":"https:\/\/diariodominicano.com\/index.php?rest_route=%2Fwp%2Fv2%2Ftags&post=464667"}],"curies":[{"name":"wp","href":"https:\/\/api.w.org\/{rel}","templated":true}]}}