{"id":464643,"date":"2023-08-18T12:27:39","date_gmt":"2023-08-18T16:27:39","guid":{"rendered":"http:\/\/diariodominicano.com\/?p=464643"},"modified":"2023-08-18T12:39:31","modified_gmt":"2023-08-18T16:39:31","slug":"anuncian-la-novena-copa-de-golf-consular","status":"publish","type":"post","link":"https:\/\/diariodominicano.com\/?p=464643","title":{"rendered":"Anuncian la novena Copa de Golf Consular"},"content":{"rendered":"\n<p>Ricardo Koenig, Fernando Gonz\u00e1lez Nicol\u00e1s, Mar\u00eda jos\u00e9 Turull y Emilio Hasbun<\/p>\n\n\n\n<p>El tradicional evento anual de golf se realizar\u00e1 el pr\u00f3ximo 9 de septiembre en Punta Espada Golf Club Cap Cana<\/p>\n\n\n\n<figure class=\"wp-block-image size-large\"><img loading=\"lazy\" decoding=\"async\" width=\"1024\" height=\"683\" src=\"https:\/\/diariodominicano.com\/wp-content\/uploads\/2023\/08\/Jose-Alma-Turull-Y-Antonio-Alma-Iglesia-Antonio-Alma-Turull-1024x683.jpg\" alt=\"\" class=\"wp-image-464648\" srcset=\"https:\/\/diariodominicano.com\/wp-content\/uploads\/2023\/08\/Jose-Alma-Turull-Y-Antonio-Alma-Iglesia-Antonio-Alma-Turull-1024x683.jpg 1024w, https:\/\/diariodominicano.com\/wp-content\/uploads\/2023\/08\/Jose-Alma-Turull-Y-Antonio-Alma-Iglesia-Antonio-Alma-Turull-300x200.jpg 300w, https:\/\/diariodominicano.com\/wp-content\/uploads\/2023\/08\/Jose-Alma-Turull-Y-Antonio-Alma-Iglesia-Antonio-Alma-Turull-768x512.jpg 768w, https:\/\/diariodominicano.com\/wp-content\/uploads\/2023\/08\/Jose-Alma-Turull-Y-Antonio-Alma-Iglesia-Antonio-Alma-Turull-1536x1024.jpg 1536w, https:\/\/diariodominicano.com\/wp-content\/uploads\/2023\/08\/Jose-Alma-Turull-Y-Antonio-Alma-Iglesia-Antonio-Alma-Turull-2048x1365.jpg 2048w, https:\/\/diariodominicano.com\/wp-content\/uploads\/2023\/08\/Jose-Alma-Turull-Y-Antonio-Alma-Iglesia-Antonio-Alma-Turull-816x544.jpg 816w\" sizes=\"auto, (max-width: 1024px) 100vw, 1024px\" \/><figcaption>Jos\u00e9 Alma Turull Y Antonio Alma Iglesia, Antonio Alma Turull<\/figcaption><\/figure>\n\n\n\n<figure class=\"wp-block-image size-large\"><img loading=\"lazy\" decoding=\"async\" width=\"1024\" height=\"683\" src=\"https:\/\/diariodominicano.com\/wp-content\/uploads\/2023\/08\/Maggy-Rogers-y-Clara-Reid-1024x683.jpg\" alt=\"\" class=\"wp-image-464651\" srcset=\"https:\/\/diariodominicano.com\/wp-content\/uploads\/2023\/08\/Maggy-Rogers-y-Clara-Reid-1024x683.jpg 1024w, https:\/\/diariodominicano.com\/wp-content\/uploads\/2023\/08\/Maggy-Rogers-y-Clara-Reid-300x200.jpg 300w, https:\/\/diariodominicano.com\/wp-content\/uploads\/2023\/08\/Maggy-Rogers-y-Clara-Reid-768x512.jpg 768w, https:\/\/diariodominicano.com\/wp-content\/uploads\/2023\/08\/Maggy-Rogers-y-Clara-Reid-1536x1024.jpg 1536w, https:\/\/diariodominicano.com\/wp-content\/uploads\/2023\/08\/Maggy-Rogers-y-Clara-Reid-2048x1365.jpg 2048w, https:\/\/diariodominicano.com\/wp-content\/uploads\/2023\/08\/Maggy-Rogers-y-Clara-Reid-816x544.jpg 816w\" sizes=\"auto, (max-width: 1024px) 100vw, 1024px\" \/><figcaption>Maggy Rogers y Clara Reid<\/figcaption><\/figure>\n\n\n\n<p><strong>SANTO DOMINGO<\/strong>, RD. &#8211;\u00a0En el marco de la conmemoraci\u00f3n de los 70 a\u00f1os del Cuerpo Consular,\u00a0<a>su Decano, Fernando Gonz\u00e1lez Nicol\u00e1s<\/a>, C\u00f3nsul Honorario de Malasia en el pa\u00eds, ofreci\u00f3 un c\u00f3ctel en el restaurante Peperoni para anunciar la\u00a0<a>novena versi\u00f3n de su Copa de Golf.<\/a><\/p>\n\n\n\n<p>El tradicional evento anual de golf, que se realizar\u00e1 el pr\u00f3ximo 9 de septiembre en Punta Espada Golf Club Cap Cana, estar\u00e1 dedicado a los Decanos del Cuerpo Consular desde la creaci\u00f3n de la entidad en 1952, con menci\u00f3n especial al ex decano, Don Antonio Alma Yam\u00edn, por su contribuci\u00f3n a la creaci\u00f3n y engrandecimiento de la Copa de Golf Consular.<\/p>\n\n\n\n<figure class=\"wp-block-image size-large\"><img loading=\"lazy\" decoding=\"async\" width=\"1024\" height=\"683\" src=\"https:\/\/diariodominicano.com\/wp-content\/uploads\/2023\/08\/Ricardo-Koenig-Sirvana-De-Koenig-Y-Juan-Barcelo-1024x683.jpg\" alt=\"\" class=\"wp-image-464654\" srcset=\"https:\/\/diariodominicano.com\/wp-content\/uploads\/2023\/08\/Ricardo-Koenig-Sirvana-De-Koenig-Y-Juan-Barcelo-1024x683.jpg 1024w, https:\/\/diariodominicano.com\/wp-content\/uploads\/2023\/08\/Ricardo-Koenig-Sirvana-De-Koenig-Y-Juan-Barcelo-300x200.jpg 300w, https:\/\/diariodominicano.com\/wp-content\/uploads\/2023\/08\/Ricardo-Koenig-Sirvana-De-Koenig-Y-Juan-Barcelo-768x512.jpg 768w, https:\/\/diariodominicano.com\/wp-content\/uploads\/2023\/08\/Ricardo-Koenig-Sirvana-De-Koenig-Y-Juan-Barcelo-1536x1024.jpg 1536w, https:\/\/diariodominicano.com\/wp-content\/uploads\/2023\/08\/Ricardo-Koenig-Sirvana-De-Koenig-Y-Juan-Barcelo-2048x1365.jpg 2048w, https:\/\/diariodominicano.com\/wp-content\/uploads\/2023\/08\/Ricardo-Koenig-Sirvana-De-Koenig-Y-Juan-Barcelo-816x544.jpg 816w\" sizes=\"auto, (max-width: 1024px) 100vw, 1024px\" \/><figcaption>Ricardo Koenig, S\u00edrvana De Koenig Y Juan Barcel\u00f3<\/figcaption><\/figure>\n\n\n\n<p>La 9na. Copa de Golf Consular es organizada por el Cuerpo Consular acreditado en la Rep\u00fablica Dominicana (CCARD) y tendr\u00e1 como Hotel anfitri\u00f3n al Margaritaville Island Resort Cap Cana; el cual tendr\u00e1 tarifas especiales para jugadores y acompa\u00f1antes con el c\u00f3digo copa golf consular.<\/p>\n\n\n\n<p>El comit\u00e9 organizador de la justa deportiva lo preside Emilio Hasb\u00fan, c\u00f3nsul de Barbados, y se jugar\u00e1 con una modalidad Formato Scramble en pareja.<\/p>\n\n\n\n<p>Esta novena versi\u00f3n de la Copa de Golf contar\u00e1 con diversos premios para los ganadores y participantes del torneo, adem\u00e1s se ofrecer\u00e1 una cena White party, seguida de la Premiaci\u00f3n en el Hotel Margaritaville, que estar\u00e1 llena de sorpresas para todos los participantes.<\/p>\n\n\n\n<p>El se\u00f1or Gonz\u00e1lez Nicol\u00e1s durante el encuentro con la prensa estuvo acompa\u00f1ado por miembros del Consejo Directivo del Cuerpo Consular, del comit\u00e9 organizador, invitados especiales y patrocinadores.<\/p>\n\n\n\n<figure class=\"wp-block-image size-large\"><img loading=\"lazy\" decoding=\"async\" width=\"1024\" height=\"683\" src=\"https:\/\/diariodominicano.com\/wp-content\/uploads\/2023\/08\/Maria-Leon-Bermudez-Y-Marcos-Rivera-Balaguer-1024x683.jpg\" alt=\"\" class=\"wp-image-464656\" srcset=\"https:\/\/diariodominicano.com\/wp-content\/uploads\/2023\/08\/Maria-Leon-Bermudez-Y-Marcos-Rivera-Balaguer-1024x683.jpg 1024w, https:\/\/diariodominicano.com\/wp-content\/uploads\/2023\/08\/Maria-Leon-Bermudez-Y-Marcos-Rivera-Balaguer-300x200.jpg 300w, https:\/\/diariodominicano.com\/wp-content\/uploads\/2023\/08\/Maria-Leon-Bermudez-Y-Marcos-Rivera-Balaguer-768x512.jpg 768w, https:\/\/diariodominicano.com\/wp-content\/uploads\/2023\/08\/Maria-Leon-Bermudez-Y-Marcos-Rivera-Balaguer-1536x1024.jpg 1536w, https:\/\/diariodominicano.com\/wp-content\/uploads\/2023\/08\/Maria-Leon-Bermudez-Y-Marcos-Rivera-Balaguer-2048x1365.jpg 2048w, https:\/\/diariodominicano.com\/wp-content\/uploads\/2023\/08\/Maria-Leon-Bermudez-Y-Marcos-Rivera-Balaguer-816x544.jpg 816w\" sizes=\"auto, (max-width: 1024px) 100vw, 1024px\" \/><figcaption>Mar\u00eda Le\u00f3n Berm\u00fadez Y Marcos Rivera Balaguer<\/figcaption><\/figure>\n\n\n\n<p>Este es el evento deportivo y social por excelencia que se inici\u00f3 en el 2014, convirti\u00e9ndose en una tradici\u00f3n entre los amantes del golf.<\/p>\n\n\n\n<figure class=\"wp-block-image size-large\"><img loading=\"lazy\" decoding=\"async\" width=\"1024\" height=\"683\" src=\"https:\/\/diariodominicano.com\/wp-content\/uploads\/2023\/08\/Monika-Harell-Y-Josefina-Garcia-1024x683.jpg\" alt=\"\" class=\"wp-image-464658\" srcset=\"https:\/\/diariodominicano.com\/wp-content\/uploads\/2023\/08\/Monika-Harell-Y-Josefina-Garcia-1024x683.jpg 1024w, https:\/\/diariodominicano.com\/wp-content\/uploads\/2023\/08\/Monika-Harell-Y-Josefina-Garcia-300x200.jpg 300w, https:\/\/diariodominicano.com\/wp-content\/uploads\/2023\/08\/Monika-Harell-Y-Josefina-Garcia-768x512.jpg 768w, https:\/\/diariodominicano.com\/wp-content\/uploads\/2023\/08\/Monika-Harell-Y-Josefina-Garcia-1536x1024.jpg 1536w, https:\/\/diariodominicano.com\/wp-content\/uploads\/2023\/08\/Monika-Harell-Y-Josefina-Garcia-2048x1365.jpg 2048w, https:\/\/diariodominicano.com\/wp-content\/uploads\/2023\/08\/Monika-Harell-Y-Josefina-Garcia-816x544.jpg 816w\" sizes=\"auto, (max-width: 1024px) 100vw, 1024px\" \/><figcaption>M\u00f3nika Harell Y Josefina Garc\u00eda<\/figcaption><\/figure>\n\n\n\n<figure class=\"wp-block-image size-large\"><img loading=\"lazy\" decoding=\"async\" width=\"1024\" height=\"683\" src=\"https:\/\/diariodominicano.com\/wp-content\/uploads\/2023\/08\/Angel-Garcia-Y-Antonio-Rodriguez-1024x683.jpg\" alt=\"\" class=\"wp-image-464660\" srcset=\"https:\/\/diariodominicano.com\/wp-content\/uploads\/2023\/08\/Angel-Garcia-Y-Antonio-Rodriguez-1024x683.jpg 1024w, https:\/\/diariodominicano.com\/wp-content\/uploads\/2023\/08\/Angel-Garcia-Y-Antonio-Rodriguez-300x200.jpg 300w, https:\/\/diariodominicano.com\/wp-content\/uploads\/2023\/08\/Angel-Garcia-Y-Antonio-Rodriguez-768x512.jpg 768w, https:\/\/diariodominicano.com\/wp-content\/uploads\/2023\/08\/Angel-Garcia-Y-Antonio-Rodriguez-1536x1024.jpg 1536w, https:\/\/diariodominicano.com\/wp-content\/uploads\/2023\/08\/Angel-Garcia-Y-Antonio-Rodriguez-2048x1365.jpg 2048w, https:\/\/diariodominicano.com\/wp-content\/uploads\/2023\/08\/Angel-Garcia-Y-Antonio-Rodriguez-816x544.jpg 816w\" sizes=\"auto, (max-width: 1024px) 100vw, 1024px\" \/><figcaption>\u00c1ngel Garc\u00eda Y Antonio Rodr\u00edguez<\/figcaption><\/figure>\n\n\n\n<p><strong>Sobre el Cuerpo Consular y los c\u00f3nsules<\/strong><\/p>\n\n\n\n<p>El Cuerpo Consular fue creado el 9 de diciembre de 1952. Esta instituci\u00f3n re\u00fane a los representantes de los pa\u00edses que tienen relaciones diplom\u00e1ticas en Rep\u00fablica Dominicana, con el objetivo de reafirmar y estrechar los v\u00ednculos entre el gobierno, sus autoridades y el Cuerpo Consular.<\/p>\n\n\n\n<p>Su consejo directivo lo integran los c\u00f3nsules Fernando Gonzalez Nicolas, de Malasia Decano, Ricardo Koenig, de Antigua y Barbuda, vicedecano; Norman de Castro, de Sud\u00e1frica, secretario; Gustavo Vega, de Polonia,&nbsp;<a>vicesecretario;&nbsp;<\/a>Mar\u00edaJos\u00e9 Turull, de Tailandia, tesorera, y Emilio Hasb\u00fan, de Barbados, vicetesorero.<\/p>\n\n\n\n<p>Asimismo, como vocales los c\u00f3nsules Juan Barcel\u00f3 Salas, de Bielorrusia; Arturo Villanueva, de Rumania, Tom\u00e1s Gonz\u00e1lez, de Kazajst\u00e1n, Collin Holditch, de Canad\u00e1, Ra\u00edza Rodr\u00edguez, de Paraguay, Paulo Alves, de Portugal y Margarita de los Santos, de Malta.<\/p>\n\n\n\n<p>Tambi\u00e9n, los c\u00f3nsules Joan Gonz\u00e1lez, de Bangladesh, enlace de la regi\u00f3n Este; T\u00e1cito Cordero, de Brasil, de la zona Norte; Sixto Inchaustegui, de Montenegro, director de relaciones internacionales, y son asesores Maireni Bournigal, de Noruega; Marcos Rivera, de Bol\u00edvar, y Muriel Alfonseca, de Sri Lanka.<\/p>\n\n\n\n<p>Henry Coradin<a target=\"_blank\" href=\"mailto:henrycoradinrelacionespublicas@gmail.com\" rel=\"noreferrer noopener\">henrycoradinrelacionespublicas@<\/a><\/p>\n","protected":false},"excerpt":{"rendered":"<p>Ricardo Koenig, Fernando Gonz\u00e1lez Nicol\u00e1s, Mar\u00eda jos\u00e9 Turull y Emilio Hasbun El tradicional evento anual de golf se realizar\u00e1 el pr\u00f3ximo 9 de septiembre en Punta Espada Golf Club Cap Cana SANTO DOMINGO, RD. &#8211;\u00a0En el marco de la conmemoraci\u00f3n de los 70 a\u00f1os del Cuerpo Consular,\u00a0su Decano, Fernando Gonz\u00e1lez Nicol\u00e1s, C\u00f3nsul Honorario de Malasia [&hellip;]<\/p>\n","protected":false},"author":28,"featured_media":464646,"comment_status":"closed","ping_status":"","sticky":true,"template":"","format":"standard","meta":{"footnotes":""},"categories":[17,27,32],"tags":[],"class_list":["post-464643","post","type-post","status-publish","format-standard","has-post-thumbnail","hentry","category-deportes","category-portada","category-turismo"],"_links":{"self":[{"href":"https:\/\/diariodominicano.com\/index.php?rest_route=\/wp\/v2\/posts\/464643","targetHints":{"allow":["GET"]}}],"collection":[{"href":"https:\/\/diariodominicano.com\/index.php?rest_route=\/wp\/v2\/posts"}],"about":[{"href":"https:\/\/diariodominicano.com\/index.php?rest_route=\/wp\/v2\/types\/post"}],"author":[{"embeddable":true,"href":"https:\/\/diariodominicano.com\/index.php?rest_route=\/wp\/v2\/users\/28"}],"replies":[{"embeddable":true,"href":"https:\/\/diariodominicano.com\/index.php?rest_route=%2Fwp%2Fv2%2Fcomments&post=464643"}],"version-history":[{"count":11,"href":"https:\/\/diariodominicano.com\/index.php?rest_route=\/wp\/v2\/posts\/464643\/revisions"}],"predecessor-version":[{"id":464663,"href":"https:\/\/diariodominicano.com\/index.php?rest_route=\/wp\/v2\/posts\/464643\/revisions\/464663"}],"wp:featuredmedia":[{"embeddable":true,"href":"https:\/\/diariodominicano.com\/index.php?rest_route=\/wp\/v2\/media\/464646"}],"wp:attachment":[{"href":"https:\/\/diariodominicano.com\/index.php?rest_route=%2Fwp%2Fv2%2Fmedia&parent=464643"}],"wp:term":[{"taxonomy":"category","embeddable":true,"href":"https:\/\/diariodominicano.com\/index.php?rest_route=%2Fwp%2Fv2%2Fcategories&post=464643"},{"taxonomy":"post_tag","embeddable":true,"href":"https:\/\/diariodominicano.com\/index.php?rest_route=%2Fwp%2Fv2%2Ftags&post=464643"}],"curies":[{"name":"wp","href":"https:\/\/api.w.org\/{rel}","templated":true}]}}