{"id":464632,"date":"2023-08-18T12:18:07","date_gmt":"2023-08-18T16:18:07","guid":{"rendered":"http:\/\/diariodominicano.com\/?p=464632"},"modified":"2023-08-18T12:19:54","modified_gmt":"2023-08-18T16:19:54","slug":"ricky-martin-sinfonico-causa-grandes-expectativas-en-republica-dominicana-a-una-semana-del-inicio-de-la-gira-en-puerto-rico","status":"publish","type":"post","link":"https:\/\/diariodominicano.com\/?p=464632","title":{"rendered":"Ricky Martin Sinf\u00f3nico causa grandes expectativas en Rep\u00fablica Dominicana a una semana del inicio de la gira en Puerto Rico"},"content":{"rendered":"\n<p><strong><em>Los dominicanos disfrutar\u00e1n el hist\u00f3rico concierto el s\u00e1bado 2 de septiembre en Altos de Chav\u00f3n.<\/em><\/strong><\/p>\n\n\n\n<figure class=\"wp-block-image size-large\"><img loading=\"lazy\" decoding=\"async\" width=\"683\" height=\"1024\" src=\"https:\/\/diariodominicano.com\/wp-content\/uploads\/2023\/08\/LVC02144-1-683x1024.jpg\" alt=\"\" class=\"wp-image-464636\" srcset=\"https:\/\/diariodominicano.com\/wp-content\/uploads\/2023\/08\/LVC02144-1-683x1024.jpg 683w, https:\/\/diariodominicano.com\/wp-content\/uploads\/2023\/08\/LVC02144-1-200x300.jpg 200w, https:\/\/diariodominicano.com\/wp-content\/uploads\/2023\/08\/LVC02144-1-768x1152.jpg 768w, https:\/\/diariodominicano.com\/wp-content\/uploads\/2023\/08\/LVC02144-1-1024x1536.jpg 1024w, https:\/\/diariodominicano.com\/wp-content\/uploads\/2023\/08\/LVC02144-1-1365x2048.jpg 1365w, https:\/\/diariodominicano.com\/wp-content\/uploads\/2023\/08\/LVC02144-1-816x1224.jpg 816w, https:\/\/diariodominicano.com\/wp-content\/uploads\/2023\/08\/LVC02144-1-scaled.jpg 1707w\" sizes=\"auto, (max-width: 683px) 100vw, 683px\" \/><figcaption> Ricky Martin <\/figcaption><\/figure>\n\n\n\n<p>El astro de la m\u00fasica latina Ricky Martin iniciar\u00e1 la nueva etapa de su gira mundial \u201cRicky Martin Sinf\u00f3nico\u201d, este pr\u00f3ximo 26 de agosto con dos conciertos que continuar\u00e1n al d\u00eda siguiente, ambos en el Coliseo Jos\u00e9 Miguel Agrelot de Puerto Rico.<\/p>\n\n\n\n<p>El multipremiado cantante volver\u00e1 a su tierra natal y as\u00ed marcar el inicio del tour que lo llevar\u00e1 a diversos lugares como Rep\u00fablica Dominicana, M\u00e9xico, Estados Unidos, Canad\u00e1, entre otros.<\/p>\n\n\n\n<p>Desde ya, se ha producido gran expectativa con la llegada del show a Rep\u00fablica Dominicana el pr\u00f3ximo 2 de septiembre en Altos de Chav\u00f3n, vendi\u00e9ndose las entradas a un ritmo sorprendente para los organizadores.<\/p>\n\n\n\n<p>Canciones como \u201cTal Vez\u201d, \u201cMar\u00eda\u201d y \u201cFuego de Noche\u201d ser\u00e1n musicalizadas por la Orquesta Sinf\u00f3nica Nacional, bajo la direcci\u00f3n del maestro Jos\u00e9 Antonio Molina.<\/p>\n\n\n\n<p>Gamal Hach\u00e9, productor del evento, explic\u00f3 que este ser\u00e1 un evento con toda la calidad de producci\u00f3n que acompa\u00f1a al artista, tal y como disfrutaron miles en Argentina en lo que fue su primer show.<\/p>\n\n\n\n<figure class=\"wp-block-image size-large\"><img loading=\"lazy\" decoding=\"async\" width=\"683\" height=\"1024\" src=\"https:\/\/diariodominicano.com\/wp-content\/uploads\/2023\/08\/LVC02805-1-683x1024.jpg\" alt=\"\" class=\"wp-image-464639\" srcset=\"https:\/\/diariodominicano.com\/wp-content\/uploads\/2023\/08\/LVC02805-1-683x1024.jpg 683w, https:\/\/diariodominicano.com\/wp-content\/uploads\/2023\/08\/LVC02805-1-200x300.jpg 200w, https:\/\/diariodominicano.com\/wp-content\/uploads\/2023\/08\/LVC02805-1-768x1152.jpg 768w, https:\/\/diariodominicano.com\/wp-content\/uploads\/2023\/08\/LVC02805-1-1024x1536.jpg 1024w, https:\/\/diariodominicano.com\/wp-content\/uploads\/2023\/08\/LVC02805-1-1365x2048.jpg 1365w, https:\/\/diariodominicano.com\/wp-content\/uploads\/2023\/08\/LVC02805-1-816x1224.jpg 816w, https:\/\/diariodominicano.com\/wp-content\/uploads\/2023\/08\/LVC02805-1-scaled.jpg 1707w\" sizes=\"auto, (max-width: 683px) 100vw, 683px\" \/><figcaption> Ricky Martin <\/figcaption><\/figure>\n\n\n\n<p>\u201cRicky Martin quiso volver a estar con su p\u00fablico dominicano y esta vez elogi\u00f3 que sea junto a la sinf\u00f3nica\u201d, agreg\u00f3 el empresario.<\/p>\n\n\n\n<p>La producci\u00f3n agreg\u00f3 que las boletas para el show en Rep\u00fablica Dominicana est\u00e1n a la venta en Uepa Tickets y CCN.<\/p>\n\n\n\n<p>Luego de presentarse en Rep\u00fablica Dominicana, Ricky Martin har\u00e1 seis noches de conciertos en M\u00e9xico.<\/p>\n\n\n\n<p>Hector Romero<a target=\"_blank\" href=\"mailto:hferom@dparranda.net\" rel=\"noreferrer noopener\">hferom@dparranda.net<\/a><\/p>\n\n\n\n<p>&#8212;<\/p>\n\n\n\n<p><strong>&#8212;&#8212;<\/strong><\/p>\n","protected":false},"excerpt":{"rendered":"<p>Los dominicanos disfrutar\u00e1n el hist\u00f3rico concierto el s\u00e1bado 2 de septiembre en Altos de Chav\u00f3n. El astro de la m\u00fasica latina Ricky Martin iniciar\u00e1 la nueva etapa de su gira mundial \u201cRicky Martin Sinf\u00f3nico\u201d, este pr\u00f3ximo 26 de agosto con dos conciertos que continuar\u00e1n al d\u00eda siguiente, ambos en el Coliseo Jos\u00e9 Miguel Agrelot de [&hellip;]<\/p>\n","protected":false},"author":28,"featured_media":464634,"comment_status":"closed","ping_status":"","sticky":true,"template":"","format":"standard","meta":{"footnotes":""},"categories":[36,25,27,32],"tags":[],"class_list":["post-464632","post","type-post","status-publish","format-standard","has-post-thumbnail","hentry","category-hombresmujeresycosas","category-gente","category-portada","category-turismo"],"_links":{"self":[{"href":"https:\/\/diariodominicano.com\/index.php?rest_route=\/wp\/v2\/posts\/464632","targetHints":{"allow":["GET"]}}],"collection":[{"href":"https:\/\/diariodominicano.com\/index.php?rest_route=\/wp\/v2\/posts"}],"about":[{"href":"https:\/\/diariodominicano.com\/index.php?rest_route=\/wp\/v2\/types\/post"}],"author":[{"embeddable":true,"href":"https:\/\/diariodominicano.com\/index.php?rest_route=\/wp\/v2\/users\/28"}],"replies":[{"embeddable":true,"href":"https:\/\/diariodominicano.com\/index.php?rest_route=%2Fwp%2Fv2%2Fcomments&post=464632"}],"version-history":[{"count":5,"href":"https:\/\/diariodominicano.com\/index.php?rest_route=\/wp\/v2\/posts\/464632\/revisions"}],"predecessor-version":[{"id":464642,"href":"https:\/\/diariodominicano.com\/index.php?rest_route=\/wp\/v2\/posts\/464632\/revisions\/464642"}],"wp:featuredmedia":[{"embeddable":true,"href":"https:\/\/diariodominicano.com\/index.php?rest_route=\/wp\/v2\/media\/464634"}],"wp:attachment":[{"href":"https:\/\/diariodominicano.com\/index.php?rest_route=%2Fwp%2Fv2%2Fmedia&parent=464632"}],"wp:term":[{"taxonomy":"category","embeddable":true,"href":"https:\/\/diariodominicano.com\/index.php?rest_route=%2Fwp%2Fv2%2Fcategories&post=464632"},{"taxonomy":"post_tag","embeddable":true,"href":"https:\/\/diariodominicano.com\/index.php?rest_route=%2Fwp%2Fv2%2Ftags&post=464632"}],"curies":[{"name":"wp","href":"https:\/\/api.w.org\/{rel}","templated":true}]}}