{"id":464566,"date":"2023-08-18T09:04:00","date_gmt":"2023-08-18T13:04:00","guid":{"rendered":"http:\/\/diariodominicano.com\/?p=464566"},"modified":"2023-08-18T09:05:36","modified_gmt":"2023-08-18T13:05:36","slug":"primer-ministro-de-haiti-debate-tema-sobre-inseguridad-con-frantz-elbe-jefe-de-policia","status":"publish","type":"post","link":"https:\/\/diariodominicano.com\/?p=464566","title":{"rendered":"Primer ministro de Hait\u00ed debate tema sobre inseguridad con Frantz Elb\u00e9, Jefe de Polic\u00eda"},"content":{"rendered":"\n<p>diariodominicano.com<\/p>\n\n\n\n<p>Puerto Pr\u00edncipe, 17 ago (Prensa Latina) El primer ministro Ariel Henry visit\u00f3 hoy la direcci\u00f3n general de la Polic\u00eda Nacional de Hait\u00ed (PNH) y se reuni\u00f3 con su responsable, Frantz Elb\u00e9, con quien discuti\u00f3 sobre el clima de inseguridad.<\/p>\n\n\n\n<p>Los funcionarios debatieron sobre la violencia en la zona metropolitana de la capital y algunas ciudades provinciales.<\/p>\n\n\n\n<p>El encuentro tiene lugar en un contexto de asedio de las pandillas a barrios capitalinos como Tabarre, Croix des Bouquets y Carrefour Feuilles que ya dejaron decenas de muertos.<\/p>\n\n\n\n<p>De acuerdo con un balance del Centro de An\u00e1lisis e Investigaci\u00f3n en Derechos Humanos desde el 13 de agosto al menos 15 personas fueron asesinadas en Carrefour Feuilles y otras 40 sufrieron heridas tras los ataques de la pandilla de Gran Ravine a la zona.<\/p>\n\n\n\n<p>Adem\u00e1s, mujeres fueron violadas en grupo y los perpetradores incendiaron una treintena de viviendas.<\/p>\n\n\n\n<p>Cerca de 10 mil personas tuvieron que huir de sus hogares para refugiarse en los alrededores del estadio Sylvio Cator, as\u00ed como el gimnasio Vincent, el Champs de Mars, la plaza Carl Brouard y la escuela Rep\u00fablica de Brasil.<\/p>\n\n\n\n<p>Las pandillas tambi\u00e9n asaltaron la subestaci\u00f3n el\u00e9ctrica de Savane Pistache y dejaron inoperativa la infraestructura, con lo cual parte de la zona metropolitana de la capital se encuentra a oscuras.<\/p>\n\n\n\n<p>En un informe al Consejo de Seguridad de Naciones Unidas, el secretario general del organismo mundial, Antonio Guterres, asegur\u00f3 que se necesita un uso en\u00e9rgico de la fuerza por parte del despliegue multinacional de la polic\u00eda, as\u00ed como la utilizaci\u00f3n de medios militares para restablecer el orden p\u00fablico en Hait\u00ed y desarmar a las pandillas.<\/p>\n\n\n\n<p>Insisti\u00f3 en que nada menos que el uso robusto de la fuerza, complementado con una serie de medidas no cin\u00e9ticas, por una fuerza policial multinacional especializada y competente, apoyada en medios militares y coordinada con la polic\u00eda nacional, podr\u00eda lograr los objetivos de eliminar a los grupos armados.<\/p>\n\n\n\n<p>En octubre el Gobierno solicit\u00f3 el despliegue de tropas extranjeras para contener a las pandillas que controlan m\u00e1s del 80 por ciento de la capital, y que son responsables del deterioro del clima de seguridad, as\u00ed como de miles de muertes y secuestros.<\/p>\n\n\n\n<p>lam\/ane<\/p>\n\n\n\n<p><\/p>\n","protected":false},"excerpt":{"rendered":"<p>diariodominicano.com Puerto Pr\u00edncipe, 17 ago (Prensa Latina) El primer ministro Ariel Henry visit\u00f3 hoy la direcci\u00f3n general de la Polic\u00eda Nacional de Hait\u00ed (PNH) y se reuni\u00f3 con su responsable, Frantz Elb\u00e9, con quien discuti\u00f3 sobre el clima de inseguridad. Los funcionarios debatieron sobre la violencia en la zona metropolitana de la capital y algunas [&hellip;]<\/p>\n","protected":false},"author":5,"featured_media":464575,"comment_status":"closed","ping_status":"","sticky":true,"template":"","format":"standard","meta":{"footnotes":""},"categories":[112,23,27],"tags":[],"class_list":["post-464566","post","type-post","status-publish","format-standard","has-post-thumbnail","hentry","category-haiti","category-internacional","category-portada"],"_links":{"self":[{"href":"https:\/\/diariodominicano.com\/index.php?rest_route=\/wp\/v2\/posts\/464566","targetHints":{"allow":["GET"]}}],"collection":[{"href":"https:\/\/diariodominicano.com\/index.php?rest_route=\/wp\/v2\/posts"}],"about":[{"href":"https:\/\/diariodominicano.com\/index.php?rest_route=\/wp\/v2\/types\/post"}],"author":[{"embeddable":true,"href":"https:\/\/diariodominicano.com\/index.php?rest_route=\/wp\/v2\/users\/5"}],"replies":[{"embeddable":true,"href":"https:\/\/diariodominicano.com\/index.php?rest_route=%2Fwp%2Fv2%2Fcomments&post=464566"}],"version-history":[{"count":3,"href":"https:\/\/diariodominicano.com\/index.php?rest_route=\/wp\/v2\/posts\/464566\/revisions"}],"predecessor-version":[{"id":464578,"href":"https:\/\/diariodominicano.com\/index.php?rest_route=\/wp\/v2\/posts\/464566\/revisions\/464578"}],"wp:featuredmedia":[{"embeddable":true,"href":"https:\/\/diariodominicano.com\/index.php?rest_route=\/wp\/v2\/media\/464575"}],"wp:attachment":[{"href":"https:\/\/diariodominicano.com\/index.php?rest_route=%2Fwp%2Fv2%2Fmedia&parent=464566"}],"wp:term":[{"taxonomy":"category","embeddable":true,"href":"https:\/\/diariodominicano.com\/index.php?rest_route=%2Fwp%2Fv2%2Fcategories&post=464566"},{"taxonomy":"post_tag","embeddable":true,"href":"https:\/\/diariodominicano.com\/index.php?rest_route=%2Fwp%2Fv2%2Ftags&post=464566"}],"curies":[{"name":"wp","href":"https:\/\/api.w.org\/{rel}","templated":true}]}}