{"id":464446,"date":"2023-08-17T23:50:11","date_gmt":"2023-08-18T03:50:11","guid":{"rendered":"http:\/\/diariodominicano.com\/?p=464446"},"modified":"2023-08-17T23:50:11","modified_gmt":"2023-08-18T03:50:11","slug":"china-confirma-visita-de-xi-jinping-a-sudafrica-para-cumbre-del-brics","status":"publish","type":"post","link":"https:\/\/diariodominicano.com\/?p=464446","title":{"rendered":"China confirma visita de Xi Jinping a Sud\u00e1frica para Cumbre del Brics"},"content":{"rendered":"\n<p>Beijing, 18 ago (Prensa Latina) El presidente de China, Xi Jinping, participar\u00e1 en la pr\u00f3xima Cumbre de los Brics en Sud\u00e1frica y realizar\u00e1 una visita de Estado a ese pa\u00eds, confirm\u00f3 hoy la canciller\u00eda asi\u00e1tica.&nbsp;&nbsp;&nbsp;&nbsp;<\/p>\n\n\n\n<ul class=\"wp-block-list\"><li>agosto 17, 2023<\/li><li>CDT23:31 (GMT) -0400<\/li><\/ul>\n\n\n\n<p>De acuerdo con el Ministerio de Relaciones Exteriores, la agenda del mandatario se extender\u00e1 del 21 al 24 de agosto pr\u00f3ximo.<\/p>\n\n\n\n<p>Esta es la segunda vez que Xi viaja fuera del pa\u00eds en el presente a\u00f1o, luego de visitar Rusia en marzo pasado.<\/p>\n\n\n\n<p>Los representantes de los pa\u00edses miembros (Brasil, Rusia, India, China y Sud\u00e1frica) se reunir\u00e1n en Johannesburgo bajo el lema \u201cBrics y \u00c1frica: asociaci\u00f3n para el crecimiento mutuamente acelerado, el desarrollo sostenible y el multilateralismo inclusivo\u201d.<\/p>\n\n\n\n<p>El bloque destaca por sus propuestas en favor de una nueva gobernanza global y una arquitectura financiera multilateral, de ah\u00ed el inter\u00e9s de las econom\u00edas emergentes de unirse al grupo.<\/p>\n\n\n\n<p>Seg\u00fan el gobierno de Sud\u00e1frica, los 23 pa\u00edses que expresaron oficialmente su deseo de unirse al Brics son Arabia Saud\u00ed, Argelia, Argentina, Bangladesh, Bahrein, Bielorrusia, Bolivia, Cuba, Egipto, Etiop\u00eda, Honduras, Indonesia, Ir\u00e1n, Kazajst\u00e1n, Kuwait, Marruecos, Nigeria, Palestina, Senegal, Tailandia, Emiratos \u00c1rabes Unidos, Venezuela y Vietnam.<\/p>\n\n\n\n<p>En reciente conferencia de prensa, la ministra de Relaciones Internacionales de Sud\u00e1frica, Naledi Pandor, revel\u00f3 que para participar en el Di\u00e1logo Brics Plus, as\u00ed como el Brics Africa Outreach, el presidente de esa naci\u00f3n, Cyril Ramaphosa, invit\u00f3 a 67 altos dirigentes del continente y el Sur global.<\/p>\n\n\n\n<p>Asimismo, agreg\u00f3, el mandatario extendi\u00f3 invitaciones a 20 titulares internacionales como el secretario general de las Naciones Unidas, el de la Comisi\u00f3n de la Uni\u00f3n Africana, el del Nuevo Banco de Desarrollo, y los presidentes y Jefes Ejecutivos de las Comunidades Econ\u00f3micas Regionales Africanas.<\/p>\n\n\n\n<p>lam\/idm<\/p>\n","protected":false},"excerpt":{"rendered":"<p>Beijing, 18 ago (Prensa Latina) El presidente de China, Xi Jinping, participar\u00e1 en la pr\u00f3xima Cumbre de los Brics en Sud\u00e1frica y realizar\u00e1 una visita de Estado a ese pa\u00eds, confirm\u00f3 hoy la canciller\u00eda asi\u00e1tica.&nbsp;&nbsp;&nbsp;&nbsp; agosto 17, 2023 CDT23:31 (GMT) -0400 De acuerdo con el Ministerio de Relaciones Exteriores, la agenda del mandatario se extender\u00e1 [&hellip;]<\/p>\n","protected":false},"author":28,"featured_media":464447,"comment_status":"closed","ping_status":"","sticky":true,"template":"","format":"standard","meta":{"footnotes":""},"categories":[23,118],"tags":[],"class_list":["post-464446","post","type-post","status-publish","format-standard","has-post-thumbnail","hentry","category-internacional","category-xvcumbrebrics"],"_links":{"self":[{"href":"https:\/\/diariodominicano.com\/index.php?rest_route=\/wp\/v2\/posts\/464446","targetHints":{"allow":["GET"]}}],"collection":[{"href":"https:\/\/diariodominicano.com\/index.php?rest_route=\/wp\/v2\/posts"}],"about":[{"href":"https:\/\/diariodominicano.com\/index.php?rest_route=\/wp\/v2\/types\/post"}],"author":[{"embeddable":true,"href":"https:\/\/diariodominicano.com\/index.php?rest_route=\/wp\/v2\/users\/28"}],"replies":[{"embeddable":true,"href":"https:\/\/diariodominicano.com\/index.php?rest_route=%2Fwp%2Fv2%2Fcomments&post=464446"}],"version-history":[{"count":1,"href":"https:\/\/diariodominicano.com\/index.php?rest_route=\/wp\/v2\/posts\/464446\/revisions"}],"predecessor-version":[{"id":464448,"href":"https:\/\/diariodominicano.com\/index.php?rest_route=\/wp\/v2\/posts\/464446\/revisions\/464448"}],"wp:featuredmedia":[{"embeddable":true,"href":"https:\/\/diariodominicano.com\/index.php?rest_route=\/wp\/v2\/media\/464447"}],"wp:attachment":[{"href":"https:\/\/diariodominicano.com\/index.php?rest_route=%2Fwp%2Fv2%2Fmedia&parent=464446"}],"wp:term":[{"taxonomy":"category","embeddable":true,"href":"https:\/\/diariodominicano.com\/index.php?rest_route=%2Fwp%2Fv2%2Fcategories&post=464446"},{"taxonomy":"post_tag","embeddable":true,"href":"https:\/\/diariodominicano.com\/index.php?rest_route=%2Fwp%2Fv2%2Ftags&post=464446"}],"curies":[{"name":"wp","href":"https:\/\/api.w.org\/{rel}","templated":true}]}}