{"id":464288,"date":"2023-08-16T23:15:34","date_gmt":"2023-08-17T03:15:34","guid":{"rendered":"http:\/\/diariodominicano.com\/?p=464288"},"modified":"2023-08-16T23:26:26","modified_gmt":"2023-08-17T03:26:26","slug":"se-aferran-a-la-cima-con-hat-tricks-de-gustavo-azcona-moca-fc-golea-al-atlantico-fc-y-mantiene-su-ventaja-en-ldf","status":"publish","type":"post","link":"https:\/\/diariodominicano.com\/?p=464288","title":{"rendered":"Se aferran a la cima con\u00a0hat-tricks\u00a0de Gustavo Azcona: MOCA FC golea al atl\u00e1ntico FC y mantiene su ventaja en LDF"},"content":{"rendered":"\n<p>Con hat-tricks de Gustavo Azcona el MOCA FC supero 4-1 al Atlantico FC<\/p>\n\n\n\n<figure class=\"wp-block-image size-large\"><img loading=\"lazy\" decoding=\"async\" width=\"1024\" height=\"636\" src=\"https:\/\/diariodominicano.com\/wp-content\/uploads\/2023\/08\/Odalis-Bez-MOCA-FC-en-una-de-sus-atajadas-en-el-partido-1024x636.jpg\" alt=\"\" class=\"wp-image-464292\" srcset=\"https:\/\/diariodominicano.com\/wp-content\/uploads\/2023\/08\/Odalis-Bez-MOCA-FC-en-una-de-sus-atajadas-en-el-partido-1024x636.jpg 1024w, https:\/\/diariodominicano.com\/wp-content\/uploads\/2023\/08\/Odalis-Bez-MOCA-FC-en-una-de-sus-atajadas-en-el-partido-300x186.jpg 300w, https:\/\/diariodominicano.com\/wp-content\/uploads\/2023\/08\/Odalis-Bez-MOCA-FC-en-una-de-sus-atajadas-en-el-partido-768x477.jpg 768w, https:\/\/diariodominicano.com\/wp-content\/uploads\/2023\/08\/Odalis-Bez-MOCA-FC-en-una-de-sus-atajadas-en-el-partido-1536x953.jpg 1536w, https:\/\/diariodominicano.com\/wp-content\/uploads\/2023\/08\/Odalis-Bez-MOCA-FC-en-una-de-sus-atajadas-en-el-partido-2048x1271.jpg 2048w, https:\/\/diariodominicano.com\/wp-content\/uploads\/2023\/08\/Odalis-Bez-MOCA-FC-en-una-de-sus-atajadas-en-el-partido-816x506.jpg 816w\" sizes=\"auto, (max-width: 1024px) 100vw, 1024px\" \/><figcaption>Con hat-tricks de Gustavo Azcona el MOCA FC supero 4-1 al Atl\u00e1ntico FC<\/figcaption><\/figure>\n\n\n\n<p><strong>MOCA, RD. &#8211;<\/strong>&nbsp;Con&nbsp;<strong>un&nbsp;hat-tricks&nbsp;de Gustavo Azcona&nbsp;el&nbsp;<\/strong>MOCA FC dobleg\u00f3 4-1 al Atl\u00e1ntico FC para prolongar su racha de 6 partidos sin perder y afianzarse en la cima de la Liga Dominicana de F\u00fatbol (LDF), en la sexta jornada de la liguilla 2023.<\/p>\n\n\n\n<figure class=\"wp-block-image size-large\"><img loading=\"lazy\" decoding=\"async\" width=\"1024\" height=\"643\" src=\"https:\/\/diariodominicano.com\/wp-content\/uploads\/2023\/08\/Guztavo-Azcona-MOCA-FC-celebra-uno-de-sus-dos-goles-en-el-partido-contra-el-Atlantico-FC-1024x643.jpg\" alt=\"\" class=\"wp-image-464297\" srcset=\"https:\/\/diariodominicano.com\/wp-content\/uploads\/2023\/08\/Guztavo-Azcona-MOCA-FC-celebra-uno-de-sus-dos-goles-en-el-partido-contra-el-Atlantico-FC-1024x643.jpg 1024w, https:\/\/diariodominicano.com\/wp-content\/uploads\/2023\/08\/Guztavo-Azcona-MOCA-FC-celebra-uno-de-sus-dos-goles-en-el-partido-contra-el-Atlantico-FC-300x189.jpg 300w, https:\/\/diariodominicano.com\/wp-content\/uploads\/2023\/08\/Guztavo-Azcona-MOCA-FC-celebra-uno-de-sus-dos-goles-en-el-partido-contra-el-Atlantico-FC-768x483.jpg 768w, https:\/\/diariodominicano.com\/wp-content\/uploads\/2023\/08\/Guztavo-Azcona-MOCA-FC-celebra-uno-de-sus-dos-goles-en-el-partido-contra-el-Atlantico-FC-1536x965.jpg 1536w, https:\/\/diariodominicano.com\/wp-content\/uploads\/2023\/08\/Guztavo-Azcona-MOCA-FC-celebra-uno-de-sus-dos-goles-en-el-partido-contra-el-Atlantico-FC-2048x1287.jpg 2048w, https:\/\/diariodominicano.com\/wp-content\/uploads\/2023\/08\/Guztavo-Azcona-MOCA-FC-celebra-uno-de-sus-dos-goles-en-el-partido-contra-el-Atlantico-FC-816x513.jpg 816w\" sizes=\"auto, (max-width: 1024px) 100vw, 1024px\" \/><figcaption>Guztavo Azcona MOCA FC celebra uno de sus dos goles en el partido contra el Atlantico FC<\/figcaption><\/figure>\n\n\n\n<p>El delantero Argentino Azcona recibi\u00f3 un pase diagonal de Sebasti\u00e1n Valencia para anotar a los 18 minutos del primer tiempo y colocar el 1-0, para alegr\u00eda de la fanaticada local que asisti\u00f3 al encuentro en el estadio Ol\u00edmpico de Moca.<\/p>\n\n\n\n<p>El segundo gol del partido lo anot\u00f3&nbsp;<strong>de nuevo Azcona<\/strong><strong>&nbsp;(<\/strong><strong>3<\/strong><strong>4\u2032),<\/strong>&nbsp;quien desde el \u00e1rea sac\u00f3 un remate rasante y bati\u00f3 al portero Jaime Villalba, gracias a la asistencia de Alejandro Carrera, para comenzar de nuevo la estruendosa celebraci\u00f3n de los mocanos.<\/p>\n\n\n\n<figure class=\"wp-block-image size-large\"><img loading=\"lazy\" decoding=\"async\" width=\"1024\" height=\"641\" src=\"https:\/\/diariodominicano.com\/wp-content\/uploads\/2023\/08\/Victor-Sanchez-MOCA-FC-en-una-accion-ante-el-Atlantico-FC-1-1024x641.jpg\" alt=\"\" class=\"wp-image-464295\" srcset=\"https:\/\/diariodominicano.com\/wp-content\/uploads\/2023\/08\/Victor-Sanchez-MOCA-FC-en-una-accion-ante-el-Atlantico-FC-1-1024x641.jpg 1024w, https:\/\/diariodominicano.com\/wp-content\/uploads\/2023\/08\/Victor-Sanchez-MOCA-FC-en-una-accion-ante-el-Atlantico-FC-1-300x188.jpg 300w, https:\/\/diariodominicano.com\/wp-content\/uploads\/2023\/08\/Victor-Sanchez-MOCA-FC-en-una-accion-ante-el-Atlantico-FC-1-768x481.jpg 768w, https:\/\/diariodominicano.com\/wp-content\/uploads\/2023\/08\/Victor-Sanchez-MOCA-FC-en-una-accion-ante-el-Atlantico-FC-1-1536x961.jpg 1536w, https:\/\/diariodominicano.com\/wp-content\/uploads\/2023\/08\/Victor-Sanchez-MOCA-FC-en-una-accion-ante-el-Atlantico-FC-1-2048x1281.jpg 2048w, https:\/\/diariodominicano.com\/wp-content\/uploads\/2023\/08\/Victor-Sanchez-MOCA-FC-en-una-accion-ante-el-Atlantico-FC-1-816x511.jpg 816w\" sizes=\"auto, (max-width: 1024px) 100vw, 1024px\" \/><figcaption>Victor Sanchez MOCA FC en una accion ante el Atlantico FC <\/figcaption><\/figure>\n\n\n\n<figure class=\"wp-block-image size-large\"><img loading=\"lazy\" decoding=\"async\" width=\"1024\" height=\"644\" src=\"https:\/\/diariodominicano.com\/wp-content\/uploads\/2023\/08\/Thomas-Clifford-MOCA-FC-en-accion-frente-a-un-defensa-del-Atlantico-FC-1024x644.jpg\" alt=\"\" class=\"wp-image-464300\" srcset=\"https:\/\/diariodominicano.com\/wp-content\/uploads\/2023\/08\/Thomas-Clifford-MOCA-FC-en-accion-frente-a-un-defensa-del-Atlantico-FC-1024x644.jpg 1024w, https:\/\/diariodominicano.com\/wp-content\/uploads\/2023\/08\/Thomas-Clifford-MOCA-FC-en-accion-frente-a-un-defensa-del-Atlantico-FC-300x189.jpg 300w, https:\/\/diariodominicano.com\/wp-content\/uploads\/2023\/08\/Thomas-Clifford-MOCA-FC-en-accion-frente-a-un-defensa-del-Atlantico-FC-768x483.jpg 768w, https:\/\/diariodominicano.com\/wp-content\/uploads\/2023\/08\/Thomas-Clifford-MOCA-FC-en-accion-frente-a-un-defensa-del-Atlantico-FC-1536x966.jpg 1536w, https:\/\/diariodominicano.com\/wp-content\/uploads\/2023\/08\/Thomas-Clifford-MOCA-FC-en-accion-frente-a-un-defensa-del-Atlantico-FC-2048x1288.jpg 2048w, https:\/\/diariodominicano.com\/wp-content\/uploads\/2023\/08\/Thomas-Clifford-MOCA-FC-en-accion-frente-a-un-defensa-del-Atlantico-FC-816x513.jpg 816w\" sizes=\"auto, (max-width: 1024px) 100vw, 1024px\" \/><figcaption>Thomas Clifford MOCA FC en acci\u00f3n frente a un defensa del Atl\u00e1ntico FC<\/figcaption><\/figure>\n\n\n\n<p>Iniciando el segundo tiempo de nuevo, aparece Azcona ahora de penal en el minuto 48, luego de una derribada dentro del \u00e1rea a V\u00edctor S\u00e1nchez, para sentenciar el penal y seguir la grandiosa celebraci\u00f3n de los aurinegros, colocando el 3-0.<\/p>\n\n\n\n<p>Ya en el minuto 87, una jugada al borde del \u00e1rea de Michel C\u00e1rdenas, con un zapatazo bati\u00f3 de manera espectacular al portero y colocaba el 4-0, dejando un estadio al borde de la loquera con la actuaci\u00f3n de los aurinegros en esta sexta jornada de Liguilla.<\/p>\n\n\n\n<p>El Atl\u00e1ntico FC, marco su \u00fanico gol en el minuto 90+4, a trav\u00e9s de las piernas de Eduardo Montenegro. &nbsp;&nbsp;<\/p>\n\n\n\n<p>Con este resultado el equipo que dirige Sergio Guzm\u00e1n se mantiene como l\u00edder con 12 puntos, a falta de cuatro jornadas para terminar la etapa de Liguilla y entrar a las semifinales del evento.<\/p>\n\n\n\n<p>El aurinegro tendr\u00e1 otra prueba de fuego el s\u00e1bado 19 de agosto al enfrentar al Cibao FC, en la Pontificia Universidad Cat\u00f3lica Madre y Maestra (PUCMM), en horario de las 6:00 pm.<\/p>\n\n\n\n<p>Jose Luis Paulino Reyes<a target=\"_blank\" href=\"mailto:josepaulinodeportesjp@gmail.com\" rel=\"noreferrer noopener\">josepaulinodeportesjp@gmail.c<\/a><\/p>\n\n\n\n<p><strong>Prensa y Relaciones P\u00fablicas MOCA FC<\/strong><\/p>\n","protected":false},"excerpt":{"rendered":"<p>Con hat-tricks de Gustavo Azcona el MOCA FC supero 4-1 al Atlantico FC MOCA, RD. &#8211;&nbsp;Con&nbsp;un&nbsp;hat-tricks&nbsp;de Gustavo Azcona&nbsp;el&nbsp;MOCA FC dobleg\u00f3 4-1 al Atl\u00e1ntico FC para prolongar su racha de 6 partidos sin perder y afianzarse en la cima de la Liga Dominicana de F\u00fatbol (LDF), en la sexta jornada de la liguilla 2023. El delantero [&hellip;]<\/p>\n","protected":false},"author":28,"featured_media":464289,"comment_status":"closed","ping_status":"","sticky":true,"template":"","format":"standard","meta":{"footnotes":""},"categories":[17,27,32],"tags":[],"class_list":["post-464288","post","type-post","status-publish","format-standard","has-post-thumbnail","hentry","category-deportes","category-portada","category-turismo"],"_links":{"self":[{"href":"https:\/\/diariodominicano.com\/index.php?rest_route=\/wp\/v2\/posts\/464288","targetHints":{"allow":["GET"]}}],"collection":[{"href":"https:\/\/diariodominicano.com\/index.php?rest_route=\/wp\/v2\/posts"}],"about":[{"href":"https:\/\/diariodominicano.com\/index.php?rest_route=\/wp\/v2\/types\/post"}],"author":[{"embeddable":true,"href":"https:\/\/diariodominicano.com\/index.php?rest_route=\/wp\/v2\/users\/28"}],"replies":[{"embeddable":true,"href":"https:\/\/diariodominicano.com\/index.php?rest_route=%2Fwp%2Fv2%2Fcomments&post=464288"}],"version-history":[{"count":10,"href":"https:\/\/diariodominicano.com\/index.php?rest_route=\/wp\/v2\/posts\/464288\/revisions"}],"predecessor-version":[{"id":464303,"href":"https:\/\/diariodominicano.com\/index.php?rest_route=\/wp\/v2\/posts\/464288\/revisions\/464303"}],"wp:featuredmedia":[{"embeddable":true,"href":"https:\/\/diariodominicano.com\/index.php?rest_route=\/wp\/v2\/media\/464289"}],"wp:attachment":[{"href":"https:\/\/diariodominicano.com\/index.php?rest_route=%2Fwp%2Fv2%2Fmedia&parent=464288"}],"wp:term":[{"taxonomy":"category","embeddable":true,"href":"https:\/\/diariodominicano.com\/index.php?rest_route=%2Fwp%2Fv2%2Fcategories&post=464288"},{"taxonomy":"post_tag","embeddable":true,"href":"https:\/\/diariodominicano.com\/index.php?rest_route=%2Fwp%2Fv2%2Ftags&post=464288"}],"curies":[{"name":"wp","href":"https:\/\/api.w.org\/{rel}","templated":true}]}}