{"id":464192,"date":"2023-08-16T20:05:23","date_gmt":"2023-08-17T00:05:23","guid":{"rendered":"http:\/\/diariodominicano.com\/?p=464192"},"modified":"2023-08-16T20:05:23","modified_gmt":"2023-08-17T00:05:23","slug":"la-guerra-restauracion-fue-un-esfuerzo-colosal-del-pueblo-dominicano-pld","status":"publish","type":"post","link":"https:\/\/diariodominicano.com\/?p=464192","title":{"rendered":"La Guerra Restauraci\u00f3n fue un esfuerzo colosal del pueblo dominicano: PLD"},"content":{"rendered":"\n<p><em>Bosch se\u00f1ala que se trat\u00f3 de una haza\u00f1a militar singular digna de ser reconocida cada d\u00eda por su extraordinario valor hist\u00f3rico. Esta guerra de amplia participaci\u00f3n popular.<\/em><\/p>\n\n\n\n<p>Andr\u00e9s de las Mercedes, titular de la Secretar\u00eda de Educaci\u00f3n del Partido de la Liberaci\u00f3n Dominicana (PLD),\u00a0asegur\u00f3\u00a0que la\u00a0guerra de la Restauraci\u00f3n de la Rep\u00fablica Dominicana representa la epopeya de mayor trascendencia en la historia de Rep\u00fablica Dominicana, debido al\u00a0<em>esfuerzo colectivo colosal, gigantesco y heroico, en el que\u00a0<\/em>se impuso el patriotismo del pueblo dominicano en una confrontaci\u00f3n objetivamente desigual.<\/p>\n\n\n\n<p>Record\u00f3 que la guerra de la Restauraci\u00f3n se inici\u00f3&nbsp;&nbsp;hace 160 a\u00f1os, el 16 de agosto de 1863 con el grito de&nbsp;&nbsp;Capotillo y que se extendi\u00f3 de inmediato a todo el Noroeste y el Norte, y progresivamente al Este y al Sur; siendo librada por el pueblo dominicano contra un ej\u00e9rcito regular, bien entrenado y equipado, dirigido por oficiales de carrera con vasta experiencia en confrontaciones b\u00e9licas, quienes hab\u00edan combatido en Europa.<\/p>\n\n\n\n<p>Manifest\u00f3 que la misma se extendi\u00f3 a todo el territorio nacional lo que permiti\u00f3 la participaci\u00f3n de personas de todos los sectores sociales y sus consecuencias incidieron para que el imperio colonial espa\u00f1ol acelerara su proceso de derrumbe definitivo.<\/p>\n\n\n\n<p>Las declaraciones de Andr\u00e9s de las Mercedes&nbsp;&nbsp;fueron ofrecidas&nbsp;&nbsp;a prop\u00f3sito de la Restauraci\u00f3n de la soberan\u00eda dominicana, en la que cit\u00f3 a grandes historiados y escritores dominicanos y de Am\u00e9rica Latina, entre los que destac\u00f3 los&nbsp;an\u00e1lisis hechos por el Profesor Juan Bosch, Roberto Cass\u00e1, Emilio M. Cordero y Jos\u00e9 de la G\u00e1ndara sobre este acontecimiento hist\u00f3rico.<\/p>\n\n\n\n<p>Manifest\u00f3 que Juan Bosch en su obra La guerra de la Restauraci\u00f3n describe este acontecimiento como la p\u00e1gina m\u00e1s notable de la historia dominicana, por ser un esfuerzo colectivo, gigantesco, y heroico.<\/p>\n\n\n\n<p>\u201cBosch se\u00f1ala que se trat\u00f3 de una haza\u00f1a militar singular digna de ser reconocida cada d\u00eda por su extraordinario valor hist\u00f3rico. Esta guerra de amplia participaci\u00f3n popular fue a la vez una guerra de liberaci\u00f3n nacional y una guerra social, en la cual las personas se involucraron por patriotismo o en busca de movilidad social ascendente; as\u00ed como por ambos motivos\u201d, precis\u00f3 el dirigente pelede\u00edstas en declaraciones rese\u00f1adas por la Secretar\u00eda de Comunicaciones del PLD.<\/p>\n\n\n\n<p>Manifest\u00f3 que, seg\u00fan Roberto Cass\u00e1, el \u00e9xito de los restauradores tuvo como patr\u00f3n el manual de guerra de guerrillas elaborado por Mat\u00edas Ram\u00f3n Mella, quien fue ministro de guerra y posteriormente vicepresidente del Gobierno Provisional Restaurador; y que ese instructivo&nbsp;fue asumido por el Gobierno Provisional restaurador; el cual lo promovi\u00f3 y puso en marcha a partir de octubre de 1863.<\/p>\n\n\n\n<p>En tal sentido,&nbsp;Andr\u00e9s de las Mercedes&nbsp;destac\u00f3 que la efectividad de los ataques de las fuerzas restauradoras era demoledora, porque siguieron&nbsp;&nbsp;&nbsp;las \u00f3rdenes de los generales Gregorio Luper\u00f3n, Gaspar Polanco, Mat\u00edas Ram\u00f3n Mella, Pedro Antonio Pimentel, Santiago Rodr\u00edguez, Aniceto Mart\u00ednez, Eusebio Evangelista; y aplicaron las t\u00e1cticas correctas, guerra de guerrillas, a la luz del instructivo de Mella.<\/p>\n\n\n\n<p>Declar\u00f3 que los restauradores de los poblados, en el fragor de la guerra, avalados por las victorias alcanzadas lograron trascender a nivel nacional y fueron pasando del liderazgo militar al posicionamiento pol\u00edtico; lo que&nbsp;&nbsp;se evidenci\u00f3 inmediatamente despu\u00e9s de la guerra restauradora a trav\u00e9s figuras se\u00f1eras que llegaron la presidencia de la Rep\u00fablica, tales como Jos\u00e9 Mar\u00eda Cabral, Pedro Antonio Pimentel y Gregorio Luper\u00f3n, entre otros.<\/p>\n\n\n\n<p>Indic\u00f3 que las repercusiones del \u00e9xito de los restauradores persistieron&nbsp;&nbsp;a trav\u00e9s de las relaciones de producci\u00f3n capitalista que surgieron en el pa\u00eds tras la extinci\u00f3n pol\u00edtica de los hateros y el inicio de la industria azucarera moderna con la utilizaci\u00f3n de las innovaciones propias de la primera revoluci\u00f3n industrial introducidas por inmigrantes cubanos, estadounidenses y europeos.&nbsp;<\/p>\n\n\n\n<p>\u201cTambi\u00e9n se reflej\u00f3 en la regi\u00f3n del Caribe, en la erradicaci\u00f3n de la esclavitud en Cuba y puerto Rico, y la independencia lograda por los cubanos a finales del siglo XIX\u201d, puntualiz\u00f3.<\/p>\n\n\n\n<p><strong>SECRETAR\u00cdA DE COMUNICACIONES<\/strong><\/p>\n\n\n\n<p><strong>16 DE AGOSTO, 2023<\/strong><\/p>\n","protected":false},"excerpt":{"rendered":"<p>Bosch se\u00f1ala que se trat\u00f3 de una haza\u00f1a militar singular digna de ser reconocida cada d\u00eda por su extraordinario valor hist\u00f3rico. Esta guerra de amplia participaci\u00f3n popular. Andr\u00e9s de las Mercedes, titular de la Secretar\u00eda de Educaci\u00f3n del Partido de la Liberaci\u00f3n Dominicana (PLD),\u00a0asegur\u00f3\u00a0que la\u00a0guerra de la Restauraci\u00f3n de la Rep\u00fablica Dominicana representa la epopeya [&hellip;]<\/p>\n","protected":false},"author":28,"featured_media":464193,"comment_status":"closed","ping_status":"","sticky":false,"template":"","format":"standard","meta":{"footnotes":""},"categories":[20,26,32],"tags":[],"class_list":["post-464192","post","type-post","status-publish","format-standard","has-post-thumbnail","hentry","category-dominicana-hoy","category-efemerides","category-turismo"],"_links":{"self":[{"href":"https:\/\/diariodominicano.com\/index.php?rest_route=\/wp\/v2\/posts\/464192","targetHints":{"allow":["GET"]}}],"collection":[{"href":"https:\/\/diariodominicano.com\/index.php?rest_route=\/wp\/v2\/posts"}],"about":[{"href":"https:\/\/diariodominicano.com\/index.php?rest_route=\/wp\/v2\/types\/post"}],"author":[{"embeddable":true,"href":"https:\/\/diariodominicano.com\/index.php?rest_route=\/wp\/v2\/users\/28"}],"replies":[{"embeddable":true,"href":"https:\/\/diariodominicano.com\/index.php?rest_route=%2Fwp%2Fv2%2Fcomments&post=464192"}],"version-history":[{"count":1,"href":"https:\/\/diariodominicano.com\/index.php?rest_route=\/wp\/v2\/posts\/464192\/revisions"}],"predecessor-version":[{"id":464194,"href":"https:\/\/diariodominicano.com\/index.php?rest_route=\/wp\/v2\/posts\/464192\/revisions\/464194"}],"wp:featuredmedia":[{"embeddable":true,"href":"https:\/\/diariodominicano.com\/index.php?rest_route=\/wp\/v2\/media\/464193"}],"wp:attachment":[{"href":"https:\/\/diariodominicano.com\/index.php?rest_route=%2Fwp%2Fv2%2Fmedia&parent=464192"}],"wp:term":[{"taxonomy":"category","embeddable":true,"href":"https:\/\/diariodominicano.com\/index.php?rest_route=%2Fwp%2Fv2%2Fcategories&post=464192"},{"taxonomy":"post_tag","embeddable":true,"href":"https:\/\/diariodominicano.com\/index.php?rest_route=%2Fwp%2Fv2%2Ftags&post=464192"}],"curies":[{"name":"wp","href":"https:\/\/api.w.org\/{rel}","templated":true}]}}