{"id":464034,"date":"2023-08-15T21:19:32","date_gmt":"2023-08-16T01:19:32","guid":{"rendered":"http:\/\/diariodominicano.com\/?p=464034"},"modified":"2023-08-15T21:19:32","modified_gmt":"2023-08-16T01:19:32","slug":"baracoa-un-tesoro-de-leyendas-e-historias-singulares","status":"publish","type":"post","link":"https:\/\/diariodominicano.com\/?p=464034","title":{"rendered":"Baracoa, un tesoro de leyendas e historias singulares"},"content":{"rendered":"\n<p>Guant\u00e1namo, Cuba (Prensa Latina) Nombrada por el conquistador espa\u00f1ol Diego Vel\u00e1zquez como Nuestra Se\u00f1ora de la Asunci\u00f3n de Baracoa, la primera villa fundada en Cuba, el 15 de agosto de 1512, atesora leyendas e historias singulares, primicias de la naci\u00f3n.&nbsp;&nbsp;&nbsp;&nbsp;<\/p>\n\n\n\n<ul class=\"wp-block-list\"><li>agosto 15, 2023<\/li><li>CDT10:40 (GMT) -0400<\/li><\/ul>\n\n\n\n<p>Por Lisv\u00e1n Lescalle<\/p>\n\n\n\n<p>De la redacci\u00f3n Nacional de Prensa Latina<\/p>\n\n\n\n<p>En los predios de este centro urbano, arropado por espectaculares paisajes, se asent\u00f3 la primera capital de los cubanos y gest\u00f3 el proceso de conquista y colonizaci\u00f3n de la naci\u00f3n caribe\u00f1a que condujo al establecimiento de las otras seis primeras villas.<\/p>\n\n\n\n<p>Bendecido por la naturaleza, en este sitio, cuyo topon\u00edmico significa, seg\u00fan el ling\u00fcista cubano Sergio Valdez Bernal, existencia de mar, acontecieron los primog\u00e9nitos sucesos de este pa\u00eds.<\/p>\n\n\n\n<p>De acuerdo con la historiograf\u00eda, all\u00ed se registraron los dos primeros matrimonios en suelo cubano. Los indios ta\u00ednos de aquellos parajes observaron perplejos el s\u00e9quito nupcial que lleg\u00f3 a una peque\u00f1a iglesia con paredes de embarrado y techo de guano.<\/p>\n\n\n\n<p>Diego Vel\u00e1squez, uno de los protagonistas de ese acontecimiento, puso su toque personal a la pretendida empresa evangelizadora \u2014exterminadora con el tiempo\u2014 al desposar a Isabel de Coellar, dama de la aristocracia, hija de Crist\u00f3bal Coellar, Tesorero del Rey de Espa\u00f1a. A los siete d\u00edas muri\u00f3 la esposa.<\/p>\n\n\n\n<p>Otro importante enviado especial a la Ciudad Paisaje, Hern\u00e1n Cort\u00e9s, mientras serv\u00eda como alcalde de Baracoa se cas\u00f3 con Catalina Ju\u00e1rez, personaje de la hidalgu\u00eda.<\/p>\n\n\n\n<p>Ante la Cruz de la Parra \u2014que se conserva como la \u00fanica sobreviviente de las 29 que trajo Crist\u00f3bal Col\u00f3n en igual n\u00famero de puertos en sus cuatro viajes por Am\u00e9rica\u2014 Fray Bartolom\u00e9 de las Casas realiz\u00f3 la primera misa oficiada en Cuba.<\/p>\n\n\n\n<p>PRIVILEGIOS SIN SER CAPITAL<\/p>\n\n\n\n<p>Uno de los m\u00e1s fervientes estudiosos y conocedores de la Primada de Cuba, el historiador de la ciudad, Alejandro Hartmann Matos, sostiene, que pese a perder en 1515 su estatus de capital, \u201cBaracoa tiene mucha importancia para la jerarqu\u00eda eclesi\u00e1stica superior\u201d<\/p>\n\n\n\n<p>\u201cEn ese a\u00f1o, cuando Santiago de Cuba, con mejores condiciones como puerto, pasa a ser la capital y se hace el primer escudo de Cuba, lo que preside ese escudo es la virgen de Nuestra Se\u00f1ora de la Asunci\u00f3n de Baracoa.<\/p>\n\n\n\n<p>Mediante Bula del Papa Le\u00f3n X en 1518 se funda en Baracoa el Obispado de Nuestra Se\u00f1ora de la Asunci\u00f3n, y no es hasta 1523 que transfieren a Santiago de Cuba dicha jerarqu\u00eda.<\/p>\n\n\n\n<p>Refiere el historiador baracoense que, tras un salto de casi 80 a\u00f1os en el que \u201ca\u00fan hoy existe vac\u00edo documental sobre lo acontecido en esta primog\u00e9nita villa\u201d, vuelve el paradis\u00edaco entorno baracoense a deslumbrar a m\u00e1s de un visitante: aparece en 1598 el poema La Florida, de Fray Alonso Gregorio de Escobedo, defendido como la primera obra de la literatura cubana.<\/p>\n\n\n\n<p>\u00abEl autor dedica varios versos a tradiciones baracoenses. Hace descripciones de los indios \u2014a quienes se supon\u00eda exterminados\u2014 sus costumbres, comidas t\u00edpicas como el palmito, plato ind\u00edgena preparado a partir de la palma real, que a\u00fan sobrevive en algunas de nuestras comunidades con las adiciones l\u00f3gicas de casi 500 a\u00f1os.<\/p>\n\n\n\n<p>Otro hecho que revela la categor\u00eda concedida a la Ciudad Paisaje es su sistema de fortificaciones: Matach\u00edn, tercero en importancia de Cuba, despu\u00e9s del de La Habana y Santiago de Cuba, al cual se le adicion\u00f3 el fuerte Majana, un fondeadero de barcos en la ensenada de Boca de Miel con evidente inter\u00e9s estrat\u00e9gico militar.<\/p>\n\n\n\n<p>Baracoa, explica su historiador principal, es la \u00fanica de las siete villas que se conserva en el mismo sitio de su fundaci\u00f3n, gracias a su ubicaci\u00f3n en una planicie, dentro de un entorno geogr\u00e1fico mayoritariamente monta\u00f1oso.<\/p>\n\n\n\n<p>LA CAPITAL DEL ORO VERDE<\/p>\n\n\n\n<p>En lo econ\u00f3mico, Baracoa destac\u00f3 en cultivos como el coco, el caf\u00e9 y la ca\u00f1a de az\u00facar. Est\u00e1 documentado que en la primera mitad del siglo XIX hubo un florecimiento moderado de sus exportaciones de caf\u00e9, miel, frutas y en menor medida de az\u00facar. En 1889 export\u00f3 un mill\u00f3n de unidades de coco.<\/p>\n\n\n\n<p>A finales de ese siglo oper\u00f3 all\u00ed la primera refiner\u00eda de petr\u00f3leo de Cuba, seg\u00fan documentos recogidos en el libro Franceses en Baracoa, del propio historiador Alejandro Hartmann. En ese texto, el autor afirma que hubo en la ciudad consulados de Estados Unidos y Francia, de 1831 a 1893.<\/p>\n\n\n\n<p>La tambi\u00e9n denominada capital del Oro Verde, por su entonces prolijo comercio de bananos -guineo, para los lugare\u00f1os- tuvo hasta 1946 un moderado florecimiento econ\u00f3mico sin que ello deba, de ning\u00fan modo, confundirse con riqueza o equidad.<\/p>\n\n\n\n<p>Y no solo lo afirma Hartmann. El titular, Baracoa en desgracias, del peri\u00f3dico local La Semana, del s\u00e1bado 12 de junio de 1937, consigna una arista del abandono gubernamental a los campesinos, a la postre mayoritarios en su empobrecida poblaci\u00f3n.<\/p>\n\n\n\n<p>El 60 por ciento de los pobladores carec\u00eda de agua potable, contaban con un m\u00e9dico para 15 mil habitantes, solo 11 kil\u00f3metros de carretera, alt\u00edsimo desempleo y la depauperaci\u00f3n socioecon\u00f3mica caracterizaban a la Cenicienta de Oriente, como la bautizara la prensa de la \u00e9poca.<\/p>\n\n\n\n<p>Ese panorama cambi\u00f3 en la actualidad, con decenas de programas sociales y econ\u00f3micos que sepultaron aquellas realidades y benefician a unos 80 mil habitantes del segundo municipio en importancia de Guant\u00e1namo, provincia a casi mil kil\u00f3metros al este de La Habana.<\/p>\n\n\n\n<p>A la vuelta de 512 a\u00f1os, la primera de nuestras villas y ciudades seduce y asombra, enamora y apasiona tanto a nacionales como a extranjeros que la siguen viendo con los ojos de almirante genov\u00e9s Crist\u00f3bal Col\u00f3n: \u00ab\u2026 la m\u00e1s hermosa cosa del mundo\u00bb.<\/p>\n\n\n\n<p>arc\/lld\/may<\/p>\n","protected":false},"excerpt":{"rendered":"<p>Guant\u00e1namo, Cuba (Prensa Latina) Nombrada por el conquistador espa\u00f1ol Diego Vel\u00e1zquez como Nuestra Se\u00f1ora de la Asunci\u00f3n de Baracoa, la primera villa fundada en Cuba, el 15 de agosto de 1512, atesora leyendas e historias singulares, primicias de la naci\u00f3n.&nbsp;&nbsp;&nbsp;&nbsp; agosto 15, 2023 CDT10:40 (GMT) -0400 Por Lisv\u00e1n Lescalle De la redacci\u00f3n Nacional de Prensa [&hellip;]<\/p>\n","protected":false},"author":28,"featured_media":464035,"comment_status":"closed","ping_status":"","sticky":false,"template":"","format":"standard","meta":{"footnotes":""},"categories":[21,32],"tags":[],"class_list":["post-464034","post","type-post","status-publish","format-standard","has-post-thumbnail","hentry","category-cultura","category-turismo"],"_links":{"self":[{"href":"https:\/\/diariodominicano.com\/index.php?rest_route=\/wp\/v2\/posts\/464034","targetHints":{"allow":["GET"]}}],"collection":[{"href":"https:\/\/diariodominicano.com\/index.php?rest_route=\/wp\/v2\/posts"}],"about":[{"href":"https:\/\/diariodominicano.com\/index.php?rest_route=\/wp\/v2\/types\/post"}],"author":[{"embeddable":true,"href":"https:\/\/diariodominicano.com\/index.php?rest_route=\/wp\/v2\/users\/28"}],"replies":[{"embeddable":true,"href":"https:\/\/diariodominicano.com\/index.php?rest_route=%2Fwp%2Fv2%2Fcomments&post=464034"}],"version-history":[{"count":1,"href":"https:\/\/diariodominicano.com\/index.php?rest_route=\/wp\/v2\/posts\/464034\/revisions"}],"predecessor-version":[{"id":464036,"href":"https:\/\/diariodominicano.com\/index.php?rest_route=\/wp\/v2\/posts\/464034\/revisions\/464036"}],"wp:featuredmedia":[{"embeddable":true,"href":"https:\/\/diariodominicano.com\/index.php?rest_route=\/wp\/v2\/media\/464035"}],"wp:attachment":[{"href":"https:\/\/diariodominicano.com\/index.php?rest_route=%2Fwp%2Fv2%2Fmedia&parent=464034"}],"wp:term":[{"taxonomy":"category","embeddable":true,"href":"https:\/\/diariodominicano.com\/index.php?rest_route=%2Fwp%2Fv2%2Fcategories&post=464034"},{"taxonomy":"post_tag","embeddable":true,"href":"https:\/\/diariodominicano.com\/index.php?rest_route=%2Fwp%2Fv2%2Ftags&post=464034"}],"curies":[{"name":"wp","href":"https:\/\/api.w.org\/{rel}","templated":true}]}}