{"id":463895,"date":"2023-08-15T10:54:55","date_gmt":"2023-08-15T14:54:55","guid":{"rendered":"http:\/\/diariodominicano.com\/?p=463895"},"modified":"2023-08-15T10:55:55","modified_gmt":"2023-08-15T14:55:55","slug":"policia-de-haiti-continuara-desplegando-unidades-especializadas-para-recuperar-zonas-atacadas-por-pandillas","status":"publish","type":"post","link":"https:\/\/diariodominicano.com\/?p=463895","title":{"rendered":"Polic\u00eda de Hait\u00ed continuar\u00e1 desplegando unidades especializadas para recuperar zonas atacadas por pandillas"},"content":{"rendered":"\n<p>diariodominicano.com<\/p>\n\n\n\n<p>Puerto Pr\u00edncipe, 15 ago (Prensa Latina) La Polic\u00eda de Hait\u00ed se comprometi\u00f3 a recuperar el control de Carrefour-Feuilles y desplegar unidades especializadas en Savane Pistache, objeto de ataques de pandillas, inform\u00f3 hoy el diario Le Nouvelliste.<\/p>\n\n\n\n<p>De hecho, tras el m\u00e1s reciente ataque de grupos armados a la localidad, las autoridades enviaron refuerzos para acompa\u00f1ar e infundir confianza a los residentes.<\/p>\n\n\n\n<p>\u201cFiel a su lema (Proteger y Servir), la Polic\u00eda Nacional continuar\u00e1 desplegando todos sus recursos para poner fuera de peligro a los bandidos que quieren alborotar las comunidades\u201d, asegur\u00f3 la instituci\u00f3n policial.<\/p>\n\n\n\n<p>De igual manera, llam\u00f3 a la uni\u00f3n entre los agentes y los ciudadanos para poner fin al crimen organizado y restablecer el orden en el pa\u00eds.<\/p>\n\n\n\n<p>Asimismo, anunci\u00f3 que realizan operaciones en las zonas de Caradeux, Tabarre 43, 50 y 70, en las cuales al menos dos presuntos miembros de pandillas murieron y se incaut\u00f3 una pistola de nueve mil\u00edmetros con el n\u00famero de serie falsificado.<\/p>\n\n\n\n<p>Uno de los fallecidos, Davidson Dag\u00e8ne, fue el principal acusado del asesinato del agente Alabre H\u00e9rold el 2 de octubre del pasado a\u00f1o.<\/p>\n\n\n\n<p>Adem\u00e1s, seis personas fueron detenidas y se confiscaron sus bienes en Bon Repos, comuna de Croix-des-Bouquets.<\/p>\n\n\n\n<p>El pasado domingo las bandas que operan en Grand Ravine atacaron Savane Pistache, en Carrefour-Feuilles, al sureste de esta capital, con un saldo de una docena de heridos y varios fallecidos, seg\u00fan reportaron medios de prensa.<\/p>\n\n\n\n<p>La v\u00edspera, los residentes de la zona realizaron una protesta en esta capital en la cual reclamaron a las autoridades combatir a las pandillas y restaurar el clima de seguridad en el pa\u00eds.<\/p>\n\n\n\n<p>mgt\/ane<\/p>\n\n\n\n<p><\/p>\n","protected":false},"excerpt":{"rendered":"<p>diariodominicano.com Puerto Pr\u00edncipe, 15 ago (Prensa Latina) La Polic\u00eda de Hait\u00ed se comprometi\u00f3 a recuperar el control de Carrefour-Feuilles y desplegar unidades especializadas en Savane Pistache, objeto de ataques de pandillas, inform\u00f3 hoy el diario Le Nouvelliste. De hecho, tras el m\u00e1s reciente ataque de grupos armados a la localidad, las autoridades enviaron refuerzos para [&hellip;]<\/p>\n","protected":false},"author":5,"featured_media":463901,"comment_status":"closed","ping_status":"","sticky":true,"template":"","format":"standard","meta":{"footnotes":""},"categories":[112,23,27],"tags":[],"class_list":["post-463895","post","type-post","status-publish","format-standard","has-post-thumbnail","hentry","category-haiti","category-internacional","category-portada"],"_links":{"self":[{"href":"https:\/\/diariodominicano.com\/index.php?rest_route=\/wp\/v2\/posts\/463895","targetHints":{"allow":["GET"]}}],"collection":[{"href":"https:\/\/diariodominicano.com\/index.php?rest_route=\/wp\/v2\/posts"}],"about":[{"href":"https:\/\/diariodominicano.com\/index.php?rest_route=\/wp\/v2\/types\/post"}],"author":[{"embeddable":true,"href":"https:\/\/diariodominicano.com\/index.php?rest_route=\/wp\/v2\/users\/5"}],"replies":[{"embeddable":true,"href":"https:\/\/diariodominicano.com\/index.php?rest_route=%2Fwp%2Fv2%2Fcomments&post=463895"}],"version-history":[{"count":3,"href":"https:\/\/diariodominicano.com\/index.php?rest_route=\/wp\/v2\/posts\/463895\/revisions"}],"predecessor-version":[{"id":463904,"href":"https:\/\/diariodominicano.com\/index.php?rest_route=\/wp\/v2\/posts\/463895\/revisions\/463904"}],"wp:featuredmedia":[{"embeddable":true,"href":"https:\/\/diariodominicano.com\/index.php?rest_route=\/wp\/v2\/media\/463901"}],"wp:attachment":[{"href":"https:\/\/diariodominicano.com\/index.php?rest_route=%2Fwp%2Fv2%2Fmedia&parent=463895"}],"wp:term":[{"taxonomy":"category","embeddable":true,"href":"https:\/\/diariodominicano.com\/index.php?rest_route=%2Fwp%2Fv2%2Fcategories&post=463895"},{"taxonomy":"post_tag","embeddable":true,"href":"https:\/\/diariodominicano.com\/index.php?rest_route=%2Fwp%2Fv2%2Ftags&post=463895"}],"curies":[{"name":"wp","href":"https:\/\/api.w.org\/{rel}","templated":true}]}}