{"id":463892,"date":"2023-08-15T10:45:31","date_gmt":"2023-08-15T14:45:31","guid":{"rendered":"http:\/\/diariodominicano.com\/?p=463892"},"modified":"2023-08-15T10:46:54","modified_gmt":"2023-08-15T14:46:54","slug":"melia-da-continuidad-a-su-programa-wellness-for-cancer-una-iniciativa-de-bienestar-personal","status":"publish","type":"post","link":"https:\/\/diariodominicano.com\/?p=463892","title":{"rendered":"Meli\u00e1 da continuidad a su programa \u201cWellness for C\u00e1ncer\u201d, una iniciativa de bienestar personal"},"content":{"rendered":"\n<p><strong><em>La cadena hotelera apoy\u00f3 en esta oportunidad al Instituto Oncol\u00f3gico del Este<\/em><\/strong><em><\/em><\/p>\n\n\n\n<figure class=\"wp-block-image size-large\"><img loading=\"lazy\" decoding=\"async\" width=\"1024\" height=\"683\" src=\"https:\/\/diariodominicano.com\/wp-content\/uploads\/2023\/08\/IMG_3382-1024x683.jpg\" alt=\"\" class=\"wp-image-463894\" srcset=\"https:\/\/diariodominicano.com\/wp-content\/uploads\/2023\/08\/IMG_3382-1024x683.jpg 1024w, https:\/\/diariodominicano.com\/wp-content\/uploads\/2023\/08\/IMG_3382-300x200.jpg 300w, https:\/\/diariodominicano.com\/wp-content\/uploads\/2023\/08\/IMG_3382-768x512.jpg 768w, https:\/\/diariodominicano.com\/wp-content\/uploads\/2023\/08\/IMG_3382-1536x1024.jpg 1536w, https:\/\/diariodominicano.com\/wp-content\/uploads\/2023\/08\/IMG_3382-2048x1365.jpg 2048w, https:\/\/diariodominicano.com\/wp-content\/uploads\/2023\/08\/IMG_3382-816x544.jpg 816w\" sizes=\"auto, (max-width: 1024px) 100vw, 1024px\" \/><figcaption> El \u201cWellness for C\u00e1ncer\u201d, busca educar al personal a trav\u00e9s de un programa desarrollado en conjunto con onc\u00f3logos, m\u00e9dicos integrales y otros especialistas en bienestar. <\/figcaption><\/figure>\n\n\n\n<p><strong>B\u00c1VARO, PUNTA CANA.<\/strong>&#8211;&nbsp;Con la finalidad de continuar sus iniciativas de bienestar personal, a trav\u00e9s de los programas de sus YHI Spas, Grupo Meli\u00e1 celebr\u00f3 una nueva entrega de su propuesta internacional \u201cWellness for C\u00e1ncer\u201d, este a\u00f1o, y por primera vez, en apoyo al Instituto Oncol\u00f3gico del Este.<\/p>\n\n\n\n<p>Teniendo como principal objetivo elevar el cari\u00f1o \u00e9tico por los pacientes con c\u00e1ncer, facilitando mayor diversidad de cuidados por medio de las terapias curativas de parte de un equipo certificado por la \u201cSociety for Oncology Massage\u201d de Estados Unidos, este representa una gran novedad en la Rep\u00fablica Dominicana que, adem\u00e1s, sumar\u00e1 al crecimiento de la industria de spa una nueva perspectiva.<\/p>\n\n\n\n<p>\u201cWellness for C\u00e1ncer\u201d pretende crear un puente con la comunidad m\u00e9dica con el fin de&nbsp;facilitar el autocuidado y ofrecer mejores opciones de estilo de vida para personas que han sido afectadas por este padecimiento.<\/p>\n\n\n\n<p>En esta oportunidad, el encuentro se llev\u00f3 a cabo en el Spa de Meli\u00e1 Caribe Beach, con la participaci\u00f3n de pacientes del Instituto Oncol\u00f3gico del Este, agotando una agenda de actividades que estuvo encabezada por Karolina Encarnaci\u00f3n, Gerente del Yhi Spa de Meli\u00e1 Caribe Beach, y que incluy\u00f3 mindfullness en la playa, din\u00e1mica de felicidad, estiramiento, meditaci\u00f3n, taller de nutrici\u00f3n, automasaje y cuidado, cuidado de la piel, autocuidado y amor propio, entre otros. &nbsp;<\/p>\n\n\n\n<p>El \u201cWellness for C\u00e1ncer\u201d, busca educar al personal a trav\u00e9s de un programa desarrollado en conjunto con onc\u00f3logos, m\u00e9dicos integrales y otros especialistas en bienestar.<\/p>\n\n\n\n<p>A trav\u00e9s de esta certificaci\u00f3n, Grupo Meli\u00e1 busca ofrecer la posibilidad de ayudar a sus hu\u00e9spedes a reconectarse consigo mismos, aprender a calmar sus cuerpos y a nutrirse mediante un servicio personalizado que se adapta a cada una de sus necesidades sin importar su condici\u00f3n y sin ser un tratamiento m\u00e9dico.&nbsp;<\/p>\n\n\n\n<p>\u201dLa certificaci\u00f3n de Wellness for C\u00e1ncer no solo suma el apoyo que podamos dar a los clientes que padecen este dif\u00edcil momento en sus vidas, sino que tambi\u00e9n suma a la capacidad t\u00e9cnica de la terapeuta, con un enfoque m\u00e1s consciente del poder que tienen sus manos de curar a nivel personal y profesional\u201d, coment\u00f3&nbsp;<strong>Arabelle del Pilar Rosario<\/strong>,&nbsp;Directora de Spa y Wellness de Meli\u00e1 Hotels International en Rep\u00fablica Dominicana.<\/p>\n\n\n\n<p>Grupo Meli\u00e1 est\u00e1 comprometido con acciones que motiven y apoyen el desarrollo social en los lugares donde tienen presencia.<\/p>\n\n\n\n<figure class=\"wp-block-image size-large\"><img loading=\"lazy\" decoding=\"async\" width=\"1024\" height=\"683\" src=\"https:\/\/diariodominicano.com\/wp-content\/uploads\/2023\/08\/MeliaWellbeing10-1024x683.jpg\" alt=\"\" class=\"wp-image-463898\" srcset=\"https:\/\/diariodominicano.com\/wp-content\/uploads\/2023\/08\/MeliaWellbeing10-1024x683.jpg 1024w, https:\/\/diariodominicano.com\/wp-content\/uploads\/2023\/08\/MeliaWellbeing10-300x200.jpg 300w, https:\/\/diariodominicano.com\/wp-content\/uploads\/2023\/08\/MeliaWellbeing10-768x512.jpg 768w, https:\/\/diariodominicano.com\/wp-content\/uploads\/2023\/08\/MeliaWellbeing10-1536x1024.jpg 1536w, https:\/\/diariodominicano.com\/wp-content\/uploads\/2023\/08\/MeliaWellbeing10-816x544.jpg 816w, https:\/\/diariodominicano.com\/wp-content\/uploads\/2023\/08\/MeliaWellbeing10.jpg 1920w\" sizes=\"auto, (max-width: 1024px) 100vw, 1024px\" \/><\/figure>\n\n\n\n<p><strong><u>Acerca de Meli\u00e1 Hotels International<\/u><\/strong><\/p>\n\n\n\n<p><a><\/a>Fundada en 1956 en Mallorca (Espa\u00f1a), Meli\u00e1 Hotels International opera m\u00e1s de 380 hoteles (en cartera y en proyecto) en m\u00e1s de 40 pa\u00edses, bajo las marcas Gran Meli\u00e1 Hotels &amp; Resorts, Paradisus by Meli\u00e1, ME by Meli\u00e1, Meli\u00e1 Hotels &amp; Resorts, INNSiDE by Meli\u00e1 y Sol by Meli\u00e1. El Grupo es una de las empresas l\u00edderes en hoteles resort a nivel mundial, al tiempo que aprovecha su experiencia para consolidar el creciente segmento del mercado urbano de ocio. Su compromiso con el turismo responsable ha llevado al Grupo a convertirse en la empresa hotelera m\u00e1s sostenible de Espa\u00f1a y Europa en 2020, seg\u00fan la Evaluaci\u00f3n de Sostenibilidad Corporativa (CSA) de SAM. Adem\u00e1s, ha ocupado el s\u00e9ptimo puesto en la lista de las 100 empresas con gesti\u00f3n m\u00e1s sostenible del mundo (y la primera empresa de viajes) del Wall Street Journal y es la \u00fanica empresa de viajes espa\u00f1ola incluida en la lista de \u00abEurope&#8217;s Climate Leaders 2021\u00bb del Financial Times. Meli\u00e1 Hotels International tambi\u00e9n est\u00e1 incluida en el \u00edndice burs\u00e1til espa\u00f1ol IBEX 35 y es la hotelera espa\u00f1ola l\u00edder en Reputaci\u00f3n Corporativa (Ranking Merco).&nbsp; Para m\u00e1s informaci\u00f3n, visite<\/p>\n\n\n\n<p><a href=\"http:\/\/www.meliahotelsinternational.com\/\" target=\"_blank\" rel=\"noreferrer noopener\">www.meliahotelsinternational.com<\/a>&nbsp;<\/p>\n\n\n\n<p><strong><u>Acerca de Wellness for Cancer:<\/u><\/strong><\/p>\n\n\n\n<p>Wellness for Cancer es una organizaci\u00f3n ben\u00e9fica creada para facilitar el autocuidado y mejorar las opciones de estilo de vida de las personas afectadas por el c\u00e1ncer. La organizaci\u00f3n tambi\u00e9n forma a los spas sobre c\u00f3mo proporcionar servicios de bienestar personalizados a las personas afectadas por el c\u00e1ncer, reconociendo la necesidad de bienestar para todos. La capacitaci\u00f3n se basa en el plan de estudios y los est\u00e1ndares establecidos por la \u201cSociety for Oncology Massage\u201d localizada en Auburn, Maine en los EEUU y adoptados a nivel mundial.<\/p>\n\n\n\n<p>Henry Coradin<a target=\"_blank\" href=\"mailto:henrycoradinrelacionespublicas@gmail.com\" rel=\"noreferrer noopener\">henrycoradinrelacionespublicas@gmail.com<\/a><\/p>\n","protected":false},"excerpt":{"rendered":"<p>La cadena hotelera apoy\u00f3 en esta oportunidad al Instituto Oncol\u00f3gico del Este B\u00c1VARO, PUNTA CANA.&#8211;&nbsp;Con la finalidad de continuar sus iniciativas de bienestar personal, a trav\u00e9s de los programas de sus YHI Spas, Grupo Meli\u00e1 celebr\u00f3 una nueva entrega de su propuesta internacional \u201cWellness for C\u00e1ncer\u201d, este a\u00f1o, y por primera vez, en apoyo al [&hellip;]<\/p>\n","protected":false},"author":28,"featured_media":463893,"comment_status":"closed","ping_status":"","sticky":true,"template":"","format":"standard","meta":{"footnotes":""},"categories":[36,25,27,32],"tags":[],"class_list":["post-463892","post","type-post","status-publish","format-standard","has-post-thumbnail","hentry","category-hombresmujeresycosas","category-gente","category-portada","category-turismo"],"_links":{"self":[{"href":"https:\/\/diariodominicano.com\/index.php?rest_route=\/wp\/v2\/posts\/463892","targetHints":{"allow":["GET"]}}],"collection":[{"href":"https:\/\/diariodominicano.com\/index.php?rest_route=\/wp\/v2\/posts"}],"about":[{"href":"https:\/\/diariodominicano.com\/index.php?rest_route=\/wp\/v2\/types\/post"}],"author":[{"embeddable":true,"href":"https:\/\/diariodominicano.com\/index.php?rest_route=\/wp\/v2\/users\/28"}],"replies":[{"embeddable":true,"href":"https:\/\/diariodominicano.com\/index.php?rest_route=%2Fwp%2Fv2%2Fcomments&post=463892"}],"version-history":[{"count":3,"href":"https:\/\/diariodominicano.com\/index.php?rest_route=\/wp\/v2\/posts\/463892\/revisions"}],"predecessor-version":[{"id":463899,"href":"https:\/\/diariodominicano.com\/index.php?rest_route=\/wp\/v2\/posts\/463892\/revisions\/463899"}],"wp:featuredmedia":[{"embeddable":true,"href":"https:\/\/diariodominicano.com\/index.php?rest_route=\/wp\/v2\/media\/463893"}],"wp:attachment":[{"href":"https:\/\/diariodominicano.com\/index.php?rest_route=%2Fwp%2Fv2%2Fmedia&parent=463892"}],"wp:term":[{"taxonomy":"category","embeddable":true,"href":"https:\/\/diariodominicano.com\/index.php?rest_route=%2Fwp%2Fv2%2Fcategories&post=463892"},{"taxonomy":"post_tag","embeddable":true,"href":"https:\/\/diariodominicano.com\/index.php?rest_route=%2Fwp%2Fv2%2Ftags&post=463892"}],"curies":[{"name":"wp","href":"https:\/\/api.w.org\/{rel}","templated":true}]}}