{"id":463801,"date":"2023-08-14T23:49:25","date_gmt":"2023-08-15T03:49:25","guid":{"rendered":"http:\/\/diariodominicano.com\/?p=463801"},"modified":"2023-08-15T00:50:53","modified_gmt":"2023-08-15T04:50:53","slug":"marcas-de-lujo-e-innovadores-productos-promocionales-llegan-a-santiago-con-grabo-estilo","status":"publish","type":"post","link":"https:\/\/diariodominicano.com\/?p=463801","title":{"rendered":"Marcas de lujo e innovadores productos promocionales llegan a Santiago con Grabo Estilo"},"content":{"rendered":"\n<p>Benson Leigh, Sulin Lantigua de Glass e Ignacio Glass.<\/p>\n\n\n\n<figure class=\"wp-block-image size-full\"><img loading=\"lazy\" decoding=\"async\" width=\"1024\" height=\"684\" src=\"https:\/\/diariodominicano.com\/wp-content\/uploads\/2023\/08\/2020-Corte-de-cinta-formalizando-la-apertura-de-la-sede-de-Grabo-Estilo-en-Santiago..jpg\" alt=\"\" class=\"wp-image-463805\" srcset=\"https:\/\/diariodominicano.com\/wp-content\/uploads\/2023\/08\/2020-Corte-de-cinta-formalizando-la-apertura-de-la-sede-de-Grabo-Estilo-en-Santiago..jpg 1024w, https:\/\/diariodominicano.com\/wp-content\/uploads\/2023\/08\/2020-Corte-de-cinta-formalizando-la-apertura-de-la-sede-de-Grabo-Estilo-en-Santiago.-300x200.jpg 300w, https:\/\/diariodominicano.com\/wp-content\/uploads\/2023\/08\/2020-Corte-de-cinta-formalizando-la-apertura-de-la-sede-de-Grabo-Estilo-en-Santiago.-768x513.jpg 768w, https:\/\/diariodominicano.com\/wp-content\/uploads\/2023\/08\/2020-Corte-de-cinta-formalizando-la-apertura-de-la-sede-de-Grabo-Estilo-en-Santiago.-816x545.jpg 816w\" sizes=\"auto, (max-width: 1024px) 100vw, 1024px\" \/><figcaption> Corte de cinta formalizando la apertura de Grabo Estilo, encabezando por&nbsp;Sulin Lantigua de Glass e Ignacio Glass. <\/figcaption><\/figure>\n\n\n\n<h1 class=\"wp-block-heading\">La empresa representa marcas de lujo y lidera la industria de art\u00edculos promocionales<\/h1>\n\n\n\n<h1 class=\"wp-block-heading\">&nbsp;<\/h1>\n\n\n\n<h1 class=\"wp-block-heading\"><strong>Santiago de los Caballeros.-&nbsp;<\/strong>Grabo Estilo, empresa l\u00edder de la industria Promocional y de Regalos Corporativos de Lujo en la Rep\u00fablica Dominicana, inaugur\u00f3 su sede en la capital del Cibao, en una ceremonia que congreg\u00f3 a lo m\u00e1s nutrido del sector empresarial, social y pol\u00edtico de la regi\u00f3n Norte.<\/h1>\n\n\n\n<figure class=\"wp-block-image size-full\"><img loading=\"lazy\" decoding=\"async\" width=\"513\" height=\"768\" src=\"https:\/\/diariodominicano.com\/wp-content\/uploads\/2023\/08\/3722-Francisco-Sanchis-y-Modesta-Molina.jpg\" alt=\"\" class=\"wp-image-463808\" srcset=\"https:\/\/diariodominicano.com\/wp-content\/uploads\/2023\/08\/3722-Francisco-Sanchis-y-Modesta-Molina.jpg 513w, https:\/\/diariodominicano.com\/wp-content\/uploads\/2023\/08\/3722-Francisco-Sanchis-y-Modesta-Molina-200x300.jpg 200w\" sizes=\"auto, (max-width: 513px) 100vw, 513px\" \/><figcaption> Francisco Sanchis y Modesta Molina. <\/figcaption><\/figure>\n\n\n\n<p>El espacio, destinado a la comercializaci\u00f3n empresarial a por mayor y al detalle, est\u00e1 provisto de atractivas \u00e1reas que permiten visualizar los regalos de marcas de lujo, l\u00edneas atractivas de placas, trofeos de cristal y ecol\u00f3gicos, Uniformes Empresariales, industriales, m\u00e9dicos para diferentes sectores, art\u00edculos promocionales, as\u00ed como los emblemas institucionales creados con la impronta de Grabo Estilo. Est\u00e1 ubicada en Plaza Century de la avenida Rafael Vidal.<\/p>\n\n\n\n<figure class=\"wp-block-image size-full\"><img loading=\"lazy\" decoding=\"async\" width=\"513\" height=\"768\" src=\"https:\/\/diariodominicano.com\/wp-content\/uploads\/2023\/08\/3712-Hector-Cruz-y-Suilan-Lantigua-de-Lara..jpg\" alt=\"\" class=\"wp-image-463836\" srcset=\"https:\/\/diariodominicano.com\/wp-content\/uploads\/2023\/08\/3712-Hector-Cruz-y-Suilan-Lantigua-de-Lara..jpg 513w, https:\/\/diariodominicano.com\/wp-content\/uploads\/2023\/08\/3712-Hector-Cruz-y-Suilan-Lantigua-de-Lara.-200x300.jpg 200w\" sizes=\"auto, (max-width: 513px) 100vw, 513px\" \/><figcaption>H\u00e9ctor Cruz y Suilan Lantigua de Lara.<\/figcaption><\/figure>\n\n\n\n<figure class=\"wp-block-image size-full\"><img loading=\"lazy\" decoding=\"async\" width=\"513\" height=\"768\" src=\"https:\/\/diariodominicano.com\/wp-content\/uploads\/2023\/08\/3731-Yisel-de-Dorrejo-y-Alfredo-Dorrejo-1.jpg\" alt=\"\" class=\"wp-image-463839\" srcset=\"https:\/\/diariodominicano.com\/wp-content\/uploads\/2023\/08\/3731-Yisel-de-Dorrejo-y-Alfredo-Dorrejo-1.jpg 513w, https:\/\/diariodominicano.com\/wp-content\/uploads\/2023\/08\/3731-Yisel-de-Dorrejo-y-Alfredo-Dorrejo-1-200x300.jpg 200w\" sizes=\"auto, (max-width: 513px) 100vw, 513px\" \/><figcaption>Yisel de Dorrejo y Alfredo Dorrejo.<\/figcaption><\/figure>\n\n\n\n<p>En el acto de inauguraci\u00f3n, la vicepresidenta de&nbsp;<strong>Grabo Estilo, Sulin Lantigua de Glass<\/strong>, agradeci\u00f3 la receptividad del p\u00fablico de Santiago a las iniciativas que durante m\u00e1s de dos d\u00e9cadas ha liderado la empresa.<\/p>\n\n\n\n<p>\u00a8Nos sentimos altamente privilegiados de acercar a la zona Norte las soluciones innovadoras, las prestigiosas marcas y los creativos productos de Grabo Estilo. Todo esto avalado por la calidad en el servicio que nos ha permitido revalidar certificaciones internacionales y recibir premios de entidades que nos comprometen a seguir trabajando con dedicaci\u00f3n, en favor del ambiente y garantizando la seguridad laboral\u00a8, expres\u00f3 la empresaria Sulin Lantigua de Glass.<\/p>\n\n\n\n<figure class=\"wp-block-image size-full\"><img loading=\"lazy\" decoding=\"async\" width=\"1024\" height=\"684\" src=\"https:\/\/diariodominicano.com\/wp-content\/uploads\/2023\/08\/3451-Fernanda-Payano-German-Rodriguez-Lizbeth-Guillen-y-Sugelen-Beltre.jpg\" alt=\"\" class=\"wp-image-463841\" srcset=\"https:\/\/diariodominicano.com\/wp-content\/uploads\/2023\/08\/3451-Fernanda-Payano-German-Rodriguez-Lizbeth-Guillen-y-Sugelen-Beltre.jpg 1024w, https:\/\/diariodominicano.com\/wp-content\/uploads\/2023\/08\/3451-Fernanda-Payano-German-Rodriguez-Lizbeth-Guillen-y-Sugelen-Beltre-300x200.jpg 300w, https:\/\/diariodominicano.com\/wp-content\/uploads\/2023\/08\/3451-Fernanda-Payano-German-Rodriguez-Lizbeth-Guillen-y-Sugelen-Beltre-768x513.jpg 768w, https:\/\/diariodominicano.com\/wp-content\/uploads\/2023\/08\/3451-Fernanda-Payano-German-Rodriguez-Lizbeth-Guillen-y-Sugelen-Beltre-816x545.jpg 816w\" sizes=\"auto, (max-width: 1024px) 100vw, 1024px\" \/><figcaption>Fernanda Payano, Germ\u00e1n Rodr\u00edguez, Lizbeth Guillen y Sugelen Beltr\u00e9.<\/figcaption><\/figure>\n\n\n\n<p>De igual manera&nbsp;<strong>Ignacio Glass<\/strong>, presidente de Grabo Estilo, inform\u00f3 que en la sede de Santiago tendr\u00e1n a disposici\u00f3n del p\u00fablico los art\u00edculos promocionales que suplen a gran escala, as\u00ed como los productos de MKT Internacional, la f\u00e1brica m\u00e1s grande del mundo, representados exclusivamente por Grabo Estilo en la Rep\u00fablica Dominicana. Expuso que cuentan con m\u00e1s de 12 marcas de prestigio como la Hugo Boss, Cacharel, Cristhian Lacroix y otras, garantizando procesos log\u00edsticos con sistemas rob\u00f3ticos de impresi\u00f3n y alta tecnolog\u00eda en las \u00e1reas de producci\u00f3n, resaltando que la innovaci\u00f3n ha sido su mayor punto de enfoque, apoyando al cliente por medio de productos y servicios.<\/p>\n\n\n\n<figure class=\"wp-block-image size-large\"><img loading=\"lazy\" decoding=\"async\" width=\"684\" height=\"1024\" src=\"https:\/\/diariodominicano.com\/wp-content\/uploads\/2023\/08\/3495-Marisol-Henriquez-y-Priska-Reyes.-1-684x1024.jpg\" alt=\"\" class=\"wp-image-463843\" srcset=\"https:\/\/diariodominicano.com\/wp-content\/uploads\/2023\/08\/3495-Marisol-Henriquez-y-Priska-Reyes.-1-684x1024.jpg 684w, https:\/\/diariodominicano.com\/wp-content\/uploads\/2023\/08\/3495-Marisol-Henriquez-y-Priska-Reyes.-1-200x300.jpg 200w, https:\/\/diariodominicano.com\/wp-content\/uploads\/2023\/08\/3495-Marisol-Henriquez-y-Priska-Reyes.-1-768x1151.jpg 768w, https:\/\/diariodominicano.com\/wp-content\/uploads\/2023\/08\/3495-Marisol-Henriquez-y-Priska-Reyes.-1-1025x1536.jpg 1025w, https:\/\/diariodominicano.com\/wp-content\/uploads\/2023\/08\/3495-Marisol-Henriquez-y-Priska-Reyes.-1-1367x2048.jpg 1367w, https:\/\/diariodominicano.com\/wp-content\/uploads\/2023\/08\/3495-Marisol-Henriquez-y-Priska-Reyes.-1-816x1222.jpg 816w, https:\/\/diariodominicano.com\/wp-content\/uploads\/2023\/08\/3495-Marisol-Henriquez-y-Priska-Reyes.-1-scaled.jpg 1709w\" sizes=\"auto, (max-width: 684px) 100vw, 684px\" \/><figcaption>Marisol Henr\u00edquez y Priska Reyes.<\/figcaption><\/figure>\n\n\n\n<p>En el c\u00f3ctel, ambientado por el connotado saxofonista Sandy Gabriel y la cantante dominicana Rose Mateo, particip\u00f3 Benson Leigh, representante internacional de Plastoria, la empresa belga con casi 50 a\u00f1os en el mercado. Esta firma dise\u00f1a, fabrica y distribuye accesorios de moda de calidad para los mercados corporativos y de regalos empresariales. Entre sus principales marcas est\u00e1n: Hugo Boss, Festina y Cacharel.<\/p>\n\n\n\n<figure class=\"wp-block-image size-full\"><img loading=\"lazy\" decoding=\"async\" width=\"1024\" height=\"684\" src=\"https:\/\/diariodominicano.com\/wp-content\/uploads\/2023\/08\/3520-Nuris-Veras-Alexandra-Tovar-y-Maria-de-los-Angeles-Romero.jpg\" alt=\"\" class=\"wp-image-463845\" srcset=\"https:\/\/diariodominicano.com\/wp-content\/uploads\/2023\/08\/3520-Nuris-Veras-Alexandra-Tovar-y-Maria-de-los-Angeles-Romero.jpg 1024w, https:\/\/diariodominicano.com\/wp-content\/uploads\/2023\/08\/3520-Nuris-Veras-Alexandra-Tovar-y-Maria-de-los-Angeles-Romero-300x200.jpg 300w, https:\/\/diariodominicano.com\/wp-content\/uploads\/2023\/08\/3520-Nuris-Veras-Alexandra-Tovar-y-Maria-de-los-Angeles-Romero-768x513.jpg 768w, https:\/\/diariodominicano.com\/wp-content\/uploads\/2023\/08\/3520-Nuris-Veras-Alexandra-Tovar-y-Maria-de-los-Angeles-Romero-816x545.jpg 816w\" sizes=\"auto, (max-width: 1024px) 100vw, 1024px\" \/><figcaption>Nuris Veras, Alexandra Tovar y Mar\u00eda de los \u00c1ngeles Romero<\/figcaption><\/figure>\n\n\n\n<p>Benson Leigh resalt\u00f3 la relaci\u00f3n de confianza que sienten al estar representados por Grabo Estilo y Alianza Brands en la Rep\u00fablica Dominicana. En la actividad tambi\u00e9n fungieron como anfitriones: Bryan Glass, gerente de la sucursal de Punta Cana y la gerente de la zona Norte, Jessica J\u00e1quez.<\/p>\n\n\n\n<figure class=\"wp-block-image size-full\"><img loading=\"lazy\" decoding=\"async\" width=\"1024\" height=\"684\" src=\"https:\/\/diariodominicano.com\/wp-content\/uploads\/2023\/08\/3654-Manuel-Veloz-Soto-y-Juan-Sanchez.jpg\" alt=\"\" class=\"wp-image-463847\" srcset=\"https:\/\/diariodominicano.com\/wp-content\/uploads\/2023\/08\/3654-Manuel-Veloz-Soto-y-Juan-Sanchez.jpg 1024w, https:\/\/diariodominicano.com\/wp-content\/uploads\/2023\/08\/3654-Manuel-Veloz-Soto-y-Juan-Sanchez-300x200.jpg 300w, https:\/\/diariodominicano.com\/wp-content\/uploads\/2023\/08\/3654-Manuel-Veloz-Soto-y-Juan-Sanchez-768x513.jpg 768w, https:\/\/diariodominicano.com\/wp-content\/uploads\/2023\/08\/3654-Manuel-Veloz-Soto-y-Juan-Sanchez-816x545.jpg 816w\" sizes=\"auto, (max-width: 1024px) 100vw, 1024px\" \/><figcaption>Manuel Veloz Soto y Juan S\u00e1nchez<\/figcaption><\/figure>\n\n\n\n<p><strong>Sobre Grabo Estilo<\/strong><\/p>\n\n\n\n<p>Empresa fundada en el a\u00f1o 2001.&nbsp; Innovadora firma dominicana que ha logrado revalidaci\u00f3n internaci\u00f3n de la certificaci\u00f3n Worldcob CSR World Confederation off Businesses que la acredita como empresa Socialmente Responsable, al cumplir est\u00e1ndares globales sobre cuidado del ambiente, seguridad laboral y transparencia en sus operaciones.<\/p>\n\n\n\n<p>De igual manera, Grabo Estilo es la \u00fanica empresa en su categor\u00eda en obtener la certificaci\u00f3n \u00a8Sello de Igualdad de G\u00e9nero\u00a8 otorgado por el PNUD y el Ministerio de la Mujer, entre otros importantes m\u00e9ritos que la hacen ser referente de alto valor en el rengl\u00f3n de los regalos corporativos, promocionales y marcas de lujo.<\/p>\n\n\n\n<p>Entre las marcas, se citan: Hugo Boss, Cristhian Lacroix, Cacharel, Bulova, Columbia, Outdoor Adventure, Stormtech,&nbsp;Velilla, Festina, Cerruti, Ice Whacht,&nbsp;Brand Charger, entre otras.<\/p>\n\n\n\n<p>Johanna Benoit<a target=\"_blank\" href=\"mailto:benoit181182@gmail.com\" rel=\"noreferrer noopener\">benoit181182@gmail.com<\/a><\/p>\n","protected":false},"excerpt":{"rendered":"<p>Benson Leigh, Sulin Lantigua de Glass e Ignacio Glass. La empresa representa marcas de lujo y lidera la industria de art\u00edculos promocionales &nbsp; Santiago de los Caballeros.-&nbsp;Grabo Estilo, empresa l\u00edder de la industria Promocional y de Regalos Corporativos de Lujo en la Rep\u00fablica Dominicana, inaugur\u00f3 su sede en la capital del Cibao, en una ceremonia [&hellip;]<\/p>\n","protected":false},"author":28,"featured_media":463802,"comment_status":"closed","ping_status":"","sticky":true,"template":"","format":"standard","meta":{"footnotes":""},"categories":[36,18,27,32],"tags":[],"class_list":["post-463801","post","type-post","status-publish","format-standard","has-post-thumbnail","hentry","category-hombresmujeresycosas","category-economia","category-portada","category-turismo"],"_links":{"self":[{"href":"https:\/\/diariodominicano.com\/index.php?rest_route=\/wp\/v2\/posts\/463801","targetHints":{"allow":["GET"]}}],"collection":[{"href":"https:\/\/diariodominicano.com\/index.php?rest_route=\/wp\/v2\/posts"}],"about":[{"href":"https:\/\/diariodominicano.com\/index.php?rest_route=\/wp\/v2\/types\/post"}],"author":[{"embeddable":true,"href":"https:\/\/diariodominicano.com\/index.php?rest_route=\/wp\/v2\/users\/28"}],"replies":[{"embeddable":true,"href":"https:\/\/diariodominicano.com\/index.php?rest_route=%2Fwp%2Fv2%2Fcomments&post=463801"}],"version-history":[{"count":10,"href":"https:\/\/diariodominicano.com\/index.php?rest_route=\/wp\/v2\/posts\/463801\/revisions"}],"predecessor-version":[{"id":463848,"href":"https:\/\/diariodominicano.com\/index.php?rest_route=\/wp\/v2\/posts\/463801\/revisions\/463848"}],"wp:featuredmedia":[{"embeddable":true,"href":"https:\/\/diariodominicano.com\/index.php?rest_route=\/wp\/v2\/media\/463802"}],"wp:attachment":[{"href":"https:\/\/diariodominicano.com\/index.php?rest_route=%2Fwp%2Fv2%2Fmedia&parent=463801"}],"wp:term":[{"taxonomy":"category","embeddable":true,"href":"https:\/\/diariodominicano.com\/index.php?rest_route=%2Fwp%2Fv2%2Fcategories&post=463801"},{"taxonomy":"post_tag","embeddable":true,"href":"https:\/\/diariodominicano.com\/index.php?rest_route=%2Fwp%2Fv2%2Ftags&post=463801"}],"curies":[{"name":"wp","href":"https:\/\/api.w.org\/{rel}","templated":true}]}}