{"id":463719,"date":"2023-08-14T17:08:58","date_gmt":"2023-08-14T21:08:58","guid":{"rendered":"http:\/\/diariodominicano.com\/?p=463719"},"modified":"2023-08-14T17:08:58","modified_gmt":"2023-08-14T21:08:58","slug":"fiscalia-de-sde-y-norte-obtiene-condenas-de-20-anos-de-prision-contra-tres-hombres-acusados-de-traficar-con-mas-de-243-kilogramos-de-cocaina","status":"publish","type":"post","link":"https:\/\/diariodominicano.com\/?p=463719","title":{"rendered":"Fiscal\u00eda de SDE y Norte obtiene condenas de 20 a\u00f1os de prisi\u00f3n contra tres hombres acusados de traficar con m\u00e1s de 243 kilogramos de coca\u00edna"},"content":{"rendered":"\n<p>SANTO DOMINGO, Rep\u00fablica Dominicana.-\u00a0La Fiscal\u00eda de Santo Domingo Este y Norte obtuvo tres condenas de 20 a\u00f1os de prisi\u00f3n para cada uno de tres hombres que fueron encontrados culpables de traficar con m\u00e1s de 243 kilogramos de coca\u00edna, que les fueron ocupados el pasado a\u00f1o mientras se trasladaban a bordo de una lancha a una milla n\u00e1utica del mar Caribe, frente a los dep\u00f3sitos de la avenida Espa\u00f1a, en Santo Domingo Este.\u00a0\u00a0<\/p>\n\n\n\n<p>El Quinto Tribunal Colegiado, que integran los jueces Julio Aybar Ortiz (presidente), Laisa Matos Dur\u00e1n y Nelcy Xiomara Ortega Ram\u00edrez (miembros), condenaron a Emerson&nbsp;Sacrairer, Fredy&nbsp;Codiaux&nbsp;y&nbsp;Nomar&nbsp;Jos\u00e9 Leal, acusados por tr\u00e1fico nacional e internacional de drogas, quienes deber\u00e1n cumplir la sentencia en la Penitenciar\u00eda Nacional de La Victoria.&nbsp;<\/p>\n\n\n\n<p>El expediente instrumentado por el fiscal investigador Mart\u00edn Peguero Palacio, detalla que, tras una labor de inteligencia, dirigida por miembros de esta Fiscal\u00eda de Santo Domingo Este, en coordinaci\u00f3n con agentes de la Direcci\u00f3n Nacional de Control de Drogas (DNCD) y la Direcci\u00f3n de Inteligencia Operativa, llevaron a cabo la operaci\u00f3n donde fue ocupada la droga, que en total ten\u00eda un peso de 243.58 kilogramos.<\/p>\n\n\n\n<p>Relata que en fecha 20 de enero de 2021 los tres condenados fueron detenidos en flagrante delito mientras se trasladaban a bordo de una lancha que capitaneaba el nombrado Emerson&nbsp;Sacrairer, quien se trasladaba en compa\u00f1\u00eda de los nombrados Fredy&nbsp;Codiaux&nbsp;y&nbsp;Nomar&nbsp;Jos\u00e9 Leal.&nbsp;<\/p>\n\n\n\n<p>Al momento de su detenci\u00f3n se le incaut\u00f3 adem\u00e1s tres GPS, un tel\u00e9fono satelital y un celular, dos motores a boda de 75 HP y 40 HP, respectivamente, entre otros objetos.&nbsp;<\/p>\n\n\n\n<p>Durante el juicio, el Ministerio P\u00fablico, representado por la fiscal litigante Ivette Mateo, demostr\u00f3 con suficientes elementos probatorios que los tres condenados violaron los art\u00edculos 5, letra A; 28, 58, literal A; 59, p\u00e1rrafo I; 60, 75, p\u00e1rrafo II; 85, letra A, B y C, de la Ley 50-88, sobre tr\u00e1fico nacional e internacional de drogas y sustancias controladas.&nbsp;<\/p>\n\n\n\n<p>Direcci\u00f3n General de Comunicaci\u00f3n, Prensa, y RRPP<\/p>\n\n\n\n<p>Ministerio P\u00fablico.&nbsp;R.D.<\/p>\n\n\n\n<p>Lunes, 14 de agosto de 2023.<\/p>\n","protected":false},"excerpt":{"rendered":"<p>SANTO DOMINGO, Rep\u00fablica Dominicana.-\u00a0La Fiscal\u00eda de Santo Domingo Este y Norte obtuvo tres condenas de 20 a\u00f1os de prisi\u00f3n para cada uno de tres hombres que fueron encontrados culpables de traficar con m\u00e1s de 243 kilogramos de coca\u00edna, que les fueron ocupados el pasado a\u00f1o mientras se trasladaban a bordo de una lancha a una [&hellip;]<\/p>\n","protected":false},"author":28,"featured_media":329468,"comment_status":"closed","ping_status":"","sticky":false,"template":"","format":"standard","meta":{"footnotes":""},"categories":[24,29],"tags":[],"class_list":["post-463719","post","type-post","status-publish","format-standard","has-post-thumbnail","hentry","category-justicia-y-derecho","category-policiasucesos"],"_links":{"self":[{"href":"https:\/\/diariodominicano.com\/index.php?rest_route=\/wp\/v2\/posts\/463719","targetHints":{"allow":["GET"]}}],"collection":[{"href":"https:\/\/diariodominicano.com\/index.php?rest_route=\/wp\/v2\/posts"}],"about":[{"href":"https:\/\/diariodominicano.com\/index.php?rest_route=\/wp\/v2\/types\/post"}],"author":[{"embeddable":true,"href":"https:\/\/diariodominicano.com\/index.php?rest_route=\/wp\/v2\/users\/28"}],"replies":[{"embeddable":true,"href":"https:\/\/diariodominicano.com\/index.php?rest_route=%2Fwp%2Fv2%2Fcomments&post=463719"}],"version-history":[{"count":1,"href":"https:\/\/diariodominicano.com\/index.php?rest_route=\/wp\/v2\/posts\/463719\/revisions"}],"predecessor-version":[{"id":463720,"href":"https:\/\/diariodominicano.com\/index.php?rest_route=\/wp\/v2\/posts\/463719\/revisions\/463720"}],"wp:featuredmedia":[{"embeddable":true,"href":"https:\/\/diariodominicano.com\/index.php?rest_route=\/wp\/v2\/media\/329468"}],"wp:attachment":[{"href":"https:\/\/diariodominicano.com\/index.php?rest_route=%2Fwp%2Fv2%2Fmedia&parent=463719"}],"wp:term":[{"taxonomy":"category","embeddable":true,"href":"https:\/\/diariodominicano.com\/index.php?rest_route=%2Fwp%2Fv2%2Fcategories&post=463719"},{"taxonomy":"post_tag","embeddable":true,"href":"https:\/\/diariodominicano.com\/index.php?rest_route=%2Fwp%2Fv2%2Ftags&post=463719"}],"curies":[{"name":"wp","href":"https:\/\/api.w.org\/{rel}","templated":true}]}}