{"id":463667,"date":"2023-08-14T16:06:26","date_gmt":"2023-08-14T20:06:26","guid":{"rendered":"http:\/\/diariodominicano.com\/?p=463667"},"modified":"2023-08-14T16:16:22","modified_gmt":"2023-08-14T20:16:22","slug":"fedombal-inicia-celebracion-de-campamentos-nacionales-para-captacion-de-talentos","status":"publish","type":"post","link":"https:\/\/diariodominicano.com\/?p=463667","title":{"rendered":"Fedombal inicia celebraci\u00f3n de campamentos nacionales para captaci\u00f3n de talentos"},"content":{"rendered":"\n<p><\/p>\n\n\n\n<figure class=\"wp-block-image size-full\"><img loading=\"lazy\" decoding=\"async\" width=\"1024\" height=\"768\" src=\"https:\/\/diariodominicano.com\/wp-content\/uploads\/2023\/08\/Jugadores-nacidos-en-2008..jpg\" alt=\"\" class=\"wp-image-463674\" srcset=\"https:\/\/diariodominicano.com\/wp-content\/uploads\/2023\/08\/Jugadores-nacidos-en-2008..jpg 1024w, https:\/\/diariodominicano.com\/wp-content\/uploads\/2023\/08\/Jugadores-nacidos-en-2008.-300x225.jpg 300w, https:\/\/diariodominicano.com\/wp-content\/uploads\/2023\/08\/Jugadores-nacidos-en-2008.-768x576.jpg 768w, https:\/\/diariodominicano.com\/wp-content\/uploads\/2023\/08\/Jugadores-nacidos-en-2008.-816x612.jpg 816w\" sizes=\"auto, (max-width: 1024px) 100vw, 1024px\" \/><figcaption>Jugadores nacidos en 2008.<\/figcaption><\/figure>\n\n\n\n<figure class=\"wp-block-image size-large\"><img loading=\"lazy\" decoding=\"async\" width=\"1024\" height=\"682\" src=\"https:\/\/diariodominicano.com\/wp-content\/uploads\/2023\/08\/Jugadores-nacidos-en-2009-y-2010.-1024x682.jpg\" alt=\"\" class=\"wp-image-463675\" srcset=\"https:\/\/diariodominicano.com\/wp-content\/uploads\/2023\/08\/Jugadores-nacidos-en-2009-y-2010.-1024x682.jpg 1024w, https:\/\/diariodominicano.com\/wp-content\/uploads\/2023\/08\/Jugadores-nacidos-en-2009-y-2010.-300x200.jpg 300w, https:\/\/diariodominicano.com\/wp-content\/uploads\/2023\/08\/Jugadores-nacidos-en-2009-y-2010.-768x512.jpg 768w, https:\/\/diariodominicano.com\/wp-content\/uploads\/2023\/08\/Jugadores-nacidos-en-2009-y-2010.-1536x1023.jpg 1536w, https:\/\/diariodominicano.com\/wp-content\/uploads\/2023\/08\/Jugadores-nacidos-en-2009-y-2010.-816x544.jpg 816w, https:\/\/diariodominicano.com\/wp-content\/uploads\/2023\/08\/Jugadores-nacidos-en-2009-y-2010..jpg 1600w\" sizes=\"auto, (max-width: 1024px) 100vw, 1024px\" \/><figcaption> Jugadores nacidos en 2009 y 2010.  <\/figcaption><\/figure>\n\n\n\n<p> <\/p>\n\n\n\n<p>Comenzaron en el Distrito; entre martes y jueves ser\u00e1 en la Provincia  Santo Domingo<\/p>\n\n\n\n<figure class=\"wp-block-image size-large\"><img loading=\"lazy\" decoding=\"async\" width=\"1024\" height=\"682\" src=\"https:\/\/diariodominicano.com\/wp-content\/uploads\/2023\/08\/Atletas-participantes-en-el-campamento-de-captacion-de-talento-de-Fedombal-1.-1024x682.jpg\" alt=\"\" class=\"wp-image-463669\" srcset=\"https:\/\/diariodominicano.com\/wp-content\/uploads\/2023\/08\/Atletas-participantes-en-el-campamento-de-captacion-de-talento-de-Fedombal-1.-1024x682.jpg 1024w, https:\/\/diariodominicano.com\/wp-content\/uploads\/2023\/08\/Atletas-participantes-en-el-campamento-de-captacion-de-talento-de-Fedombal-1.-300x200.jpg 300w, https:\/\/diariodominicano.com\/wp-content\/uploads\/2023\/08\/Atletas-participantes-en-el-campamento-de-captacion-de-talento-de-Fedombal-1.-768x512.jpg 768w, https:\/\/diariodominicano.com\/wp-content\/uploads\/2023\/08\/Atletas-participantes-en-el-campamento-de-captacion-de-talento-de-Fedombal-1.-1536x1023.jpg 1536w, https:\/\/diariodominicano.com\/wp-content\/uploads\/2023\/08\/Atletas-participantes-en-el-campamento-de-captacion-de-talento-de-Fedombal-1.-816x544.jpg 816w, https:\/\/diariodominicano.com\/wp-content\/uploads\/2023\/08\/Atletas-participantes-en-el-campamento-de-captacion-de-talento-de-Fedombal-1..jpg 1600w\" sizes=\"auto, (max-width: 1024px) 100vw, 1024px\" \/><figcaption>Atletas participantes en el campamento de captaci\u00f3n de talentos<\/figcaption><\/figure>\n\n\n\n<p>SANTO DOMINGO, RD.- La Federaci\u00f3n Dominicana de Baloncesto inici\u00f3 los campamentos nacionales para captaci\u00f3n de talentos dentro del Programa de Selecciones Nacionales Formativas para j\u00f3venes nacidos en 2008, 2009 y 2010.<\/p>\n\n\n\n<figure class=\"wp-block-image size-large\"><img loading=\"lazy\" decoding=\"async\" width=\"1024\" height=\"682\" src=\"https:\/\/diariodominicano.com\/wp-content\/uploads\/2023\/08\/El-tecnico-Ruddy-Martinez-instruye-a-un-atleta-que-participo-en-el-campamento-de-captacion-de-talento.-1024x682.jpg\" alt=\"\" class=\"wp-image-463670\" srcset=\"https:\/\/diariodominicano.com\/wp-content\/uploads\/2023\/08\/El-tecnico-Ruddy-Martinez-instruye-a-un-atleta-que-participo-en-el-campamento-de-captacion-de-talento.-1024x682.jpg 1024w, https:\/\/diariodominicano.com\/wp-content\/uploads\/2023\/08\/El-tecnico-Ruddy-Martinez-instruye-a-un-atleta-que-participo-en-el-campamento-de-captacion-de-talento.-300x200.jpg 300w, https:\/\/diariodominicano.com\/wp-content\/uploads\/2023\/08\/El-tecnico-Ruddy-Martinez-instruye-a-un-atleta-que-participo-en-el-campamento-de-captacion-de-talento.-768x512.jpg 768w, https:\/\/diariodominicano.com\/wp-content\/uploads\/2023\/08\/El-tecnico-Ruddy-Martinez-instruye-a-un-atleta-que-participo-en-el-campamento-de-captacion-de-talento.-1536x1023.jpg 1536w, https:\/\/diariodominicano.com\/wp-content\/uploads\/2023\/08\/El-tecnico-Ruddy-Martinez-instruye-a-un-atleta-que-participo-en-el-campamento-de-captacion-de-talento.-816x544.jpg 816w, https:\/\/diariodominicano.com\/wp-content\/uploads\/2023\/08\/El-tecnico-Ruddy-Martinez-instruye-a-un-atleta-que-participo-en-el-campamento-de-captacion-de-talento..jpg 1600w\" sizes=\"auto, (max-width: 1024px) 100vw, 1024px\" \/><figcaption>El t\u00e9cnico Ruddy Mart\u00ednez instruye a un atleta que particip\u00f3 en el campamento de captaci\u00f3n de talento.<\/figcaption><\/figure>\n\n\n\n<p>El pasado fin de semana se celebr\u00f3 el primer campamento para los atletas del Distrito Nacional en edades entre los 13 a 15 a\u00f1os, en la Cancha de Entrenamientos de Fedombal en el Centro Ol\u00edmpico Juan Pablo Duarte, con la participaci\u00f3n de cerca de 200 j\u00f3venes.<\/p>\n\n\n\n<p>Entre viernes y s\u00e1bados cientos de ni\u00f1os y j\u00f3venes exhibieron sus talentos y habilidades ante los miembros de staff de entrenadores de las selecciones nacionales en las categor\u00edas formativas, cuyo proyecto lo dirige el Inmortal del Deporte Jos\u00e9 -Ma\u00edta- Mercedes.<\/p>\n\n\n\n<figure class=\"wp-block-image size-large\"><img loading=\"lazy\" decoding=\"async\" width=\"1024\" height=\"682\" src=\"https:\/\/diariodominicano.com\/wp-content\/uploads\/2023\/08\/El-tecnico-Melvyn-Lopez-imparte-instrucciones-a-los-atletas-participantes-en-el-campamento-de-captacion-de-talento.-1-1024x682.jpg\" alt=\"\" class=\"wp-image-463673\" srcset=\"https:\/\/diariodominicano.com\/wp-content\/uploads\/2023\/08\/El-tecnico-Melvyn-Lopez-imparte-instrucciones-a-los-atletas-participantes-en-el-campamento-de-captacion-de-talento.-1-1024x682.jpg 1024w, https:\/\/diariodominicano.com\/wp-content\/uploads\/2023\/08\/El-tecnico-Melvyn-Lopez-imparte-instrucciones-a-los-atletas-participantes-en-el-campamento-de-captacion-de-talento.-1-300x200.jpg 300w, https:\/\/diariodominicano.com\/wp-content\/uploads\/2023\/08\/El-tecnico-Melvyn-Lopez-imparte-instrucciones-a-los-atletas-participantes-en-el-campamento-de-captacion-de-talento.-1-768x512.jpg 768w, https:\/\/diariodominicano.com\/wp-content\/uploads\/2023\/08\/El-tecnico-Melvyn-Lopez-imparte-instrucciones-a-los-atletas-participantes-en-el-campamento-de-captacion-de-talento.-1-1536x1023.jpg 1536w, https:\/\/diariodominicano.com\/wp-content\/uploads\/2023\/08\/El-tecnico-Melvyn-Lopez-imparte-instrucciones-a-los-atletas-participantes-en-el-campamento-de-captacion-de-talento.-1-816x544.jpg 816w, https:\/\/diariodominicano.com\/wp-content\/uploads\/2023\/08\/El-tecnico-Melvyn-Lopez-imparte-instrucciones-a-los-atletas-participantes-en-el-campamento-de-captacion-de-talento.-1.jpg 1600w\" sizes=\"auto, (max-width: 1024px) 100vw, 1024px\" \/><figcaption>El t\u00e9cnico Melvyn L\u00f3pez imparte instrucciones a los atletas participantes en el campamento de captaci\u00f3n de talento.<\/figcaption><\/figure>\n\n\n\n<p>Ma\u00edta Mercedes es asistido por el t\u00e9cnico Melvyn L\u00f3pez, ex capataz de la selecci\u00f3n de mayores, y dentro del staff se cuentan a Ruddy Mart\u00ednez, Jos\u00e9 Cabrera (Tyron), Eddy Garc\u00eda, Freddy S\u00e1nchez, Jean Carlos P\u00e9rez, Susana Medrano, Miguel Pichardo (Morocho), Carlos Mont\u00e1s (Vivita), Genaro Zapata y Ram\u00f3n -Papito- Valdez.<\/p>\n\n\n\n<p>Mercedes y L\u00f3pez destacaron que la finalidad de este campamento es buscar entre los atletas las actitudes tempranas para jugar el baloncesto, desarrollar sus habilidades y darles seguimientos para convertirlos en futuros jugadores de selecciones U-15 y U-17.<\/p>\n\n\n\n<p>Valoraron el respaldo que le da el presidente de Fedombal, el ingeniero Rafael Uribe, quien ha sido un visionario y fiel creyente que identificando el talento a temprana edad podemos contar en un futuro cercano con jugadores para las diferentes selecciones nacionales, e incluso, el equipo nacional de baloncesto de mayores.<\/p>\n\n\n\n<p><strong>Provincia de Santo Domingo<\/strong><\/p>\n\n\n\n<p>Mercedes y L\u00f3pez informaron que entre martes y jueves el campamento se desarrollar\u00e1 para los atletas de la Provincia de Santo Domingo de manera simult\u00e1nea en los polideportivos de Calero, Los Mina e Invivienda en Santo Domingo Este, el techado de Los Alcarrizos y el bajo techo Ra\u00fal Castro de Sabana Perdida en Santo Domingo Norte.<\/p>\n\n\n\n<p>El martes 15 ser\u00e1 a partir de las 10:30 de la ma\u00f1ana para los atletas nacidos en el a\u00f1o 2010 en las canchas de Calero, Invivienda, Los Alcarrizos y Sabana Perdida.<\/p>\n\n\n\n<p>El mi\u00e9rcoles 16 se convoca para las 10:00 de la ma\u00f1ana a los atletas nacidos en el a\u00f1o 2009 en las canchas de Calero, Los Mina, Los Alcarrizos y Sabana Perdida.<\/p>\n\n\n\n<p>Para el jueves 17, a las 10:00 de la ma\u00f1ana, se exhibir\u00e1n los atletas nacidos en el a\u00f1o 2008 en las canchas de Invivienda, Los Mina, Los Alcarrizos y Sabana Perdida.<\/p>\n\n\n\n<p>Los atletas seleccionados del Distrito Nacional y la Provincia de Santo Domingo ser\u00e1n convocados para el pr\u00f3ximo domingo 20 de agosto a continuar los entrenamientos hasta concluir con una selecci\u00f3n final de jugadores que ingresar\u00e1n a la preselecci\u00f3n nacional.<\/p>\n\n\n\n<p>Adem\u00e1s, comunicaron que en todo el mes de agosto se realizar\u00e1n otros campamentos en todo el territorio nacional, teniendo como sede a las provincias Mar\u00eda Trinidad S\u00e1nchez (Nagua), Duarte (San Francisco de Macor\u00eds), La Vega, Santiago, Santiago Rodr\u00edguez, Puerto Plata, Hato Mayor, La Romana, Espaillat (Ban\u00ed), San Juan, Bahoruco (Neyba) y San Crist\u00f3bal.<\/p>\n\n\n\n<p>Federaci\u00f3n Dominicana de Baloncesto Fedombal<a target=\"_blank\" href=\"mailto:prensafedombal@gmail.com\" rel=\"noreferrer noopener\">prensafedombal@gmail.com<\/a><\/p>\n","protected":false},"excerpt":{"rendered":"<p>Comenzaron en el Distrito; entre martes y jueves ser\u00e1 en la Provincia Santo Domingo SANTO DOMINGO, RD.- La Federaci\u00f3n Dominicana de Baloncesto inici\u00f3 los campamentos nacionales para captaci\u00f3n de talentos dentro del Programa de Selecciones Nacionales Formativas para j\u00f3venes nacidos en 2008, 2009 y 2010. El pasado fin de semana se celebr\u00f3 el primer campamento [&hellip;]<\/p>\n","protected":false},"author":28,"featured_media":463668,"comment_status":"closed","ping_status":"","sticky":true,"template":"","format":"standard","meta":{"footnotes":""},"categories":[17,27,32],"tags":[],"class_list":["post-463667","post","type-post","status-publish","format-standard","has-post-thumbnail","hentry","category-deportes","category-portada","category-turismo"],"_links":{"self":[{"href":"https:\/\/diariodominicano.com\/index.php?rest_route=\/wp\/v2\/posts\/463667","targetHints":{"allow":["GET"]}}],"collection":[{"href":"https:\/\/diariodominicano.com\/index.php?rest_route=\/wp\/v2\/posts"}],"about":[{"href":"https:\/\/diariodominicano.com\/index.php?rest_route=\/wp\/v2\/types\/post"}],"author":[{"embeddable":true,"href":"https:\/\/diariodominicano.com\/index.php?rest_route=\/wp\/v2\/users\/28"}],"replies":[{"embeddable":true,"href":"https:\/\/diariodominicano.com\/index.php?rest_route=%2Fwp%2Fv2%2Fcomments&post=463667"}],"version-history":[{"count":3,"href":"https:\/\/diariodominicano.com\/index.php?rest_route=\/wp\/v2\/posts\/463667\/revisions"}],"predecessor-version":[{"id":463677,"href":"https:\/\/diariodominicano.com\/index.php?rest_route=\/wp\/v2\/posts\/463667\/revisions\/463677"}],"wp:featuredmedia":[{"embeddable":true,"href":"https:\/\/diariodominicano.com\/index.php?rest_route=\/wp\/v2\/media\/463668"}],"wp:attachment":[{"href":"https:\/\/diariodominicano.com\/index.php?rest_route=%2Fwp%2Fv2%2Fmedia&parent=463667"}],"wp:term":[{"taxonomy":"category","embeddable":true,"href":"https:\/\/diariodominicano.com\/index.php?rest_route=%2Fwp%2Fv2%2Fcategories&post=463667"},{"taxonomy":"post_tag","embeddable":true,"href":"https:\/\/diariodominicano.com\/index.php?rest_route=%2Fwp%2Fv2%2Ftags&post=463667"}],"curies":[{"name":"wp","href":"https:\/\/api.w.org\/{rel}","templated":true}]}}