{"id":463629,"date":"2023-08-14T15:27:17","date_gmt":"2023-08-14T19:27:17","guid":{"rendered":"http:\/\/diariodominicano.com\/?p=463629"},"modified":"2023-08-14T16:19:18","modified_gmt":"2023-08-14T20:19:18","slug":"ciel-2023-abre-la-puerta-a-un-futuro-digital-seguro-con-la-estrategia-legal-en-la-industria-4-0","status":"publish","type":"post","link":"https:\/\/diariodominicano.com\/?p=463629","title":{"rendered":"CIEL 2023 abre la puerta a un futuro digital seguro, con la estrategia legal en la Industria 4.0"},"content":{"rendered":"\n<p> Belkis Guerrero Villalona, rectora del Instituto OMG <\/p>\n\n\n\n<p>Santo Domingo, RD.- El Instituto OMG realiz\u00f3 la cuarta edici\u00f3n de su Congreso Internacional en Estrategia Legal (CIEL), donde alrededor de 30 expertos, nacionales e internacionales, en materia legal, tecnol\u00f3gica y de los negocios,&nbsp;se reunieron durante dos d\u00edas para debatir el impacto y las oportunidades que la industria 4.0 presenta desde la perspectiva de la estrategia legal.<\/p>\n\n\n\n<figure class=\"wp-block-image size-large\"><img loading=\"lazy\" decoding=\"async\" width=\"1024\" height=\"576\" src=\"https:\/\/diariodominicano.com\/wp-content\/uploads\/2023\/08\/IV-Congrego-Internacional-Estrategia-Legal-CIEL-1024x576.jpeg\" alt=\"\" class=\"wp-image-463635\" srcset=\"https:\/\/diariodominicano.com\/wp-content\/uploads\/2023\/08\/IV-Congrego-Internacional-Estrategia-Legal-CIEL-1024x576.jpeg 1024w, https:\/\/diariodominicano.com\/wp-content\/uploads\/2023\/08\/IV-Congrego-Internacional-Estrategia-Legal-CIEL-300x169.jpeg 300w, https:\/\/diariodominicano.com\/wp-content\/uploads\/2023\/08\/IV-Congrego-Internacional-Estrategia-Legal-CIEL-768x432.jpeg 768w, https:\/\/diariodominicano.com\/wp-content\/uploads\/2023\/08\/IV-Congrego-Internacional-Estrategia-Legal-CIEL-1536x864.jpeg 1536w, https:\/\/diariodominicano.com\/wp-content\/uploads\/2023\/08\/IV-Congrego-Internacional-Estrategia-Legal-CIEL-816x459.jpeg 816w, https:\/\/diariodominicano.com\/wp-content\/uploads\/2023\/08\/IV-Congrego-Internacional-Estrategia-Legal-CIEL.jpeg 1599w\" sizes=\"auto, (max-width: 1024px) 100vw, 1024px\" \/><figcaption>IV Congrego Internacional Estrategia Legal CIEL<\/figcaption><\/figure>\n\n\n\n<p>El congreso se enfoc\u00f3 en resaltar la importancia y la necesidad de una buena estrategia legal para que las empresas puedan capturar mayor valor de tecnolog\u00edas en el desarrollo de nuevos negocios. Tambi\u00e9n resalt\u00f3 el rol de estratega que debe asumir el Estado en el dise\u00f1o e implementaci\u00f3n de normas y pol\u00edticas que sirvan de est\u00edmulo a la industria 4.0<\/p>\n\n\n\n<p>Belkis Guerrero Villalona, rectora del Instituto OMG, resalt\u00f3 la importancia de estos di\u00e1logos en diferentes sectores para sacar el mejor provecho a las herramientas que se encuentran disponibles para impulsar nuevos negocios.<\/p>\n\n\n\n<p>\u201cHan sido&nbsp;dos apasionantes d\u00edas donde discutimos y compartimos experiencias y conocimientos sobre la Estrategia Legal para la Industria 4.0. Tratamos en detalle aspectos tan actuales e interesantes como: Identidad Digital, E-Government, Sistema Financiero Digital, Protecci\u00f3n de Datos Personales, Metaverso y Estructura Legal, Fiabilidad y \u00e9tica\u201d&nbsp;asegur\u00f3 Guerrero Villalona.<\/p>\n\n\n\n<figure class=\"wp-block-image size-large\"><img loading=\"lazy\" decoding=\"async\" width=\"1024\" height=\"576\" src=\"https:\/\/diariodominicano.com\/wp-content\/uploads\/2023\/08\/Luis-Eduardo-Aquino-vicerector-1024x576.jpeg\" alt=\"\" class=\"wp-image-463632\" srcset=\"https:\/\/diariodominicano.com\/wp-content\/uploads\/2023\/08\/Luis-Eduardo-Aquino-vicerector-1024x576.jpeg 1024w, https:\/\/diariodominicano.com\/wp-content\/uploads\/2023\/08\/Luis-Eduardo-Aquino-vicerector-300x169.jpeg 300w, https:\/\/diariodominicano.com\/wp-content\/uploads\/2023\/08\/Luis-Eduardo-Aquino-vicerector-768x432.jpeg 768w, https:\/\/diariodominicano.com\/wp-content\/uploads\/2023\/08\/Luis-Eduardo-Aquino-vicerector-1536x864.jpeg 1536w, https:\/\/diariodominicano.com\/wp-content\/uploads\/2023\/08\/Luis-Eduardo-Aquino-vicerector-816x459.jpeg 816w, https:\/\/diariodominicano.com\/wp-content\/uploads\/2023\/08\/Luis-Eduardo-Aquino-vicerector.jpeg 1599w\" sizes=\"auto, (max-width: 1024px) 100vw, 1024px\" \/><figcaption>Luis Eduardo Aquino vicerrector de OMG<\/figcaption><\/figure>\n\n\n\n<p>Los paneles y conferencias magistrales se enfocaron en los ejes principales del CIEL, que fueron: Identidad Digital y E-Government, donde se discuti\u00f3 la importancia de proteger la identidad digital y la implementaci\u00f3n de tecnolog\u00edas digitales en el \u00e1mbito gubernamental; Sistema Financiero Digital, Protecci\u00f3n de Datos Personales, el Metaverso y la Estructura Legal, Fiabilidad y \u00c9tica, todos con el objetivo de examinar los desaf\u00edos legales y \u00e9ticos que surgen en la industria 4.0, as\u00ed como establecer una base legal s\u00f3lida y responsable.<\/p>\n\n\n\n<p>CIEL 2023 cont\u00f3 con la participaci\u00f3n especial del ministro de Industria, Comercio y Mipymes, V\u00edctor -Ito- Bison\u00f3,&nbsp;&nbsp;quien abord\u00f3 el tema de \u201cTransformaci\u00f3n Digital de las Industrias de Manufactura en Rep\u00fablica Dominicana, dentro de la iniciativa \u201cMacro Programa de Industrias Digitales\u201d.<\/p>\n\n\n\n<p>Los participantes adquirieron nuevos conocimientos que podr\u00e1n utilizar en sus empresas y proyectos profesionales.&nbsp;Adem\u00e1s, cont\u00f3 con las conferencias magistrales y paneles de:&nbsp;Jon M. Garon, director del programa de Propiedad Intelectual, Ciberseguridad y Derecho Tecnol\u00f3gico en la Facultad de Derecho \u201cShepard Broad\u201d de Nova Southeastern University; Alejandro Pad\u00edn, Socio de Garrigues y responsable del \u00e1rea de Econom\u00eda del Dato, Privacidad y Ciberseguridad; Francisco M\u00e9ndez, Consultor permantente de CEPAL y OEA en sus programas de formaci\u00f3n Gobierno Digital y Gobierno Abierto, M\u00e1ster en Sociedad de la Informaci\u00f3n y del Conocimiento.&nbsp;<\/p>\n\n\n\n<p>As\u00ed como: Juli\u00e1n Plaza, director de la firma Plaza Iuris Abogados en Madrid, Espa\u00f1a y Delegado de Protecci\u00f3n de Datos; Ligia Catherine Arias-Barrera, Chief Executive Officer (CEO) en la firma Financial Services Consulting (Reino Unido); y Drew Simshaw, profesor asistente y becario Clute-Holleran en Derecho Corporativo en la Facultad de Derecho de la Universidad de Gonzaga en Spokane, Washington.<\/p>\n\n\n\n<p>El IV Congreso Internacional en Estrategia Legal se realiz\u00f3 en el Hotel InterContinental de Santo Domingo. Cont\u00f3 con el apoyo de: INICIA, OMG, Primma Valores, EGE Haina, Estrella &amp; Tupete, Casas del XVI, AFP Popular, Remax, Rizek Abogados, Grupo Senci\u00f3n, United Capital Puesto de Bolsa, Log\u00edstica Legal, Consorcio Energ\u00e9tico Punta Cana-Macao (CEPM), Arium Salud Digital, entre otros.&nbsp;<\/p>\n\n\n\n<p>Ibelca Mencia<a target=\"_blank\" href=\"mailto:ibelca.mencia@gmail.com\" rel=\"noreferrer noopener\">ibelca.mencia@gmail.com<\/a><\/p>\n","protected":false},"excerpt":{"rendered":"<p>Belkis Guerrero Villalona, rectora del Instituto OMG Santo Domingo, RD.- El Instituto OMG realiz\u00f3 la cuarta edici\u00f3n de su Congreso Internacional en Estrategia Legal (CIEL), donde alrededor de 30 expertos, nacionales e internacionales, en materia legal, tecnol\u00f3gica y de los negocios,&nbsp;se reunieron durante dos d\u00edas para debatir el impacto y las oportunidades que la industria [&hellip;]<\/p>\n","protected":false},"author":28,"featured_media":463630,"comment_status":"closed","ping_status":"","sticky":true,"template":"","format":"standard","meta":{"footnotes":""},"categories":[36,18,27],"tags":[],"class_list":["post-463629","post","type-post","status-publish","format-standard","has-post-thumbnail","hentry","category-hombresmujeresycosas","category-economia","category-portada"],"_links":{"self":[{"href":"https:\/\/diariodominicano.com\/index.php?rest_route=\/wp\/v2\/posts\/463629","targetHints":{"allow":["GET"]}}],"collection":[{"href":"https:\/\/diariodominicano.com\/index.php?rest_route=\/wp\/v2\/posts"}],"about":[{"href":"https:\/\/diariodominicano.com\/index.php?rest_route=\/wp\/v2\/types\/post"}],"author":[{"embeddable":true,"href":"https:\/\/diariodominicano.com\/index.php?rest_route=\/wp\/v2\/users\/28"}],"replies":[{"embeddable":true,"href":"https:\/\/diariodominicano.com\/index.php?rest_route=%2Fwp%2Fv2%2Fcomments&post=463629"}],"version-history":[{"count":6,"href":"https:\/\/diariodominicano.com\/index.php?rest_route=\/wp\/v2\/posts\/463629\/revisions"}],"predecessor-version":[{"id":463680,"href":"https:\/\/diariodominicano.com\/index.php?rest_route=\/wp\/v2\/posts\/463629\/revisions\/463680"}],"wp:featuredmedia":[{"embeddable":true,"href":"https:\/\/diariodominicano.com\/index.php?rest_route=\/wp\/v2\/media\/463630"}],"wp:attachment":[{"href":"https:\/\/diariodominicano.com\/index.php?rest_route=%2Fwp%2Fv2%2Fmedia&parent=463629"}],"wp:term":[{"taxonomy":"category","embeddable":true,"href":"https:\/\/diariodominicano.com\/index.php?rest_route=%2Fwp%2Fv2%2Fcategories&post=463629"},{"taxonomy":"post_tag","embeddable":true,"href":"https:\/\/diariodominicano.com\/index.php?rest_route=%2Fwp%2Fv2%2Ftags&post=463629"}],"curies":[{"name":"wp","href":"https:\/\/api.w.org\/{rel}","templated":true}]}}