{"id":463618,"date":"2023-08-14T15:14:05","date_gmt":"2023-08-14T19:14:05","guid":{"rendered":"http:\/\/diariodominicano.com\/?p=463618"},"modified":"2023-08-14T16:20:05","modified_gmt":"2023-08-14T20:20:05","slug":"dariann-gonzalez-conquista-con-sencillo-volando","status":"publish","type":"post","link":"https:\/\/diariodominicano.com\/?p=463618","title":{"rendered":"Dariann Gonz\u00e1lez conquista con sencillo \u201cVolando\u201d"},"content":{"rendered":"\n<p> Dariann Gonz\u00e1lez <\/p>\n\n\n\n<p><strong>Santo Domingo, R.D.<\/strong>&nbsp;La reconocida artista cristiana puertorique\u00f1a  Dariann Gonz\u00e1lez, se encuentra en el pa\u00eds promocionando su m\u00e1s reciente sencillo titulado \u201cVolando\u201d, una exquisita propuesta musical en el g\u00e9nero Pop Alternativo que se puede encontrar en todas las plataformas digitales.<\/p>\n\n\n\n<figure class=\"wp-block-image size-full\"><img loading=\"lazy\" decoding=\"async\" width=\"1024\" height=\"683\" src=\"https:\/\/diariodominicano.com\/wp-content\/uploads\/2023\/08\/DARIANN-2.jpg\" alt=\"\" class=\"wp-image-463622\" srcset=\"https:\/\/diariodominicano.com\/wp-content\/uploads\/2023\/08\/DARIANN-2.jpg 1024w, https:\/\/diariodominicano.com\/wp-content\/uploads\/2023\/08\/DARIANN-2-300x200.jpg 300w, https:\/\/diariodominicano.com\/wp-content\/uploads\/2023\/08\/DARIANN-2-768x512.jpg 768w, https:\/\/diariodominicano.com\/wp-content\/uploads\/2023\/08\/DARIANN-2-816x544.jpg 816w\" sizes=\"auto, (max-width: 1024px) 100vw, 1024px\" \/><figcaption> Dariann Gonz\u00e1lez <\/figcaption><\/figure>\n\n\n\n<p>\u201cVolando\u201d, transmite ese sentimiento de paz que nos da el estar en la presencia de Dios y alzar nuestras manos y adorarle\u201d, explic\u00f3, entusiasmada, la emprendedora artista.<\/p>\n\n\n\n<p>Una canci\u00f3n en la cual Gonz\u00e1lez comparte autor\u00eda con Genock Gabriel y posee arreglos de&nbsp; Jonathan Barajas, logrando, una vez m\u00e1s, una importante receptividad del p\u00fablico que consume la m\u00fasica cristiana.<\/p>\n\n\n\n<p>\u201cMe siento muy agradecida del apoyo que he recibido de mis seguidores con \u201cVolando\u201d. Se siente muy bonito cuando das lo mejor de ti en cada expresi\u00f3n art\u00edstica y el p\u00fablico te lo valora\u201d, asever\u00f3.<\/p>\n\n\n\n<p>En ese mismo tenor, la emprendedora artista inform\u00f3 que ya se&nbsp; encuentra disponible la parte audiovisual de \u201cVolando\u201d, la cual tuvo como gu\u00eda al reconocido productor Jahdiel Rom\u00e1n.<\/p>\n\n\n\n<figure class=\"wp-block-image size-full\"><img loading=\"lazy\" decoding=\"async\" width=\"682\" height=\"1024\" src=\"https:\/\/diariodominicano.com\/wp-content\/uploads\/2023\/08\/DARIANN-3.jpg\" alt=\"\" class=\"wp-image-463623\" srcset=\"https:\/\/diariodominicano.com\/wp-content\/uploads\/2023\/08\/DARIANN-3.jpg 682w, https:\/\/diariodominicano.com\/wp-content\/uploads\/2023\/08\/DARIANN-3-200x300.jpg 200w\" sizes=\"auto, (max-width: 682px) 100vw, 682px\" \/><figcaption> Dariann Gonz\u00e1lez <\/figcaption><\/figure>\n\n\n\n<p>\u201cEstoy muy contenta con el resultado. Creemos que es importante lograr siempre un producto de primera calidad que grafique, perfectamente, el mensaje del tema\u201d, afirm\u00f3 la artista, quien se caracteriza por su original l\u00edrica y estilo musical.<\/p>\n\n\n\n<p>Asimismo, Gonz\u00e1lez, quien tambi\u00e9n cuenta en su discograf\u00eda temas tan atractivos como \u201cT\u00fa\u201d y \u201cSobre m\u00ed\u201d, que tuvieron gran relevancia en las plataformas y el inspirador \u00e1lbum \u201cEn tus aguas\u201d, tiene como planes \u201cseguir creando temas nuevos para compartir la palabra de Dios\u201d, adelant\u00f3. Los interesados en seguir la carrera de esta talentosa artista, quien naci\u00f3 en Bayam\u00f3n, Puerto Rico y reside en Toa Alta, pueden hacerlo a trav\u00e9s de @darianngonzalez en todas las plataformas digitales.<\/p>\n\n\n\n<p><br><a rel=\"noreferrer noopener\" href=\"https:\/\/www.youtube.com\/watch?v=_dBZsjb7h5k\" target=\"_blank\">Volando &#8211; Dariann Gonz\u00e1lez (Video Oficial)<\/a><\/p>\n\n\n\n<p><a rel=\"noreferrer noopener\" href=\"https:\/\/www.youtube.com\/watch?v=_dBZsjb7h5k\" target=\"_blank\">Volando &#8211; Dariann Gonz\u00e1lez (Video Oficial)<\/a><\/p>\n\n\n\n<p>Tyrone Dotel<a target=\"_blank\" href=\"mailto:tyronedotel@yahoo.com\" rel=\"noreferrer noopener\">tyronedotel@yahoo.com<\/a><\/p>\n","protected":false},"excerpt":{"rendered":"<p>Dariann Gonz\u00e1lez Santo Domingo, R.D.&nbsp;La reconocida artista cristiana puertorique\u00f1a Dariann Gonz\u00e1lez, se encuentra en el pa\u00eds promocionando su m\u00e1s reciente sencillo titulado \u201cVolando\u201d, una exquisita propuesta musical en el g\u00e9nero Pop Alternativo que se puede encontrar en todas las plataformas digitales. \u201cVolando\u201d, transmite ese sentimiento de paz que nos da el estar en la presencia [&hellip;]<\/p>\n","protected":false},"author":28,"featured_media":463621,"comment_status":"closed","ping_status":"","sticky":true,"template":"","format":"standard","meta":{"footnotes":""},"categories":[25,27,32],"tags":[],"class_list":["post-463618","post","type-post","status-publish","format-standard","has-post-thumbnail","hentry","category-gente","category-portada","category-turismo"],"_links":{"self":[{"href":"https:\/\/diariodominicano.com\/index.php?rest_route=\/wp\/v2\/posts\/463618","targetHints":{"allow":["GET"]}}],"collection":[{"href":"https:\/\/diariodominicano.com\/index.php?rest_route=\/wp\/v2\/posts"}],"about":[{"href":"https:\/\/diariodominicano.com\/index.php?rest_route=\/wp\/v2\/types\/post"}],"author":[{"embeddable":true,"href":"https:\/\/diariodominicano.com\/index.php?rest_route=\/wp\/v2\/users\/28"}],"replies":[{"embeddable":true,"href":"https:\/\/diariodominicano.com\/index.php?rest_route=%2Fwp%2Fv2%2Fcomments&post=463618"}],"version-history":[{"count":6,"href":"https:\/\/diariodominicano.com\/index.php?rest_route=\/wp\/v2\/posts\/463618\/revisions"}],"predecessor-version":[{"id":463628,"href":"https:\/\/diariodominicano.com\/index.php?rest_route=\/wp\/v2\/posts\/463618\/revisions\/463628"}],"wp:featuredmedia":[{"embeddable":true,"href":"https:\/\/diariodominicano.com\/index.php?rest_route=\/wp\/v2\/media\/463621"}],"wp:attachment":[{"href":"https:\/\/diariodominicano.com\/index.php?rest_route=%2Fwp%2Fv2%2Fmedia&parent=463618"}],"wp:term":[{"taxonomy":"category","embeddable":true,"href":"https:\/\/diariodominicano.com\/index.php?rest_route=%2Fwp%2Fv2%2Fcategories&post=463618"},{"taxonomy":"post_tag","embeddable":true,"href":"https:\/\/diariodominicano.com\/index.php?rest_route=%2Fwp%2Fv2%2Ftags&post=463618"}],"curies":[{"name":"wp","href":"https:\/\/api.w.org\/{rel}","templated":true}]}}