{"id":463549,"date":"2023-08-14T11:54:14","date_gmt":"2023-08-14T15:54:14","guid":{"rendered":"http:\/\/diariodominicano.com\/?p=463549"},"modified":"2023-08-14T13:15:04","modified_gmt":"2023-08-14T17:15:04","slug":"escuela-tecnica-hotelera-serrania-celebra-su-15-aniversario-con-la-publicacion-del-libro-de-recetas-de-serrania","status":"publish","type":"post","link":"https:\/\/diariodominicano.com\/?p=463549","title":{"rendered":"Escuela\u00a0T\u00e9cnica Hotelera\u00a0Serran\u00eda\u00a0celebra\u00a0su\u00a015 aniversario con\u00a0la publicaci\u00f3n del\u00a0libro de \u201cRecetas de Serran\u00eda\u201d"},"content":{"rendered":"\n<p>Michael Alcal\u00e1, Bol\u00edvar Troncosa, Manuel Cede\u00f1o, Maribel Pichardo, Luis Ros y Sim\u00f3n Su\u00e1rez.<\/p>\n\n\n\n<p>S<strong>ANTO DOMINGO, RD.-<\/strong>Serran\u00eda celebr\u00f3 el 15vo. aniversario de su fundaci\u00f3n&nbsp;con el&nbsp;lanzamiento de su libro \u201cRecetas de Serran\u00eda\u201d,&nbsp;que recoge&nbsp;15 recetas originales de la escuela y otras&nbsp;15 de diferentes chefs,&nbsp;nacionales e internacionales que colaboran con la instituci\u00f3n.<\/p>\n\n\n\n<p>La obra presentada tiene como objetivo difundir la cultura gastron\u00f3mica dominicana, ofrecer al p\u00fablico una variedad exquisita de platillos de f\u00e1cil preparaci\u00f3n en el hogar y llevar a la sociedad una experiencia culinaria \u201cpara todos los gustos y ocasiones\u201d.<\/p>\n\n\n\n<p>Entre los chef que aportan sus recetas en la obra figuran:&nbsp;Ana Lebr\u00f3n, Javier Cabrera,&nbsp;Rosa Mar\u00eda G\u00f3mez (la Chefa), In\u00e9s P\u00e1ez (Chef Tita), Ariel Pe\u00f1alva, Saverio Stassi, Israel Gata, Carlos Est\u00e9vez,&nbsp;Michael Alcal\u00e1, Andrew Reyes, Leandro Diaz, Solange Cid, Betsy Echavarr\u00eda, Marianela Rosario y Adin Langille.<\/p>\n\n\n\n<p>El libro, que cuenta con el apoyo del Instituto Nacional de Formaci\u00f3n T\u00e9cnico Profesional (INFOTEP) y la Fundaci\u00f3n Sabores Dominicanos, fue puesto en circulaci\u00f3n durante un acto en el restaurante El Lago, de la avenida Anacaona del Distrito Nacional.<\/p>\n\n\n\n<p>Maribel Pichardo, directora del centro de estudio destac\u00f3 el posicionamiento de la Escuela Serran\u00eda \u201ccomo una instituci\u00f3n acad\u00e9mica que aporta profesionales de alto nivel en el \u00e1rea de la hoteler\u00eda para el pa\u00eds y el turismo, columna vertebral de la econom\u00eda dominicana\u201d.<\/p>\n\n\n\n<p>\u201cCon este libro que hoy presentamos Serran\u00eda se lanza a una nueva experiencia, con 15 recetas originales, creadas en 15 a\u00f1os de excelentes logros culinarios en materia de gastronom\u00eda e investigaci\u00f3n gastron\u00f3mica\u201d, manifest\u00f3 Pichardo.<\/p>\n\n\n\n<p>Garantiz\u00f3 que Serran\u00eda continuar\u00e1 dando oportunidades para superarse a&nbsp;los&nbsp;j\u00f3venes de Rep\u00fablica Dominicana, form\u00e1ndolos t\u00e9cnicamente para insertarse en el mercado laboral y apoyar la actividad tur\u00edstica del pa\u00eds.<\/p>\n\n\n\n<p>La actividad cont\u00f3 con la presencia de autoridades acad\u00e9micas, representantes del sector tur\u00edstico y gastron\u00f3mico del pa\u00eds,&nbsp;medios de comunicaci\u00f3n y&nbsp;otras&nbsp;personalidades invitadas.<\/p>\n\n\n\n<p><strong>Sobre Serran\u00eda<\/strong><\/p>\n\n\n\n<p>La Escuela T\u00e9cnica Hotelera Serran\u00eda es una entidad sin fines de lucro dedicada, desde el a\u00f1o 2008, a la formaci\u00f3n integral de j\u00f3venes y adultos en el \u00e1mbito de la gastronom\u00eda y la hoteler\u00eda, con el objetivo de contribuir al fortalecimiento del sector tur\u00edstico y al desarrollo socioecon\u00f3mico del pa\u00eds. La&nbsp;Escuela ofrece&nbsp;carreras t\u00e9cnicas, cursos cortos y talleres especializados en diferentes \u00e1reas relacionadas con la cocina, la pasteler\u00eda, el servicio al cliente, la administraci\u00f3n hotelera y el idioma ingl\u00e9s.<\/p>\n\n\n\n<p>Ubicada en Jarabacoa, Serran\u00eda fue creada y gestionada por la&nbsp;asociaci\u00f3n&nbsp;Iniciativas&nbsp;de Educaci\u00f3n Superior y Complementaria (INDESCO), impactando a m\u00e1s 3,869 beneficiarias directasdurante estos 15 a\u00f1os. En&nbsp;2023 la&nbsp;Escuela&nbsp;ha&nbsp;pasado&nbsp;a ser gestionada por la Asociaci\u00f3n Dominicana para Estudios de Gastronom\u00eda y Hoteler\u00eda (ADEGH), para facilitar el crecimiento y desarrollo del proyecto.&#8211;<\/p>\n\n\n\n<p><br><strong>Mar\u00eda Alejandra Alc\u00e1ntara&nbsp;<\/strong><br>Asistente Relaciones P\u00fablicas<\/p>\n\n\n\n<p>&nbsp;<a rel=\"noreferrer noopener\" href=\"mailto:info.pasante@cicom.do\" target=\"_blank\">info.pasante@cicom.do<\/a><br><\/p>\n\n\n\n<figure class=\"wp-block-image\"><img decoding=\"async\" src=\"https:\/\/ci3.googleusercontent.com\/mail-sig\/AIorK4wz6hBQ6v2WtdXLx8KwgwyOReM1kgW1cMlxmuicQ1hpQ0DlZjUnagPWS5-Gg_8xlaNQO8z3djc\" alt=\"\"\/><\/figure>\n","protected":false},"excerpt":{"rendered":"<p>Michael Alcal\u00e1, Bol\u00edvar Troncosa, Manuel Cede\u00f1o, Maribel Pichardo, Luis Ros y Sim\u00f3n Su\u00e1rez. SANTO DOMINGO, RD.-Serran\u00eda celebr\u00f3 el 15vo. aniversario de su fundaci\u00f3n&nbsp;con el&nbsp;lanzamiento de su libro \u201cRecetas de Serran\u00eda\u201d,&nbsp;que recoge&nbsp;15 recetas originales de la escuela y otras&nbsp;15 de diferentes chefs,&nbsp;nacionales e internacionales que colaboran con la instituci\u00f3n. La obra presentada tiene como objetivo difundir [&hellip;]<\/p>\n","protected":false},"author":28,"featured_media":463550,"comment_status":"closed","ping_status":"","sticky":true,"template":"","format":"standard","meta":{"footnotes":""},"categories":[21,36,20,27,32],"tags":[],"class_list":["post-463549","post","type-post","status-publish","format-standard","has-post-thumbnail","hentry","category-cultura","category-hombresmujeresycosas","category-dominicana-hoy","category-portada","category-turismo"],"_links":{"self":[{"href":"https:\/\/diariodominicano.com\/index.php?rest_route=\/wp\/v2\/posts\/463549","targetHints":{"allow":["GET"]}}],"collection":[{"href":"https:\/\/diariodominicano.com\/index.php?rest_route=\/wp\/v2\/posts"}],"about":[{"href":"https:\/\/diariodominicano.com\/index.php?rest_route=\/wp\/v2\/types\/post"}],"author":[{"embeddable":true,"href":"https:\/\/diariodominicano.com\/index.php?rest_route=\/wp\/v2\/users\/28"}],"replies":[{"embeddable":true,"href":"https:\/\/diariodominicano.com\/index.php?rest_route=%2Fwp%2Fv2%2Fcomments&post=463549"}],"version-history":[{"count":2,"href":"https:\/\/diariodominicano.com\/index.php?rest_route=\/wp\/v2\/posts\/463549\/revisions"}],"predecessor-version":[{"id":463610,"href":"https:\/\/diariodominicano.com\/index.php?rest_route=\/wp\/v2\/posts\/463549\/revisions\/463610"}],"wp:featuredmedia":[{"embeddable":true,"href":"https:\/\/diariodominicano.com\/index.php?rest_route=\/wp\/v2\/media\/463550"}],"wp:attachment":[{"href":"https:\/\/diariodominicano.com\/index.php?rest_route=%2Fwp%2Fv2%2Fmedia&parent=463549"}],"wp:term":[{"taxonomy":"category","embeddable":true,"href":"https:\/\/diariodominicano.com\/index.php?rest_route=%2Fwp%2Fv2%2Fcategories&post=463549"},{"taxonomy":"post_tag","embeddable":true,"href":"https:\/\/diariodominicano.com\/index.php?rest_route=%2Fwp%2Fv2%2Ftags&post=463549"}],"curies":[{"name":"wp","href":"https:\/\/api.w.org\/{rel}","templated":true}]}}