{"id":463477,"date":"2023-08-14T06:28:24","date_gmt":"2023-08-14T10:28:24","guid":{"rendered":"http:\/\/diariodominicano.com\/?p=463477"},"modified":"2023-08-14T06:28:24","modified_gmt":"2023-08-14T10:28:24","slug":"asociaciones-de-vudu-celebran-hoy-pacto-de-sangre-ceremonia-de-bois-caiman-genesis-revuelta-esclava-en-haiti","status":"publish","type":"post","link":"https:\/\/diariodominicano.com\/?p=463477","title":{"rendered":"Asociaciones de vud\u00fa celebran hoy pacto de sangre, ceremonia de Bois Caiman, g\u00e9nesis revuelta esclava en Hait\u00ed"},"content":{"rendered":"\n<p>diariodominicano.com<\/p>\n\n\n\n<p>Puerto Pr\u00edncipe, 14 ago (Prensa Latina) Hait\u00ed celebra hoy el aniversario 232 de la ceremonia de Bois Caiman, g\u00e9nesis de la revuelta de esclavos que condujo a la independencia del pa\u00eds caribe\u00f1o, la primera naci\u00f3n negra libre del mundo.<\/p>\n\n\n\n<p>El 14 de agosto de 1791 cimarrones se reunieron en Morne Rouge en una ceremonia pol\u00edtica y religiosa al mando de Boukman, un esclavo proveniente de Jamaica que trabajaba en la plantaci\u00f3n de Cl\u00e9ment, en Acul-du-Nord, al norte del pa\u00eds.<\/p>\n\n\n\n<p>Una semana despu\u00e9s del encuentro, durante la madrugada del 23 de agosto, Boukman asalt\u00f3 la plantaci\u00f3n de su esclavizador, se apropi\u00f3 de la propiedad y asesin\u00f3 a Cl\u00e9ment.<\/p>\n\n\n\n<p>En pocos d\u00edas la insurrecci\u00f3n se extendi\u00f3 por toda la llanura norte de Hait\u00ed, a la cual se sumaron diez mil esclavos armados, que fracasaron en oto\u00f1o frente a Cap-Fran\u00e7ais (actual Cabo Haitiano), la capital de la colonia.<\/p>\n\n\n\n<p>No obstante, en esos pocos meses, la sublevaci\u00f3n devast\u00f3 200 ingenios azucareros y mil 200 cafetales, adem\u00e1s de liberar a 15 mil esclavos y cobrar la vida de unos mil colonos.<\/p>\n\n\n\n<p>Boukman fue asesinado por las tropas francesas el 7 de noviembre de 1791 en su campamento de Acul-du-Nord, tras resistir unos diez d\u00edas. Para impresionar a la poblaci\u00f3n esclava, las autoridades coloniales quemaron su cuerpo y colocaron su cabeza en una pica en Cap-Fran\u00e7ais, pero no pudieron intimidar a los revolucionarios y la insurrecci\u00f3n continu\u00f3 bajo el mando Jean-Fran\u00e7ois, Biassou y Toussaint Louverture.<\/p>\n\n\n\n<p>Dos a\u00f1os despu\u00e9s, en agosto de 1793, se aboli\u00f3 la esclavitud en Saint-Domingue y el 1 de enero de 1804 se proclam\u00f3 la independencia de Hait\u00ed.<\/p>\n\n\n\n<p>Para este lunes las asociaciones vud\u00fa de Hait\u00ed organizaron una serie de actividades que recuerdan la fecha y el pacto de sangre de los esclavos conspiradores.<\/p>\n\n\n\n<p>jf\/ane<\/p>\n","protected":false},"excerpt":{"rendered":"<p>diariodominicano.com Puerto Pr\u00edncipe, 14 ago (Prensa Latina) Hait\u00ed celebra hoy el aniversario 232 de la ceremonia de Bois Caiman, g\u00e9nesis de la revuelta de esclavos que condujo a la independencia del pa\u00eds caribe\u00f1o, la primera naci\u00f3n negra libre del mundo. El 14 de agosto de 1791 cimarrones se reunieron en Morne Rouge en una ceremonia [&hellip;]<\/p>\n","protected":false},"author":5,"featured_media":463478,"comment_status":"closed","ping_status":"","sticky":true,"template":"","format":"standard","meta":{"footnotes":""},"categories":[21,112,23,27],"tags":[],"class_list":["post-463477","post","type-post","status-publish","format-standard","has-post-thumbnail","hentry","category-cultura","category-haiti","category-internacional","category-portada"],"_links":{"self":[{"href":"https:\/\/diariodominicano.com\/index.php?rest_route=\/wp\/v2\/posts\/463477","targetHints":{"allow":["GET"]}}],"collection":[{"href":"https:\/\/diariodominicano.com\/index.php?rest_route=\/wp\/v2\/posts"}],"about":[{"href":"https:\/\/diariodominicano.com\/index.php?rest_route=\/wp\/v2\/types\/post"}],"author":[{"embeddable":true,"href":"https:\/\/diariodominicano.com\/index.php?rest_route=\/wp\/v2\/users\/5"}],"replies":[{"embeddable":true,"href":"https:\/\/diariodominicano.com\/index.php?rest_route=%2Fwp%2Fv2%2Fcomments&post=463477"}],"version-history":[{"count":1,"href":"https:\/\/diariodominicano.com\/index.php?rest_route=\/wp\/v2\/posts\/463477\/revisions"}],"predecessor-version":[{"id":463479,"href":"https:\/\/diariodominicano.com\/index.php?rest_route=\/wp\/v2\/posts\/463477\/revisions\/463479"}],"wp:featuredmedia":[{"embeddable":true,"href":"https:\/\/diariodominicano.com\/index.php?rest_route=\/wp\/v2\/media\/463478"}],"wp:attachment":[{"href":"https:\/\/diariodominicano.com\/index.php?rest_route=%2Fwp%2Fv2%2Fmedia&parent=463477"}],"wp:term":[{"taxonomy":"category","embeddable":true,"href":"https:\/\/diariodominicano.com\/index.php?rest_route=%2Fwp%2Fv2%2Fcategories&post=463477"},{"taxonomy":"post_tag","embeddable":true,"href":"https:\/\/diariodominicano.com\/index.php?rest_route=%2Fwp%2Fv2%2Ftags&post=463477"}],"curies":[{"name":"wp","href":"https:\/\/api.w.org\/{rel}","templated":true}]}}