{"id":463425,"date":"2023-08-13T22:33:15","date_gmt":"2023-08-14T02:33:15","guid":{"rendered":"http:\/\/diariodominicano.com\/?p=463425"},"modified":"2023-08-13T22:34:11","modified_gmt":"2023-08-14T02:34:11","slug":"alcalde-eric-adams-se-une-a-la-celebracion-del-summer-street-en-harlem","status":"publish","type":"post","link":"https:\/\/diariodominicano.com\/?p=463425","title":{"rendered":"Alcalde Eric Adams se une a la Celebraci\u00f3n del Summer Street en Harlem"},"content":{"rendered":"\n<p><strong>Por Ram\u00f3n Mercedes<\/strong><\/p>\n\n\n\n<p><strong>NUEVA YORK.-<\/strong>&nbsp;El Alcalde Eric Adams se uni\u00f3 al programa Summer Street en el sector de Harlem, d\u00e1ndole vida a este segundo s\u00e1bado consecutivo del evento.<\/p>\n\n\n\n<p>Summer Street es una iniciativa anual organizada por el Departamento de Transporte (DOT) de esta ciudad, que dirige Ydanis Rodr\u00edguez, y tiene como objetivo fomentar el uso de medios de transporte sostenibles para preservar el medio ambiente y mejorar la salud de la poblaci\u00f3n.<\/p>\n\n\n\n<p>Este evento, que originalmente tuvo lugar en Manhattan, desde el puente de Brooklyn hasta la calle 76 con la avenida Park, ha ido creciendo gracias a los esfuerzos del Comisionado del DOT.<\/p>\n\n\n\n<p>Durante esta edici\u00f3n, el evento se ha extendido hasta el coraz\u00f3n de Harlem, marcando un hito al incluir por primera vez a esta emblem\u00e1tica comunidad en la celebraci\u00f3n. Adams, entusiasta por unirse a la comunidad, recorri\u00f3 las calles en bicicleta junto a su equipo, explorando las diferentes actividades recreativas y culturales que definieron esta jornada.<\/p>\n\n\n\n<p>\u00abLa inclusi\u00f3n de Harlem en el Summer Street es un paso significativo en nuestra b\u00fasqueda de una ciudad m\u00e1s sostenible y conectada\u00bb, declar\u00f3 Adams. \u201cLa diversidad cultural, interculturalidad de ideas y el esp\u00edritu festivo se cruzan, permitiendo una expansi\u00f3n excepcional\u201d.<\/p>\n\n\n\n<p>Por su parte, el comisionado Rodr\u00edguez y su equipo tuvieron la visi\u00f3n de llevar este evento a los cinco condados, lo que ha permitido que todas las \u00e1reas disfruten de lo que antes solamente estaba en una parte de Manhattan. Ahora todos los condados est\u00e1n disfrutando de lo que las Open Streets tienen para ofrecer.<\/p>\n\n\n\n<p>El Summer Street continuar\u00e1 el pr\u00f3ximo s\u00e1bado 19 en Manhattan, marcando la \u00faltima edici\u00f3n de este a\u00f1o en dicho condado. La gran culminaci\u00f3n del evento tendr\u00e1 lugar el s\u00e1bado 26 en los condados de Bronx y Brooklyn, generando altas expectativas&nbsp;entre la comunidad por las sorpresas que se esperan en esta ocasi\u00f3n.<\/p>\n","protected":false},"excerpt":{"rendered":"<p>Por Ram\u00f3n Mercedes NUEVA YORK.-&nbsp;El Alcalde Eric Adams se uni\u00f3 al programa Summer Street en el sector de Harlem, d\u00e1ndole vida a este segundo s\u00e1bado consecutivo del evento. Summer Street es una iniciativa anual organizada por el Departamento de Transporte (DOT) de esta ciudad, que dirige Ydanis Rodr\u00edguez, y tiene como objetivo fomentar el uso [&hellip;]<\/p>\n","protected":false},"author":28,"featured_media":463426,"comment_status":"closed","ping_status":"","sticky":true,"template":"","format":"standard","meta":{"footnotes":""},"categories":[36,18,27,32],"tags":[],"class_list":["post-463425","post","type-post","status-publish","format-standard","has-post-thumbnail","hentry","category-hombresmujeresycosas","category-economia","category-portada","category-turismo"],"_links":{"self":[{"href":"https:\/\/diariodominicano.com\/index.php?rest_route=\/wp\/v2\/posts\/463425","targetHints":{"allow":["GET"]}}],"collection":[{"href":"https:\/\/diariodominicano.com\/index.php?rest_route=\/wp\/v2\/posts"}],"about":[{"href":"https:\/\/diariodominicano.com\/index.php?rest_route=\/wp\/v2\/types\/post"}],"author":[{"embeddable":true,"href":"https:\/\/diariodominicano.com\/index.php?rest_route=\/wp\/v2\/users\/28"}],"replies":[{"embeddable":true,"href":"https:\/\/diariodominicano.com\/index.php?rest_route=%2Fwp%2Fv2%2Fcomments&post=463425"}],"version-history":[{"count":1,"href":"https:\/\/diariodominicano.com\/index.php?rest_route=\/wp\/v2\/posts\/463425\/revisions"}],"predecessor-version":[{"id":463427,"href":"https:\/\/diariodominicano.com\/index.php?rest_route=\/wp\/v2\/posts\/463425\/revisions\/463427"}],"wp:featuredmedia":[{"embeddable":true,"href":"https:\/\/diariodominicano.com\/index.php?rest_route=\/wp\/v2\/media\/463426"}],"wp:attachment":[{"href":"https:\/\/diariodominicano.com\/index.php?rest_route=%2Fwp%2Fv2%2Fmedia&parent=463425"}],"wp:term":[{"taxonomy":"category","embeddable":true,"href":"https:\/\/diariodominicano.com\/index.php?rest_route=%2Fwp%2Fv2%2Fcategories&post=463425"},{"taxonomy":"post_tag","embeddable":true,"href":"https:\/\/diariodominicano.com\/index.php?rest_route=%2Fwp%2Fv2%2Ftags&post=463425"}],"curies":[{"name":"wp","href":"https:\/\/api.w.org\/{rel}","templated":true}]}}