{"id":463419,"date":"2023-08-13T22:28:30","date_gmt":"2023-08-14T02:28:30","guid":{"rendered":"http:\/\/diariodominicano.com\/?p=463419"},"modified":"2023-08-13T22:35:25","modified_gmt":"2023-08-14T02:35:25","slug":"aib-y-causa-participan-activamente-en-las-actividades-del-desfile-dominicano-de-manhattan","status":"publish","type":"post","link":"https:\/\/diariodominicano.com\/?p=463419","title":{"rendered":"AIB y CAUSA participan activamente en las actividades del Desfile Dominicano de Manhattan"},"content":{"rendered":"\n<p><strong>Por Ram\u00f3n Mercedes<\/strong><\/p>\n\n\n\n<p><strong>NUEVA YORK.-<\/strong>&nbsp;Las instituciones \u201cFundaci\u00f3n Aeropuerto Internacional de B\u00e1varo\u201d (AIB)\u201d y el \u201cComit\u00e9 Altagracianos USA\u201d (CAUSA) participaron de las actividades que presentara el pasado fin de semana \u201cDominican Day Parade Inc.\u201d durante el encuentro en Gracie Mansi\u00f3n, la residencia oficial del alcalde Eric Adams, donde se iz\u00f3 la bandera, participando el congresista Adriano Espaillat, y el Comisionado del NYPD, Edward Cab\u00e1n, entre otros.<\/p>\n\n\n\n<p>Asimismo, en la cena gala encabezada por el presidente Luis Abinader, encuentros comunitarios y el Desfile de Manhattan, como forma de enriquecer la dominicanidad, el folclor, tradiciones y costumbres, junto a otras instituciones dominicanas.<\/p>\n\n\n\n<p>As\u00ed lo informaron V\u00edctor Dum\u00e9, de AIB; Michael Peralta y Elida Almonte de CAUSA. Informaron tambi\u00e9n de la instalaci\u00f3n de una tarima en la avenida Sexta durante el \u201cDesfile\u201d, con la calle 47, d\u00e1ndole participaci\u00f3n a diversas organizaciones comunitarias y transmitiendo el programa \u201cEsto no es radio\u201d y \u201cDe \u00faltimo&nbsp;<a href=\"http:\/\/minuto.net\/\" target=\"_blank\" rel=\"noreferrer noopener\">minuto.net<\/a>\u201d.<\/p>\n\n\n\n<p>\u201cPerseguimos tener una presencia con nuestros hermanos de la di\u00e1spora, estar involucrados en las actividades sociales que se realizan con los dominicanos en el exterior y sobre todo apoyar, no solo a los dominicanos, sino a los latinoamericanos en NY v\u00eda la dominicanidad\u201d, dijo Dum\u00e9.<\/p>\n","protected":false},"excerpt":{"rendered":"<p>Por Ram\u00f3n Mercedes NUEVA YORK.-&nbsp;Las instituciones \u201cFundaci\u00f3n Aeropuerto Internacional de B\u00e1varo\u201d (AIB)\u201d y el \u201cComit\u00e9 Altagracianos USA\u201d (CAUSA) participaron de las actividades que presentara el pasado fin de semana \u201cDominican Day Parade Inc.\u201d durante el encuentro en Gracie Mansi\u00f3n, la residencia oficial del alcalde Eric Adams, donde se iz\u00f3 la bandera, participando el congresista Adriano [&hellip;]<\/p>\n","protected":false},"author":28,"featured_media":463420,"comment_status":"closed","ping_status":"","sticky":true,"template":"","format":"standard","meta":{"footnotes":""},"categories":[36,20,27,32],"tags":[],"class_list":["post-463419","post","type-post","status-publish","format-standard","has-post-thumbnail","hentry","category-hombresmujeresycosas","category-dominicana-hoy","category-portada","category-turismo"],"_links":{"self":[{"href":"https:\/\/diariodominicano.com\/index.php?rest_route=\/wp\/v2\/posts\/463419","targetHints":{"allow":["GET"]}}],"collection":[{"href":"https:\/\/diariodominicano.com\/index.php?rest_route=\/wp\/v2\/posts"}],"about":[{"href":"https:\/\/diariodominicano.com\/index.php?rest_route=\/wp\/v2\/types\/post"}],"author":[{"embeddable":true,"href":"https:\/\/diariodominicano.com\/index.php?rest_route=\/wp\/v2\/users\/28"}],"replies":[{"embeddable":true,"href":"https:\/\/diariodominicano.com\/index.php?rest_route=%2Fwp%2Fv2%2Fcomments&post=463419"}],"version-history":[{"count":1,"href":"https:\/\/diariodominicano.com\/index.php?rest_route=\/wp\/v2\/posts\/463419\/revisions"}],"predecessor-version":[{"id":463421,"href":"https:\/\/diariodominicano.com\/index.php?rest_route=\/wp\/v2\/posts\/463419\/revisions\/463421"}],"wp:featuredmedia":[{"embeddable":true,"href":"https:\/\/diariodominicano.com\/index.php?rest_route=\/wp\/v2\/media\/463420"}],"wp:attachment":[{"href":"https:\/\/diariodominicano.com\/index.php?rest_route=%2Fwp%2Fv2%2Fmedia&parent=463419"}],"wp:term":[{"taxonomy":"category","embeddable":true,"href":"https:\/\/diariodominicano.com\/index.php?rest_route=%2Fwp%2Fv2%2Fcategories&post=463419"},{"taxonomy":"post_tag","embeddable":true,"href":"https:\/\/diariodominicano.com\/index.php?rest_route=%2Fwp%2Fv2%2Ftags&post=463419"}],"curies":[{"name":"wp","href":"https:\/\/api.w.org\/{rel}","templated":true}]}}