{"id":463382,"date":"2023-08-13T21:31:11","date_gmt":"2023-08-14T01:31:11","guid":{"rendered":"http:\/\/diariodominicano.com\/?p=463382"},"modified":"2023-08-13T21:32:06","modified_gmt":"2023-08-14T01:32:06","slug":"ustedes-y-nosotros-con-cobertura-completa-de-la-gran-parada-dominicana-de-nueva-york","status":"publish","type":"post","link":"https:\/\/diariodominicano.com\/?p=463382","title":{"rendered":"Ustedes y Nosotros con cobertura completa de La Gran Parada Dominicana de Nueva York"},"content":{"rendered":"\n<p><strong>Nueva York, EEUU.&nbsp;<\/strong>13 de agosto del 2023 (Escrito por<strong>&nbsp;Luis Henr\u00edquez)&nbsp;<\/strong>Una vez m\u00e1s el espacio televisivo Ustedes y Nosotros realiza una amplia cobertura de La Gran Parada Dominicana de Nueva York.&nbsp;<\/p>\n\n\n\n<p>El desfile de mayor importancia para la di\u00e1spora quisqueyana que reside en Norteam\u00e9rica y que como siempre pone de manifiesto un extenso despliegue de elementos aleg\u00f3ricos a la cultura de Rep\u00fablica Dominicana.&nbsp;<\/p>\n\n\n\n<p>Esta edici\u00f3n cont\u00f3 con la presencia del presidente Luis Abinader, quien se dio un ba\u00f1o de pueblo con la comunidad dominicana que se dio cita a este importante desfile.&nbsp;<\/p>\n\n\n\n<p>Esta cobertura cuenta con entrevistas a To\u00f1o Rosario, Los Toros Band, Natty Natasha, Jos\u00e8 El Gal\u00e1n, Frederick Martinez \u201cEl Pach\u00e1\u201d, Luz Garcia, Al\u00e1 Jaz\u00e1, Marcel \u201cPiel Morena\u201d, el presidente Luis Abinader, Frank Reyes y otras personalidades que participaron en La Gran Parada.&nbsp;<\/p>\n\n\n\n<p>La conducci\u00f3n de esta cobertura estuvo a cargo de Grisel Genao, Luis Henr\u00edquez, Balbuena (Soto Kilate) y Jos\u00e9 Fabian, la parte t\u00e9cnica recay\u00f3 sobre el talentoso Jordy Rosario Caimares.&nbsp;<\/p>\n\n\n\n<p>En esta oportunidad el equipo de Ustedes y Nosotros llev\u00f3 a cabo la transmisi\u00f3n de tres programas en vivo y tambi\u00e9n todos los pormenores de esta esperada parada.\u00a0<\/p>\n\n\n\n<p>Luis Henr\u00edquez Management<a target=\"_blank\" href=\"mailto:arteyfarandula@hotmail.com\" rel=\"noreferrer noopener\">arteyfarandula@hotmail.com<\/a><\/p>\n","protected":false},"excerpt":{"rendered":"<p>Nueva York, EEUU.&nbsp;13 de agosto del 2023 (Escrito por&nbsp;Luis Henr\u00edquez)&nbsp;Una vez m\u00e1s el espacio televisivo Ustedes y Nosotros realiza una amplia cobertura de La Gran Parada Dominicana de Nueva York.&nbsp; El desfile de mayor importancia para la di\u00e1spora quisqueyana que reside en Norteam\u00e9rica y que como siempre pone de manifiesto un extenso despliegue de elementos [&hellip;]<\/p>\n","protected":false},"author":28,"featured_media":463383,"comment_status":"closed","ping_status":"","sticky":true,"template":"","format":"standard","meta":{"footnotes":""},"categories":[36,26,25,27,32],"tags":[],"class_list":["post-463382","post","type-post","status-publish","format-standard","has-post-thumbnail","hentry","category-hombresmujeresycosas","category-efemerides","category-gente","category-portada","category-turismo"],"_links":{"self":[{"href":"https:\/\/diariodominicano.com\/index.php?rest_route=\/wp\/v2\/posts\/463382","targetHints":{"allow":["GET"]}}],"collection":[{"href":"https:\/\/diariodominicano.com\/index.php?rest_route=\/wp\/v2\/posts"}],"about":[{"href":"https:\/\/diariodominicano.com\/index.php?rest_route=\/wp\/v2\/types\/post"}],"author":[{"embeddable":true,"href":"https:\/\/diariodominicano.com\/index.php?rest_route=\/wp\/v2\/users\/28"}],"replies":[{"embeddable":true,"href":"https:\/\/diariodominicano.com\/index.php?rest_route=%2Fwp%2Fv2%2Fcomments&post=463382"}],"version-history":[{"count":2,"href":"https:\/\/diariodominicano.com\/index.php?rest_route=\/wp\/v2\/posts\/463382\/revisions"}],"predecessor-version":[{"id":463385,"href":"https:\/\/diariodominicano.com\/index.php?rest_route=\/wp\/v2\/posts\/463382\/revisions\/463385"}],"wp:featuredmedia":[{"embeddable":true,"href":"https:\/\/diariodominicano.com\/index.php?rest_route=\/wp\/v2\/media\/463383"}],"wp:attachment":[{"href":"https:\/\/diariodominicano.com\/index.php?rest_route=%2Fwp%2Fv2%2Fmedia&parent=463382"}],"wp:term":[{"taxonomy":"category","embeddable":true,"href":"https:\/\/diariodominicano.com\/index.php?rest_route=%2Fwp%2Fv2%2Fcategories&post=463382"},{"taxonomy":"post_tag","embeddable":true,"href":"https:\/\/diariodominicano.com\/index.php?rest_route=%2Fwp%2Fv2%2Ftags&post=463382"}],"curies":[{"name":"wp","href":"https:\/\/api.w.org\/{rel}","templated":true}]}}