{"id":463197,"date":"2023-08-13T08:50:44","date_gmt":"2023-08-13T12:50:44","guid":{"rendered":"http:\/\/diariodominicano.com\/?p=463197"},"modified":"2023-08-13T08:52:10","modified_gmt":"2023-08-13T12:52:10","slug":"golpistas-logran-renuncia-del-presidente-pimentel","status":"publish","type":"post","link":"https:\/\/diariodominicano.com\/?p=463197","title":{"rendered":"Golpistas logran renuncia del presidente Pedro Antonio Pimentel"},"content":{"rendered":"\n<p><strong>Por H\u00e9ctor Tineo Nolasco<\/strong><\/p>\n\n\n\n<p><strong>Diariodominicano.com<\/strong><\/p>\n\n\n\n<p>SANTIAGO DE LOS CABALLEROS, el 13 de agosto de 1865, el Presidente General Pedro Antonio Pimentel Chamorro comunic\u00f3 a la Sala Capitular de Santiago, su renuncia a la Presidencia de la Rep\u00fablica. Tom\u00f3 la decisi\u00f3n tras enterarse en Cotu\u00ed, de que en ciudad Santo Domingo, los generales Jos\u00e9 Mar\u00eda Cabral y Eusebio Manzueta, dirig\u00edan un plan golpista.<\/p>\n\n\n\n<p>&nbsp;&nbsp; El Jefe del Estado &nbsp;tambi\u00e9n&nbsp; ten\u00eda &nbsp;la informaci\u00f3n de que Jos\u00e9 Mar\u00eda Cabral,&nbsp; hab\u00eda sido &nbsp;proclamado en la Capital Jefe Supremo con el grado de \u00abProtector\u00bb, &nbsp;a fin de que estableciera un nuevo Gobierno y votara una nueva Constituci\u00f3n de la Rep\u00fablica.<\/p>\n\n\n\n<p>&nbsp;&nbsp; Pimentel hab\u00eda iniciado su Gobierno el d\u00eda 25 de marzo de 1865.<\/p>\n\n\n\n<p>&nbsp;&nbsp;&nbsp;&nbsp; Adem\u00e1s de representar a la regi\u00f3n Sur, Jos\u00e9 Mar\u00eda Cabral y Eusebio&nbsp; Manzueta, lograron dividir a los militares cibae\u00f1os y conquistar una parte.<\/p>\n\n\n\n<p>&nbsp;&nbsp; La realidad la comprob\u00f3 el Presidente&nbsp; Pimentel al&nbsp; viajar &nbsp;de Cotu\u00ed &nbsp;a Santiago. Descubri\u00f3 que varios de los jefes de la Restauraci\u00f3n&nbsp; apoyaban el movimiento golpista de Cabral y Manzueta.<\/p>\n\n\n\n<p>&nbsp;&nbsp;&nbsp;&nbsp; Al percatarse de la situaci\u00f3n, el Presidente &nbsp;Pimentel Chamorro&nbsp; renunci\u00f3 a la Presidencia de la Rep\u00fablica.<\/p>\n\n\n\n<p>&nbsp;&nbsp;&nbsp;&nbsp;&nbsp; Pimentel&nbsp; hab\u00eda sido escogido Presidente Provisional de la Rep\u00fablica, con el apoyo de los jefes militares restauradores, quienes derrocaron al Presidente Gaspar Polanco, al acusarlo de ser un tirano&nbsp; y responsable del asesinato del ex Presidente Pepillo Salcedo.<\/p>\n\n\n\n<p>&nbsp;&nbsp;&nbsp; Los militares tomaron la decisi\u00f3n en enero de 1865. De inmediato,&nbsp; nombraron una Junta Provisional Gubernativa, presidida por Benigno Filomeno Rojas&nbsp; y &nbsp;&nbsp;el general Gregorio Luper\u00f3n,&nbsp; vicepresidente.<\/p>\n\n\n\n<p>&nbsp;&nbsp;&nbsp; Entre las primeras medidas&nbsp; de la Junta Provisional Gubernativa, emiti\u00f3 un decreto en virtud del cual &nbsp;rebaj\u00f3 los impuestos de guerra que el Gobierno Restaurador cobraba a los productores de tabaco y declar\u00f3 en vigor la Constituci\u00f3n de Moca de 1858, hasta tanto se reuniera el 27 de Febrero de 1865&nbsp; una Convenci\u00f3n Nacional que redactar\u00eda&nbsp; un nuevo texto constitucional ajustado a las circunstancias, para luego escoger&nbsp; el Presidente Constitucional de la Rep\u00fablica.<\/p>\n\n\n\n<p>&nbsp;&nbsp;&nbsp; Como hab\u00edan previsto, la nueva Constituci\u00f3n&nbsp; fue proclamada&nbsp; y se procedi\u00f3 a elegir al general Pimentel&nbsp; Chamorro, nuevo Presidente de &nbsp;la Rep\u00fablica.<\/p>\n\n\n\n<p>&nbsp;&nbsp;&nbsp;&nbsp; Al asumir el Gobierno&nbsp; su primera medida fue designar una comisi\u00f3n para que investigara la muerte del ex Presidente Pepillo Salcedo.<\/p>\n\n\n\n<p>&nbsp;&nbsp;&nbsp;&nbsp;&nbsp; La nueva Constituci\u00f3n&nbsp; de 1865, &nbsp;fue una versi\u00f3n actualizada de la Carta Magna de Moca en 1858, lo que permiti\u00f3 terminar el trabajo con rapidez.&nbsp; Los constituyentes&nbsp; cre\u00edan en&nbsp; las ideas&nbsp; liberales de la Constituci\u00f3n de Moca.<\/p>\n\n\n\n<p>&nbsp;&nbsp;&nbsp; Al Presidente &nbsp;Pimentel Chamorro&nbsp; le toc\u00f3 defender la soberan\u00eda nacional durante las discusiones con Espa\u00f1a, para lograr que aceptara la Restauraci\u00f3n&nbsp; de la Independencia de la Rep\u00fablica y sacara del pa\u00eds a &nbsp;los militares del Gobierno &nbsp;espa\u00f1ol&nbsp; de la Anexi\u00f3n que permanec\u00edan en algunos&nbsp; puntos de Rep\u00fablica Dominicana.<\/p>\n\n\n\n<p>&nbsp;&nbsp; En efecto, &nbsp;el d\u00eda 3 de marzo de 1865 la Reina de Espa\u00f1a firm\u00f3 el decreto derogando la Anexi\u00f3n, pero su \u00faltimo jefe militar&nbsp; en el pa\u00eds, el general Jos\u00e9 de la G\u00e1ndara, trat\u00f3 de llevar al Gobierno dominicano a firmar un acuerdo que limitaba la soberan\u00eda dominicana, lo que fue rechazado por el Presidente Pimentel Chamorro.<\/p>\n\n\n\n<p>&nbsp;&nbsp; Los espa\u00f1oles no tuvieron otro camino que comenzar a salir de Rep\u00fablica Dominicana. El d\u00eda 10 de julio del a\u00f1o 1865, iniciaron el embarque de sus tropas, con&nbsp; lo que terminar\u00eda&nbsp; la Guerra de la Restauraci\u00f3n.<\/p>\n\n\n\n<p>&nbsp;&nbsp;&nbsp;&nbsp;&nbsp; Pimentel&nbsp; Chamorro, fue uno de los militares dominicanos que se distinguieron en la guerra &nbsp;(1863-1865) &nbsp;que culmin\u00f3 con la Restauraci\u00f3n de la Rep\u00fablica.&nbsp;<\/p>\n\n\n\n<p>&nbsp;&nbsp;&nbsp; Asimismo, fue de los militares de la insurrecci\u00f3n de&nbsp; Guayubin,&nbsp; y &nbsp;parte del grupo de &nbsp;dominicanos que proclamaron la Restauraci\u00f3n de la Rep\u00fablica, el 16 de agosto de 1863.<\/p>\n\n\n\n<p>&nbsp;&nbsp;&nbsp; Pimentel Chamorro particip\u00f3 en el sitio a la ciudad de Santiago.&nbsp; En reconocimiento a sus m\u00e9ritos&nbsp; militares fue nombrado durante la guerra, jefe de Operaciones del Ej\u00e9rcito Restaurador, en la L\u00ednea Noroeste.<\/p>\n","protected":false},"excerpt":{"rendered":"<p>Por H\u00e9ctor Tineo Nolasco Diariodominicano.com SANTIAGO DE LOS CABALLEROS, el 13 de agosto de 1865, el Presidente General Pedro Antonio Pimentel Chamorro comunic\u00f3 a la Sala Capitular de Santiago, su renuncia a la Presidencia de la Rep\u00fablica. Tom\u00f3 la decisi\u00f3n tras enterarse en Cotu\u00ed, de que en ciudad Santo Domingo, los generales Jos\u00e9 Mar\u00eda Cabral [&hellip;]<\/p>\n","protected":false},"author":28,"featured_media":279875,"comment_status":"closed","ping_status":"","sticky":false,"template":"","format":"standard","meta":{"footnotes":""},"categories":[21,26,32],"tags":[],"class_list":["post-463197","post","type-post","status-publish","format-standard","has-post-thumbnail","hentry","category-cultura","category-efemerides","category-turismo"],"_links":{"self":[{"href":"https:\/\/diariodominicano.com\/index.php?rest_route=\/wp\/v2\/posts\/463197","targetHints":{"allow":["GET"]}}],"collection":[{"href":"https:\/\/diariodominicano.com\/index.php?rest_route=\/wp\/v2\/posts"}],"about":[{"href":"https:\/\/diariodominicano.com\/index.php?rest_route=\/wp\/v2\/types\/post"}],"author":[{"embeddable":true,"href":"https:\/\/diariodominicano.com\/index.php?rest_route=\/wp\/v2\/users\/28"}],"replies":[{"embeddable":true,"href":"https:\/\/diariodominicano.com\/index.php?rest_route=%2Fwp%2Fv2%2Fcomments&post=463197"}],"version-history":[{"count":3,"href":"https:\/\/diariodominicano.com\/index.php?rest_route=\/wp\/v2\/posts\/463197\/revisions"}],"predecessor-version":[{"id":463200,"href":"https:\/\/diariodominicano.com\/index.php?rest_route=\/wp\/v2\/posts\/463197\/revisions\/463200"}],"wp:featuredmedia":[{"embeddable":true,"href":"https:\/\/diariodominicano.com\/index.php?rest_route=\/wp\/v2\/media\/279875"}],"wp:attachment":[{"href":"https:\/\/diariodominicano.com\/index.php?rest_route=%2Fwp%2Fv2%2Fmedia&parent=463197"}],"wp:term":[{"taxonomy":"category","embeddable":true,"href":"https:\/\/diariodominicano.com\/index.php?rest_route=%2Fwp%2Fv2%2Fcategories&post=463197"},{"taxonomy":"post_tag","embeddable":true,"href":"https:\/\/diariodominicano.com\/index.php?rest_route=%2Fwp%2Fv2%2Ftags&post=463197"}],"curies":[{"name":"wp","href":"https:\/\/api.w.org\/{rel}","templated":true}]}}