{"id":462976,"date":"2023-08-12T19:19:30","date_gmt":"2023-08-12T23:19:30","guid":{"rendered":"http:\/\/diariodominicano.com\/?p=462976"},"modified":"2023-08-12T19:22:10","modified_gmt":"2023-08-12T23:22:10","slug":"exitosa-jornada-de-reforestacion-en-jamao-al-norte-mas-de-800-plantas-de-cabirma-y-caoba-plantadas-en-la-comunidad-las-espinas","status":"publish","type":"post","link":"https:\/\/diariodominicano.com\/?p=462976","title":{"rendered":"Exitosa Jornada de Reforestaci\u00f3n en Jamao al Norte: M\u00e1s de 800 Plantas de Cabirma y Caoba Plantadas en la Comunidad Las Espinas"},"content":{"rendered":"\n<p>En la jornada de reforestaci\u00f3n. <\/p>\n\n\n\n<figure class=\"wp-block-image size-large\"><img loading=\"lazy\" decoding=\"async\" width=\"1024\" height=\"576\" src=\"https:\/\/diariodominicano.com\/wp-content\/uploads\/2023\/08\/image_6483441-3-1024x576.jpg\" alt=\"\" class=\"wp-image-462983\" srcset=\"https:\/\/diariodominicano.com\/wp-content\/uploads\/2023\/08\/image_6483441-3-1024x576.jpg 1024w, https:\/\/diariodominicano.com\/wp-content\/uploads\/2023\/08\/image_6483441-3-300x169.jpg 300w, https:\/\/diariodominicano.com\/wp-content\/uploads\/2023\/08\/image_6483441-3-768x432.jpg 768w, https:\/\/diariodominicano.com\/wp-content\/uploads\/2023\/08\/image_6483441-3-1536x864.jpg 1536w, https:\/\/diariodominicano.com\/wp-content\/uploads\/2023\/08\/image_6483441-3-816x459.jpg 816w, https:\/\/diariodominicano.com\/wp-content\/uploads\/2023\/08\/image_6483441-3.jpg 1600w\" sizes=\"auto, (max-width: 1024px) 100vw, 1024px\" \/><figcaption>La ni\u00f1a en la jornada de reforestaci\u00f3n.<\/figcaption><\/figure>\n\n\n\n<p><em><strong>Jamao al Norte, Provincia Espaillat \u2013<\/strong><\/em> En una demostraci\u00f3n concreta de compromiso medioambiental, el Plan Estrat\u00e9gico de la provincia Espaillat (PEDEPE) encabez\u00f3 una exitosa jornada de reforestaci\u00f3n en la comunidad Las Espinas, ubicada en el municipio de Jamao al Norte. En la actividad, que tuvo lugar hoy, se plantaron un total de 800 plantas de las valiosas variedades de Cabirma y Caoba.<\/p>\n\n\n\n<figure class=\"wp-block-image size-large\"><img loading=\"lazy\" decoding=\"async\" width=\"1024\" height=\"576\" src=\"https:\/\/diariodominicano.com\/wp-content\/uploads\/2023\/08\/image_6483441-1-1024x576.jpg\" alt=\"\" class=\"wp-image-462979\" srcset=\"https:\/\/diariodominicano.com\/wp-content\/uploads\/2023\/08\/image_6483441-1-1024x576.jpg 1024w, https:\/\/diariodominicano.com\/wp-content\/uploads\/2023\/08\/image_6483441-1-300x169.jpg 300w, https:\/\/diariodominicano.com\/wp-content\/uploads\/2023\/08\/image_6483441-1-768x432.jpg 768w, https:\/\/diariodominicano.com\/wp-content\/uploads\/2023\/08\/image_6483441-1-1536x864.jpg 1536w, https:\/\/diariodominicano.com\/wp-content\/uploads\/2023\/08\/image_6483441-1-816x459.jpg 816w, https:\/\/diariodominicano.com\/wp-content\/uploads\/2023\/08\/image_6483441-1.jpg 1600w\" sizes=\"auto, (max-width: 1024px) 100vw, 1024px\" \/><figcaption>En la jornada de reforestaci\u00f3n.<\/figcaption><\/figure>\n\n\n\n<p><\/p>\n\n\n\n<figure class=\"wp-block-image size-large\"><img loading=\"lazy\" decoding=\"async\" width=\"1024\" height=\"576\" src=\"https:\/\/diariodominicano.com\/wp-content\/uploads\/2023\/08\/image_6483441-2-1024x576.jpg\" alt=\"\" class=\"wp-image-462982\" srcset=\"https:\/\/diariodominicano.com\/wp-content\/uploads\/2023\/08\/image_6483441-2-1024x576.jpg 1024w, https:\/\/diariodominicano.com\/wp-content\/uploads\/2023\/08\/image_6483441-2-300x169.jpg 300w, https:\/\/diariodominicano.com\/wp-content\/uploads\/2023\/08\/image_6483441-2-768x432.jpg 768w, https:\/\/diariodominicano.com\/wp-content\/uploads\/2023\/08\/image_6483441-2-1536x864.jpg 1536w, https:\/\/diariodominicano.com\/wp-content\/uploads\/2023\/08\/image_6483441-2-816x459.jpg 816w, https:\/\/diariodominicano.com\/wp-content\/uploads\/2023\/08\/image_6483441-2.jpg 1600w\" sizes=\"auto, (max-width: 1024px) 100vw, 1024px\" \/><\/figure>\n\n\n\n<p>Con la participaci\u00f3n activa de alrededor de 30 personas, la comunidad se uni\u00f3 en un esfuerzo conjunto para fortalecer la vegetaci\u00f3n local y preservar el entorno natural que caracteriza a la zona. Entre los destacados asistentes se encontraba el Alcalde Benjam\u00edn, quien resalt\u00f3 la importancia de este tipo de iniciativas para el desarrollo sostenible del municipio.<\/p>\n\n\n\n<p>El evento tambi\u00e9n cont\u00f3 con la presencia de los directivos del Consejo de Desarrollo de Jamao al Norte (CODEJAN), quienes manifestaron su respaldo y entusiasmo por el trabajo conjunto con el PEDEPE en la ejecuci\u00f3n de proyectos de esta envergadura.<\/p>\n\n\n\n<p>El equipo de t\u00e9cnicos de la Oficina de Medio Ambiente aport\u00f3 su experiencia y conocimientos para asegurar que las plantas fueran ubicadas y cuidadas adecuadamente. Su presencia subraya la importancia de la planificaci\u00f3n y el seguimiento t\u00e9cnico en actividades de reforestaci\u00f3n.<\/p>\n\n\n\n<p>Asimismo, la comunidad de Las Espinas desempe\u00f1\u00f3 un papel vital en esta jornada, demostrando su compromiso con la preservaci\u00f3n del entorno y su disposici\u00f3n a participar activamente en proyectos que contribuyan al bienestar com\u00fan.<\/p>\n\n\n\n<p>El Plan Estrat\u00e9gico de la provincia Espaillat (PEDEPE) reafirma su compromiso con la conservaci\u00f3n del medio ambiente y el fomento de pr\u00e1cticas sostenibles. Esta exitosa jornada de reforestaci\u00f3n en Jamao al Norte es solo un ejemplo de los esfuerzos continuos para crear un entorno m\u00e1s verde y saludable para las generaciones futuras.<\/p>\n\n\n\n<p>Estephany Almonte<a target=\"_blank\" href=\"mailto:estephanyactiva@gmail.com\" rel=\"noreferrer noopener\">estephanyactiva@gmail.com<\/a><\/p>\n","protected":false},"excerpt":{"rendered":"<p>En la jornada de reforestaci\u00f3n. Jamao al Norte, Provincia Espaillat \u2013 En una demostraci\u00f3n concreta de compromiso medioambiental, el Plan Estrat\u00e9gico de la provincia Espaillat (PEDEPE) encabez\u00f3 una exitosa jornada de reforestaci\u00f3n en la comunidad Las Espinas, ubicada en el municipio de Jamao al Norte. En la actividad, que tuvo lugar hoy, se plantaron un [&hellip;]<\/p>\n","protected":false},"author":28,"featured_media":462977,"comment_status":"closed","ping_status":"","sticky":false,"template":"","format":"standard","meta":{"footnotes":""},"categories":[20,32],"tags":[],"class_list":["post-462976","post","type-post","status-publish","format-standard","has-post-thumbnail","hentry","category-dominicana-hoy","category-turismo"],"_links":{"self":[{"href":"https:\/\/diariodominicano.com\/index.php?rest_route=\/wp\/v2\/posts\/462976","targetHints":{"allow":["GET"]}}],"collection":[{"href":"https:\/\/diariodominicano.com\/index.php?rest_route=\/wp\/v2\/posts"}],"about":[{"href":"https:\/\/diariodominicano.com\/index.php?rest_route=\/wp\/v2\/types\/post"}],"author":[{"embeddable":true,"href":"https:\/\/diariodominicano.com\/index.php?rest_route=\/wp\/v2\/users\/28"}],"replies":[{"embeddable":true,"href":"https:\/\/diariodominicano.com\/index.php?rest_route=%2Fwp%2Fv2%2Fcomments&post=462976"}],"version-history":[{"count":5,"href":"https:\/\/diariodominicano.com\/index.php?rest_route=\/wp\/v2\/posts\/462976\/revisions"}],"predecessor-version":[{"id":462985,"href":"https:\/\/diariodominicano.com\/index.php?rest_route=\/wp\/v2\/posts\/462976\/revisions\/462985"}],"wp:featuredmedia":[{"embeddable":true,"href":"https:\/\/diariodominicano.com\/index.php?rest_route=\/wp\/v2\/media\/462977"}],"wp:attachment":[{"href":"https:\/\/diariodominicano.com\/index.php?rest_route=%2Fwp%2Fv2%2Fmedia&parent=462976"}],"wp:term":[{"taxonomy":"category","embeddable":true,"href":"https:\/\/diariodominicano.com\/index.php?rest_route=%2Fwp%2Fv2%2Fcategories&post=462976"},{"taxonomy":"post_tag","embeddable":true,"href":"https:\/\/diariodominicano.com\/index.php?rest_route=%2Fwp%2Fv2%2Ftags&post=462976"}],"curies":[{"name":"wp","href":"https:\/\/api.w.org\/{rel}","templated":true}]}}