{"id":462766,"date":"2023-08-11T22:40:09","date_gmt":"2023-08-12T02:40:09","guid":{"rendered":"http:\/\/diariodominicano.com\/?p=462766"},"modified":"2023-08-11T23:18:17","modified_gmt":"2023-08-12T03:18:17","slug":"federacion-dominicana-de-deportes-ecuestre-anuncia-planes","status":"publish","type":"post","link":"https:\/\/diariodominicano.com\/?p=462766","title":{"rendered":"Federaci\u00f3n Dominicana de Deportes Ecuestre anuncia planes"},"content":{"rendered":"\n<p> El ingeniero Jos\u00e9 Manuel Ramos, presidente de la Federaci\u00f3n Dominicana de Deportes Ecuestres, resalt\u00f3 los logros alcanzados y dio detalles de los nuevos planes.<\/p>\n\n\n\n<p>La Federaci\u00f3n Dominicana de Deportes Ecuestres (FDDE) anunci\u00f3 en rueda de prensa los planes y trabajos que est\u00e1 realizando con miras a los retos que enfrentar\u00e1 en de los pr\u00f3ximos a\u00f1os, los cuales abarcan el pr\u00f3ximo ciclo ol\u00edmpico 2024-2028.<\/p>\n\n\n\n<figure class=\"wp-block-image size-large\"><img loading=\"lazy\" decoding=\"async\" width=\"1024\" height=\"683\" src=\"https:\/\/diariodominicano.com\/wp-content\/uploads\/2023\/08\/Rueda-de-prensa-2-1024x683.jpg\" alt=\"\" class=\"wp-image-462768\" srcset=\"https:\/\/diariodominicano.com\/wp-content\/uploads\/2023\/08\/Rueda-de-prensa-2-1024x683.jpg 1024w, https:\/\/diariodominicano.com\/wp-content\/uploads\/2023\/08\/Rueda-de-prensa-2-300x200.jpg 300w, https:\/\/diariodominicano.com\/wp-content\/uploads\/2023\/08\/Rueda-de-prensa-2-768x512.jpg 768w, https:\/\/diariodominicano.com\/wp-content\/uploads\/2023\/08\/Rueda-de-prensa-2-1536x1024.jpg 1536w, https:\/\/diariodominicano.com\/wp-content\/uploads\/2023\/08\/Rueda-de-prensa-2-2048x1365.jpg 2048w, https:\/\/diariodominicano.com\/wp-content\/uploads\/2023\/08\/Rueda-de-prensa-2-816x544.jpg 816w\" sizes=\"auto, (max-width: 1024px) 100vw, 1024px\" \/><\/figure>\n\n\n\n<p>El ingeniero Jos\u00e9 Manuel Ramos, presidente de la Federaci\u00f3n Dominicana de Deportes Ecuestres, resalt\u00f3 los logros alcanzados por el comit\u00e9 ejecutivo y sus atletas, a lo largo del actual ciclo ol\u00edmpico.<\/p>\n\n\n\n<p>En el encuentro con la prensa que tuvo lugar en la tienda y bar de vinos Cava Alta, Ramos&nbsp; destac\u00f3 las actuaciones de los estelares jinetes dominicanos en los Juegos Bolivarianos, celebrados en Bogot\u00e1, Colombia, en el 2022.<\/p>\n\n\n\n<p>\u201cEn los recientes y los Centroamericanos y del Caribe San Salvador 2023, en la subsede Santo Domingo, nuestros jinetes obtuvieron dos medallas de oro en adiestramiento individual y una medalla de bronce en salto individual, adem\u00e1s de clasificar por primera vez como equipo para unos Juegos Panamericanos\u201d, expres\u00f3.<\/p>\n\n\n\n<p>El ingeniero Ramos anunci\u00f3 la creaci\u00f3n de la Asociaci\u00f3n Dominicana de Eventing (ADOE) la cual organiz\u00f3 de manera excelente la primera competencia a nivel centroamericano de la modalidad Prueba Completa.<\/p>\n\n\n\n<p>\u201cEn la actualidad nuestra federaci\u00f3n trabaja enla preparaci\u00f3n de nuestros atletas para su participaci\u00f3n en los Juegos Panamericanos de Santiago de Chile, programados para noviembre del presente a\u00f1o\u201d, indic\u00f3.<\/p>\n\n\n\n<p>Y agreg\u00f3: \u201cTodos nuestros esfuerzos est\u00e1n centrados en preparar a nuestros jinetes para repetir la haza\u00f1a hist\u00f3rica de estar representados nueva vez en los Juegos Ol\u00edmpicos, &nbsp;que en esta oportunidad se realizar\u00e1n en el 2024, en Par\u00eds\u201d.<\/p>\n\n\n\n<p>Record\u00f3 que en el 2020 Rep\u00fablica Dominicana particip\u00f3 en las modalidades de salto y adiestramiento en los Juegos Ol\u00edmpicos de Tokio.<\/p>\n\n\n\n<p>La mesa principal, en la rueda de prensa, estuvo encabezada, adem\u00e1s del ingeniero Ramos, por Ar\u00edstides Fern\u00e1ndez Zucco, miembro del comit\u00e9 ejecutivo de la Federaci\u00f3n y presidente de la Asociaci\u00f3n Nacional de Salto Ecuestre; el ingeniero F\u00e9lix Acosta y Rafael S\u00e1nchez, presidente de la ADOE; as\u00ed como tambi\u00e9n por Frank Losada, director ejecutivo, Nelson Vargas, quien preside a ADOENCA, y Cruz Apeztegui, presidente de la Asociaci\u00f3n de Adiestramiento.<\/p>\n\n\n\n<p>El presidente de la FDDE anunci\u00f3 adem\u00e1s la designaci\u00f3n de F\u00e9lix Acosta Espinosa como secretario general y la de Frank Losada como director ejecutivo.<\/p>\n\n\n\n<p>Habla Fern\u00e1ndez Zucco<\/p>\n\n\n\n<p>El presidente de la Asociaci\u00f3n de Salto anunci\u00f3 por su parte el inicio de la preparaci\u00f3n de los jinetes con miras a los pr\u00f3ximos compromisos internacionales.<\/p>\n\n\n\n<p>\u201cHemos tenido un gran desempe\u00f1o desde el 2014 hasta la fecha, lo cual se traduce en la conquista de medallas de oro, plata y bronce en diferentes eventos internacionales\u201d, dijo Fern\u00e1ndez Zucco.<\/p>\n\n\n\n<p>\u201cY no vamos a bajar la guardia. Nuestra federaci\u00f3n est\u00e1 en su mejor momento\u201d, indic\u00f3.<\/p>\n\n\n\n<p>&nbsp;Rafael S\u00e1nchez<\/p>\n\n\n\n<p>De su lado, el presidente de la Asociaci\u00f3n de Eventig, Rafael S\u00e1nchez, dijo que la directiva est\u00e1 preparada para enfrentar el reto que significa la nueva entidad, ya que al ser nueva todo est\u00e1 por hacerse\u201d.<\/p>\n\n\n\n<p>\u201cPero nos sentimos muy satisfechos porque siendo una asociaci\u00f3n nueva, logramos montar un evento que nos mereci\u00f3 elogios de todos durante los Juegos Centroamericanos y del Caribe de Sal Salvador 2023\u201d.<\/p>\n\n\n\n<p>Tambi\u00e9n &nbsp;habl\u00f3 de los planes a futuro en la nueva modalidad.<\/p>\n\n\n\n<p>Nelson Vargas, &nbsp;presidente de la Asociaci\u00f3n de Enduro, anunci\u00f3 el reinicio &nbsp;de las competencias<\/p>\n\n\n\n<p>Correspondientes al campeonato nacional.<\/p>\n\n\n\n<p>Los directivos de la Federaci\u00f3n destacaron la armon\u00eda de todos sus miembros.<\/p>\n\n\n\n<p>\u201cNuestra meta y prop\u00f3sito son los de seguir desarrollando el deporte y fortalecer institucionalmente el ecuestre\u201d, dijeron.<\/p>\n\n\n\n<p>Entre las metas, expresaron, se encuentra hacer del Centro Ecuestre Palmarejo un centro sustentable para su mantenimiento y lograr el apoyo para los campeonatos de la federaci\u00f3n.<\/p>\n\n\n\n<p>Rafael Martinez<a target=\"_blank\" href=\"mailto:rafael.ramaivan@gmail.com\" rel=\"noreferrer noopener\">rafael.ramaivan@gmail.com<\/a><\/p>\n","protected":false},"excerpt":{"rendered":"<p>El ingeniero Jos\u00e9 Manuel Ramos, presidente de la Federaci\u00f3n Dominicana de Deportes Ecuestres, resalt\u00f3 los logros alcanzados y dio detalles de los nuevos planes. La Federaci\u00f3n Dominicana de Deportes Ecuestres (FDDE) anunci\u00f3 en rueda de prensa los planes y trabajos que est\u00e1 realizando con miras a los retos que enfrentar\u00e1 en de los pr\u00f3ximos a\u00f1os, [&hellip;]<\/p>\n","protected":false},"author":28,"featured_media":462767,"comment_status":"closed","ping_status":"","sticky":true,"template":"","format":"standard","meta":{"footnotes":""},"categories":[17,27,32],"tags":[],"class_list":["post-462766","post","type-post","status-publish","format-standard","has-post-thumbnail","hentry","category-deportes","category-portada","category-turismo"],"_links":{"self":[{"href":"https:\/\/diariodominicano.com\/index.php?rest_route=\/wp\/v2\/posts\/462766","targetHints":{"allow":["GET"]}}],"collection":[{"href":"https:\/\/diariodominicano.com\/index.php?rest_route=\/wp\/v2\/posts"}],"about":[{"href":"https:\/\/diariodominicano.com\/index.php?rest_route=\/wp\/v2\/types\/post"}],"author":[{"embeddable":true,"href":"https:\/\/diariodominicano.com\/index.php?rest_route=\/wp\/v2\/users\/28"}],"replies":[{"embeddable":true,"href":"https:\/\/diariodominicano.com\/index.php?rest_route=%2Fwp%2Fv2%2Fcomments&post=462766"}],"version-history":[{"count":1,"href":"https:\/\/diariodominicano.com\/index.php?rest_route=\/wp\/v2\/posts\/462766\/revisions"}],"predecessor-version":[{"id":462769,"href":"https:\/\/diariodominicano.com\/index.php?rest_route=\/wp\/v2\/posts\/462766\/revisions\/462769"}],"wp:featuredmedia":[{"embeddable":true,"href":"https:\/\/diariodominicano.com\/index.php?rest_route=\/wp\/v2\/media\/462767"}],"wp:attachment":[{"href":"https:\/\/diariodominicano.com\/index.php?rest_route=%2Fwp%2Fv2%2Fmedia&parent=462766"}],"wp:term":[{"taxonomy":"category","embeddable":true,"href":"https:\/\/diariodominicano.com\/index.php?rest_route=%2Fwp%2Fv2%2Fcategories&post=462766"},{"taxonomy":"post_tag","embeddable":true,"href":"https:\/\/diariodominicano.com\/index.php?rest_route=%2Fwp%2Fv2%2Ftags&post=462766"}],"curies":[{"name":"wp","href":"https:\/\/api.w.org\/{rel}","templated":true}]}}