{"id":462754,"date":"2023-08-11T21:56:16","date_gmt":"2023-08-12T01:56:16","guid":{"rendered":"http:\/\/diariodominicano.com\/?p=462754"},"modified":"2023-08-11T21:56:16","modified_gmt":"2023-08-12T01:56:16","slug":"tribunal-de-transito-acoge-todas-las-pruebas-y-envia-a-juicio-a-imputado-de-matar-a-un-menor-de-edad-al-atropellarlo-con-su-automovil","status":"publish","type":"post","link":"https:\/\/diariodominicano.com\/?p=462754","title":{"rendered":"Tribunal de Tr\u00e1nsito acoge todas las pruebas y env\u00eda a juicio a imputado de matar a un menor de edad al atropellarlo con su autom\u00f3vil"},"content":{"rendered":"\n<p>SANTIAGO, Rep\u00fablica Dominicana.- La Fiscal\u00eda de Santiago demostr\u00f3 que hay sobrados fundamentos en la imputaci\u00f3n que present\u00f3 contra el conductor que mat\u00f3, al atropellar con su autom\u00f3vil, a un adolescente de 16 a\u00f1os, cuyo proceso fue enviado a juicio este viernes por el juez del Tribunal Especial de Tr\u00e1nsito de los Juzgados de Paz de este distrito judicial, magistrado Nelson de la Rosa.\u00a0<\/p>\n\n\n\n<p>La Fiscal\u00eda de Santiago present\u00f3 cargos contra el imputado Eduardo Enrique Guzm\u00e1n Valdez, quien provoc\u00f3 la muerte del adolescente Imanol Manuel Mercado Cruz, de 16 a\u00f1os de edad, a quien atropell\u00f3 con su veh\u00edculo, un Porche modelo Panamera, color negro, cuando la v\u00edctima intentaba cruzar un tramo de la autopista Duarte.&nbsp;<\/p>\n\n\n\n<p>En la audiencia preliminar de este viernes, el juzgador acogi\u00f3 como v\u00e1lidas y coherentes con los hechos relatados, las pruebas periciales, materiales, documentales y testimoniales que comprometen la responsabilidad penal del imputado y que fueron detalladas por el representante de la Fiscal\u00eda, el litigante Ram\u00f3n Ambiorix Valdez Hilario.&nbsp;<\/p>\n\n\n\n<p>Los hechos que se le atribuyen al imputado constituyen violaci\u00f3n a los art\u00edculos 216, 217, 220 y 222, numerales 1 y 3; 303, numeral 5, y 310, de la Ley 63-17 de Movilidad, Transporte Terrestre, Tr\u00e1nsito y Seguridad Vial.&nbsp;<\/p>\n\n\n\n<p>La investigaci\u00f3n de la Fiscal\u00eda ha determinado que el imputado, que conduc\u00eda a una alta velocidad, es reincidente en la violaci\u00f3n a la ley de tr\u00e1nsito, por cuanto tiene tres infracciones por cruzar la luz roja del sem\u00e1foro, y otras contravenciones por conducir sin placa, en v\u00eda contraria y rebasar el l\u00edmite de velocidad.&nbsp;<\/p>\n\n\n\n<p>Adem\u00e1s, se demostr\u00f3 que el imputado no cedi\u00f3 el paso a la v\u00edctima y tampoco lo auxili\u00f3, adem\u00e1s de que conduc\u00eda sin portar la p\u00f3liza del seguro de su veh\u00edculo, lo que determina una conducta irresponsable y constituye en s\u00ed mismo un delito, porque violenta una ley.&nbsp;<\/p>\n\n\n\n<p>\u00abTodo ello es evidencia de una reiterada conducta imprudente y temeraria del conductor al frente del volante\u00bb, establece la Fiscal\u00eda de Santiago.&nbsp;<\/p>\n\n\n\n<p>El juez del tribunal tambi\u00e9n rechaz\u00f3 la petici\u00f3n de la parte imputada para que fueran excluidos como testigos del proceso los padres de la v\u00edctima, los se\u00f1ores Miriam Cruz Garc\u00eda y Manuel Mercado.&nbsp;<\/p>\n\n\n\n<p>El accidente ocurri\u00f3 alrededor de las 9:30 de la ma\u00f1ana, del jueves 18 de agosto de 2022, cuando la v\u00edctima se dirig\u00eda a sus pr\u00e1cticas de b\u00e9isbol.&nbsp;<\/p>\n\n\n\n<p>El informe preliminar levantado por la autoridad del tr\u00e1nsito, refiere que el conductor se supl\u00eda de combustible en una estaci\u00f3n de expendio y luego sali\u00f3 en direcci\u00f3n este-oeste, a muy alta velocidad, impactando al adolescente que muri\u00f3 pocas horas despu\u00e9s en medio de una intervenci\u00f3n quir\u00fargica en un centro de salud.<\/p>\n\n\n\n<p>Direcci\u00f3n General de Comunicaci\u00f3n, Prensa, y RRPP<\/p>\n\n\n\n<p>Ministerio P\u00fablico.&nbsp;R.D.<\/p>\n\n\n\n<p>Viernes, 11 de agosto de 2023.<\/p>\n","protected":false},"excerpt":{"rendered":"<p>SANTIAGO, Rep\u00fablica Dominicana.- La Fiscal\u00eda de Santiago demostr\u00f3 que hay sobrados fundamentos en la imputaci\u00f3n que present\u00f3 contra el conductor que mat\u00f3, al atropellar con su autom\u00f3vil, a un adolescente de 16 a\u00f1os, cuyo proceso fue enviado a juicio este viernes por el juez del Tribunal Especial de Tr\u00e1nsito de los Juzgados de Paz de [&hellip;]<\/p>\n","protected":false},"author":28,"featured_media":427834,"comment_status":"closed","ping_status":"","sticky":true,"template":"","format":"standard","meta":{"footnotes":""},"categories":[24,29,27],"tags":[],"class_list":["post-462754","post","type-post","status-publish","format-standard","has-post-thumbnail","hentry","category-justicia-y-derecho","category-policiasucesos","category-portada"],"_links":{"self":[{"href":"https:\/\/diariodominicano.com\/index.php?rest_route=\/wp\/v2\/posts\/462754","targetHints":{"allow":["GET"]}}],"collection":[{"href":"https:\/\/diariodominicano.com\/index.php?rest_route=\/wp\/v2\/posts"}],"about":[{"href":"https:\/\/diariodominicano.com\/index.php?rest_route=\/wp\/v2\/types\/post"}],"author":[{"embeddable":true,"href":"https:\/\/diariodominicano.com\/index.php?rest_route=\/wp\/v2\/users\/28"}],"replies":[{"embeddable":true,"href":"https:\/\/diariodominicano.com\/index.php?rest_route=%2Fwp%2Fv2%2Fcomments&post=462754"}],"version-history":[{"count":1,"href":"https:\/\/diariodominicano.com\/index.php?rest_route=\/wp\/v2\/posts\/462754\/revisions"}],"predecessor-version":[{"id":462755,"href":"https:\/\/diariodominicano.com\/index.php?rest_route=\/wp\/v2\/posts\/462754\/revisions\/462755"}],"wp:featuredmedia":[{"embeddable":true,"href":"https:\/\/diariodominicano.com\/index.php?rest_route=\/wp\/v2\/media\/427834"}],"wp:attachment":[{"href":"https:\/\/diariodominicano.com\/index.php?rest_route=%2Fwp%2Fv2%2Fmedia&parent=462754"}],"wp:term":[{"taxonomy":"category","embeddable":true,"href":"https:\/\/diariodominicano.com\/index.php?rest_route=%2Fwp%2Fv2%2Fcategories&post=462754"},{"taxonomy":"post_tag","embeddable":true,"href":"https:\/\/diariodominicano.com\/index.php?rest_route=%2Fwp%2Fv2%2Ftags&post=462754"}],"curies":[{"name":"wp","href":"https:\/\/api.w.org\/{rel}","templated":true}]}}