{"id":462717,"date":"2023-08-11T21:20:59","date_gmt":"2023-08-12T01:20:59","guid":{"rendered":"http:\/\/diariodominicano.com\/?p=462717"},"modified":"2023-08-11T21:27:29","modified_gmt":"2023-08-12T01:27:29","slug":"club-bmx-cienfuegos-realizara-el-primer-clasico-ciclista-16-de-agosto","status":"publish","type":"post","link":"https:\/\/diariodominicano.com\/?p=462717","title":{"rendered":"Club BMX Cienfuegos realizar\u00e1 el Primer Cl\u00e1sico Ciclista 16 de Agosto"},"content":{"rendered":"\n<p> <strong>Yosi Rodr\u00edguez (derecha) y Jos\u00e9 Junior Gonz\u00e1lez (izquierda) son los dirigentes del Club BMX Cien Fuegos de Santiago, organizadores del Primer Cl\u00e1sico de Ciclismo Nacional 16 de Agosto (D\u00eda de la Restauraci\u00f3n) que se llevar\u00e1 a cabo el pr\u00f3ximo mi\u00e9rcoles en la Circunvalaci\u00f3n de Santiago, en los predios del sector Cien Fuegos, de Santiago. Figuran Jochy Gonz\u00e1lez y Anderson Aracena. (Foto: Fuente Externa<\/strong>)<\/p>\n\n\n\n<p>SANTO DOMINGO, RD.- El Club BMX Cienfuegos realizar\u00e1 el pr\u00f3ximo mi\u00e9rcoles (8:00 A.M.) el Primer Cl\u00e1sico Nacional de Ciclismo 16 de Agosto y de la Restauraci\u00f3n, certamen que se llevar\u00e1 a cabo en la avenida Circunvalaci\u00f3n Norte-Cienfuego, de Santiago.<\/p>\n\n\n\n<figure class=\"wp-block-image size-large\"><img loading=\"lazy\" decoding=\"async\" width=\"1024\" height=\"607\" src=\"https:\/\/diariodominicano.com\/wp-content\/uploads\/2023\/08\/Fenix-prejuveniles-Eury-riendose-1024x607.jpg\" alt=\"\" class=\"wp-image-462721\" srcset=\"https:\/\/diariodominicano.com\/wp-content\/uploads\/2023\/08\/Fenix-prejuveniles-Eury-riendose-1024x607.jpg 1024w, https:\/\/diariodominicano.com\/wp-content\/uploads\/2023\/08\/Fenix-prejuveniles-Eury-riendose-300x178.jpg 300w, https:\/\/diariodominicano.com\/wp-content\/uploads\/2023\/08\/Fenix-prejuveniles-Eury-riendose-768x455.jpg 768w, https:\/\/diariodominicano.com\/wp-content\/uploads\/2023\/08\/Fenix-prejuveniles-Eury-riendose-816x484.jpg 816w, https:\/\/diariodominicano.com\/wp-content\/uploads\/2023\/08\/Fenix-prejuveniles-Eury-riendose.jpg 1270w\" sizes=\"auto, (max-width: 1024px) 100vw, 1024px\" \/><figcaption><strong>La Circunvalaci\u00f3n de Santiago es escenario de m\u00faltiples competencias de ciclismo. El mi\u00e9rcoles se realizar\u00e1 el Primer Cl\u00e1sico Nacional 16 de Agosto (D\u00eda de la Restauraci\u00f3n) a partir de las 8:00 de la ma\u00f1ana. (Foto: Mart\u00edn Olivo)<\/strong><\/figcaption><\/figure>\n\n\n\n<figure class=\"wp-block-image size-large is-resized\"><img loading=\"lazy\" decoding=\"async\" src=\"https:\/\/diariodominicano.com\/wp-content\/uploads\/2023\/08\/Francisco-Munoz-Fenix-Lanco-Universal-1024x683.jpg\" alt=\"\" class=\"wp-image-462723\" width=\"615\" height=\"410\" srcset=\"https:\/\/diariodominicano.com\/wp-content\/uploads\/2023\/08\/Francisco-Munoz-Fenix-Lanco-Universal-1024x683.jpg 1024w, https:\/\/diariodominicano.com\/wp-content\/uploads\/2023\/08\/Francisco-Munoz-Fenix-Lanco-Universal-300x200.jpg 300w, https:\/\/diariodominicano.com\/wp-content\/uploads\/2023\/08\/Francisco-Munoz-Fenix-Lanco-Universal-768x512.jpg 768w, https:\/\/diariodominicano.com\/wp-content\/uploads\/2023\/08\/Francisco-Munoz-Fenix-Lanco-Universal-1536x1024.jpg 1536w, https:\/\/diariodominicano.com\/wp-content\/uploads\/2023\/08\/Francisco-Munoz-Fenix-Lanco-Universal-816x544.jpg 816w, https:\/\/diariodominicano.com\/wp-content\/uploads\/2023\/08\/Francisco-Munoz-Fenix-Lanco-Universal.jpg 1599w\" sizes=\"auto, (max-width: 615px) 100vw, 615px\" \/><figcaption>Francisco Mu\u00f1oz (F\u00e9nix)<\/figcaption><\/figure>\n\n\n\n<figure class=\"wp-block-image size-full\"><img loading=\"lazy\" decoding=\"async\" width=\"640\" height=\"520\" src=\"https:\/\/diariodominicano.com\/wp-content\/uploads\/2023\/08\/Miguel-Marmolejos-adelante.jpg\" alt=\"\" class=\"wp-image-462724\" srcset=\"https:\/\/diariodominicano.com\/wp-content\/uploads\/2023\/08\/Miguel-Marmolejos-adelante.jpg 640w, https:\/\/diariodominicano.com\/wp-content\/uploads\/2023\/08\/Miguel-Marmolejos-adelante-300x244.jpg 300w\" sizes=\"auto, (max-width: 640px) 100vw, 640px\" \/><figcaption>Miguel Marmolejos<\/figcaption><\/figure>\n\n\n\n<p>As\u00ed lo inform\u00f3 la dirigente y propulsora del ciclismo local Yosi Rodr\u00edguez, a trav\u00e9s del periodista Mart\u00edn Olivo, destacando que en el certamen actuar\u00e1n ciclistas en las categor\u00edas \u00c9lite, Juvenil, M\u00e1ster A, B, C, Pre M\u00e1ster, Sport y Recreativo.<\/p>\n\n\n\n<p>Rodr\u00edguez destac\u00f3 que en la justa se premiar\u00e1n a los primeros cinco lugares de cada categor\u00eda, con las camisetas distintivas de los campeones, trofeos, medallas y premios met\u00e1licos.<\/p>\n\n\n\n<p>En la categor\u00eda \u00c9lite participar\u00e1n pedalistas mayores de 18 a\u00f1os. En la juvenil, los menores de 18; en la M\u00e1ster A (30-39 a\u00f1os), M\u00e1ster B (40-49) y M\u00e1ster C (50 a\u00f1os en adelante).<\/p>\n\n\n\n<p>Los corredores de la Pre-M\u00e1ster son menores de 30 a\u00f1os, pero de nivel medio, es decir, que no compiten en la \u00c9lite; los M\u00e1ster Recreativos, son los mayores de 30 a\u00f1os que no han tenido experiencias, mientras que los Sports son los que nunca han corrido.<\/p>\n\n\n\n<p>La Primera Cl\u00e1sica 16 de Agosto-Restauraci\u00f3n Dominicana cuenta con el apoyo de varias casas comerciales y personalidades de Santiago, entre los que se cuentan Verrazano, Farmacia Estefania, Grupo Candelier, Acti\u00f3n Bike, Placas RD, Almacenes Chel\u00edn, Cicl\u00f3n Bike, Lovera, Asociaci\u00f3n de Ciclismo de Nueva York, Kadaja, Adri\u00e1n N\u00fa\u00f1ez, Erlin Garc\u00eda, Alberto Ramos, Daniel Abreu y Carlos G\u00f3mez,<br>Rodr\u00edguez inform\u00f3 que el certamen ser\u00e1 supervisado y dirigido por el veterano entrenador Enmanuel Pateplomo (Molivo Press).<\/p>\n\n\n\n<p>Ramonmart\u00edn Olivo<a target=\"_blank\" href=\"mailto:ramonmartinolivo@yahoo.es\" rel=\"noreferrer noopener\">ramonmartinolivo@yahoo.es<\/a><\/p>\n\n\n\n<p><br><\/p>\n","protected":false},"excerpt":{"rendered":"<p>Yosi Rodr\u00edguez (derecha) y Jos\u00e9 Junior Gonz\u00e1lez (izquierda) son los dirigentes del Club BMX Cien Fuegos de Santiago, organizadores del Primer Cl\u00e1sico de Ciclismo Nacional 16 de Agosto (D\u00eda de la Restauraci\u00f3n) que se llevar\u00e1 a cabo el pr\u00f3ximo mi\u00e9rcoles en la Circunvalaci\u00f3n de Santiago, en los predios del sector Cien Fuegos, de Santiago. Figuran [&hellip;]<\/p>\n","protected":false},"author":28,"featured_media":462718,"comment_status":"closed","ping_status":"","sticky":true,"template":"","format":"standard","meta":{"footnotes":""},"categories":[17,27,32],"tags":[],"class_list":["post-462717","post","type-post","status-publish","format-standard","has-post-thumbnail","hentry","category-deportes","category-portada","category-turismo"],"_links":{"self":[{"href":"https:\/\/diariodominicano.com\/index.php?rest_route=\/wp\/v2\/posts\/462717","targetHints":{"allow":["GET"]}}],"collection":[{"href":"https:\/\/diariodominicano.com\/index.php?rest_route=\/wp\/v2\/posts"}],"about":[{"href":"https:\/\/diariodominicano.com\/index.php?rest_route=\/wp\/v2\/types\/post"}],"author":[{"embeddable":true,"href":"https:\/\/diariodominicano.com\/index.php?rest_route=\/wp\/v2\/users\/28"}],"replies":[{"embeddable":true,"href":"https:\/\/diariodominicano.com\/index.php?rest_route=%2Fwp%2Fv2%2Fcomments&post=462717"}],"version-history":[{"count":5,"href":"https:\/\/diariodominicano.com\/index.php?rest_route=\/wp\/v2\/posts\/462717\/revisions"}],"predecessor-version":[{"id":462726,"href":"https:\/\/diariodominicano.com\/index.php?rest_route=\/wp\/v2\/posts\/462717\/revisions\/462726"}],"wp:featuredmedia":[{"embeddable":true,"href":"https:\/\/diariodominicano.com\/index.php?rest_route=\/wp\/v2\/media\/462718"}],"wp:attachment":[{"href":"https:\/\/diariodominicano.com\/index.php?rest_route=%2Fwp%2Fv2%2Fmedia&parent=462717"}],"wp:term":[{"taxonomy":"category","embeddable":true,"href":"https:\/\/diariodominicano.com\/index.php?rest_route=%2Fwp%2Fv2%2Fcategories&post=462717"},{"taxonomy":"post_tag","embeddable":true,"href":"https:\/\/diariodominicano.com\/index.php?rest_route=%2Fwp%2Fv2%2Ftags&post=462717"}],"curies":[{"name":"wp","href":"https:\/\/api.w.org\/{rel}","templated":true}]}}