{"id":462573,"date":"2023-08-11T09:27:40","date_gmt":"2023-08-11T13:27:40","guid":{"rendered":"http:\/\/diariodominicano.com\/?p=462573"},"modified":"2023-08-11T09:37:13","modified_gmt":"2023-08-11T13:37:13","slug":"apap-reconoce-la-trayectoria-y-legado-de-sus-colaboradores","status":"publish","type":"post","link":"https:\/\/diariodominicano.com\/?p=462573","title":{"rendered":"APAP reconoce la trayectoria y legado de sus colaboradores"},"content":{"rendered":"\n<p>Gustavo Ariza, Mildred Minaya, Lawence Hazoury y Jinny Alba<\/p>\n\n\n\n<figure class=\"wp-block-image size-full\"><img loading=\"lazy\" decoding=\"async\" width=\"973\" height=\"648\" src=\"https:\/\/diariodominicano.com\/wp-content\/uploads\/2023\/08\/Gustavo-Ariza-Laura-Santana-Anny-Alba-Juana-Mun\u0303oz-y-Horacio-Carrio\u0301n-1.png\" alt=\"\" class=\"wp-image-462586\" srcset=\"https:\/\/diariodominicano.com\/wp-content\/uploads\/2023\/08\/Gustavo-Ariza-Laura-Santana-Anny-Alba-Juana-Mun\u0303oz-y-Horacio-Carrio\u0301n-1.png 973w, https:\/\/diariodominicano.com\/wp-content\/uploads\/2023\/08\/Gustavo-Ariza-Laura-Santana-Anny-Alba-Juana-Mun\u0303oz-y-Horacio-Carrio\u0301n-1-300x200.png 300w, https:\/\/diariodominicano.com\/wp-content\/uploads\/2023\/08\/Gustavo-Ariza-Laura-Santana-Anny-Alba-Juana-Mun\u0303oz-y-Horacio-Carrio\u0301n-1-768x511.png 768w, https:\/\/diariodominicano.com\/wp-content\/uploads\/2023\/08\/Gustavo-Ariza-Laura-Santana-Anny-Alba-Juana-Mun\u0303oz-y-Horacio-Carrio\u0301n-1-816x543.png 816w\" sizes=\"auto, (max-width: 973px) 100vw, 973px\" \/><\/figure>\n\n\n\n<p>Gustavo Ariza, Laura Santana, Anny Alba, Juana Mun\u0303oz y Horacio Carrio\u0301n.<\/p>\n\n\n\n<p><strong><em>La entidad financiera se encuentra dentro de los primeros Mejores Lugares para Trabajar de Rep\u00fablica Dominicana, el Caribe y Am\u00e9rica Latina.\u00a0<\/em><\/strong><\/p>\n\n\n\n<figure class=\"wp-block-image size-full\"><img loading=\"lazy\" decoding=\"async\" width=\"619\" height=\"937\" src=\"https:\/\/diariodominicano.com\/wp-content\/uploads\/2023\/08\/Lissette-Veloz-y-Gustavo-Ariza.png\" alt=\"\" class=\"wp-image-462576\" srcset=\"https:\/\/diariodominicano.com\/wp-content\/uploads\/2023\/08\/Lissette-Veloz-y-Gustavo-Ariza.png 619w, https:\/\/diariodominicano.com\/wp-content\/uploads\/2023\/08\/Lissette-Veloz-y-Gustavo-Ariza-198x300.png 198w\" sizes=\"auto, (max-width: 619px) 100vw, 619px\" \/><figcaption>Lissette Veloz y Gustavo Ariza<\/figcaption><\/figure>\n\n\n\n<figure class=\"wp-block-image size-large\"><img loading=\"lazy\" decoding=\"async\" width=\"1024\" height=\"686\" src=\"https:\/\/diariodominicano.com\/wp-content\/uploads\/2023\/08\/Eliel-Jime\u0301nez-Carolina-Matos-Leandro-Sebele-y-Serguey-Forcade-1024x686.png\" alt=\"\" class=\"wp-image-462580\" srcset=\"https:\/\/diariodominicano.com\/wp-content\/uploads\/2023\/08\/Eliel-Jime\u0301nez-Carolina-Matos-Leandro-Sebele-y-Serguey-Forcade-1024x686.png 1024w, https:\/\/diariodominicano.com\/wp-content\/uploads\/2023\/08\/Eliel-Jime\u0301nez-Carolina-Matos-Leandro-Sebele-y-Serguey-Forcade-300x201.png 300w, https:\/\/diariodominicano.com\/wp-content\/uploads\/2023\/08\/Eliel-Jime\u0301nez-Carolina-Matos-Leandro-Sebele-y-Serguey-Forcade-768x515.png 768w, https:\/\/diariodominicano.com\/wp-content\/uploads\/2023\/08\/Eliel-Jime\u0301nez-Carolina-Matos-Leandro-Sebele-y-Serguey-Forcade-816x547.png 816w, https:\/\/diariodominicano.com\/wp-content\/uploads\/2023\/08\/Eliel-Jime\u0301nez-Carolina-Matos-Leandro-Sebele-y-Serguey-Forcade.png 1279w\" sizes=\"auto, (max-width: 1024px) 100vw, 1024px\" \/><figcaption>Eliel Jime\u0301nez, Carolina Matos, Leandro Sebele y Serguey Forcade<\/figcaption><\/figure>\n\n\n\n<figure class=\"wp-block-image size-full\"><img loading=\"lazy\" decoding=\"async\" width=\"620\" height=\"928\" src=\"https:\/\/diariodominicano.com\/wp-content\/uploads\/2023\/08\/Niurka-Valdez-y-Marie-Echavarri\u0301a.png\" alt=\"\" class=\"wp-image-462578\" srcset=\"https:\/\/diariodominicano.com\/wp-content\/uploads\/2023\/08\/Niurka-Valdez-y-Marie-Echavarri\u0301a.png 620w, https:\/\/diariodominicano.com\/wp-content\/uploads\/2023\/08\/Niurka-Valdez-y-Marie-Echavarri\u0301a-200x300.png 200w\" sizes=\"auto, (max-width: 620px) 100vw, 620px\" \/><figcaption>Niurka Valdez y Marie Echavarri\u0301a<\/figcaption><\/figure>\n\n\n\n<p><strong>Santo Domingo, R.D.<\/strong>&nbsp;\u2013 En el marco de la celebraci\u00f3n de su 61 aniversario, la Asociaci\u00f3n Popular de Ahorros y Pr\u00e9stamos (APAP), reconoci\u00f3 la trayectoria y legado de 59 colaboradores que cumplieron m\u00e1s de 10 a\u00f1os de servicios ininterrumpidos en la entidad financiera.&nbsp;<\/p>\n\n\n\n<p>Durante la ceremonia, Gustavo Ariza, presidente ejecutivo de APAP, resalt\u00f3 las caracter\u00edsticas de los colaboradores que han hecho que la instituci\u00f3n destaque m\u00e1s all\u00e1 de sus resultados financieros.&nbsp;&nbsp;<\/p>\n\n\n\n<figure class=\"wp-block-image size-full\"><img loading=\"lazy\" decoding=\"async\" width=\"974\" height=\"809\" src=\"https:\/\/diariodominicano.com\/wp-content\/uploads\/2023\/08\/Nurys-Marte-Adalgiza-de-Jesu\u0301s-Samuel-Guerra-y-Mildred-Minaya.png\" alt=\"\" class=\"wp-image-462582\" srcset=\"https:\/\/diariodominicano.com\/wp-content\/uploads\/2023\/08\/Nurys-Marte-Adalgiza-de-Jesu\u0301s-Samuel-Guerra-y-Mildred-Minaya.png 974w, https:\/\/diariodominicano.com\/wp-content\/uploads\/2023\/08\/Nurys-Marte-Adalgiza-de-Jesu\u0301s-Samuel-Guerra-y-Mildred-Minaya-300x249.png 300w, https:\/\/diariodominicano.com\/wp-content\/uploads\/2023\/08\/Nurys-Marte-Adalgiza-de-Jesu\u0301s-Samuel-Guerra-y-Mildred-Minaya-768x638.png 768w, https:\/\/diariodominicano.com\/wp-content\/uploads\/2023\/08\/Nurys-Marte-Adalgiza-de-Jesu\u0301s-Samuel-Guerra-y-Mildred-Minaya-816x678.png 816w\" sizes=\"auto, (max-width: 974px) 100vw, 974px\" \/><figcaption>Nurys Marte, Adalgiza de Jesu\u0301s, Samuel Guerra y Mildred Minaya<\/figcaption><\/figure>\n\n\n\n<p>\u201cLa lealtad y el invaluable aporte de nuestros talentos son elementos clave que hacen que hoy seamos considerados como una de las entidades m\u00e1s exitosas del sistema, no s\u00f3lo en t\u00e9rminos financieros, sino en t\u00e9rminos humanos\u201d, manifest\u00f3 Ariza.&nbsp;<\/p>\n\n\n\n<p>Asimismo, enfatiz\u00f3 que la calidad de los colaboradores ha permitido que APAP siga estando entre las primeras posiciones de los rankings de Mejores Lugares para Trabajar de Rep\u00fablica Dominicana, el Caribe y de Am\u00e9rica Latina seg\u00fan la firma Great Place to Work.&nbsp;&nbsp;<\/p>\n\n\n\n<p>Adem\u00e1s, destac\u00f3 que \u201cluego de un primer a\u00f1o de ejecuci\u00f3n extraordinaria de nuestro proceso de transformaci\u00f3n, comparto con orgullo la satisfacci\u00f3n que siento de ver a nuestra organizaci\u00f3n colocarse en posiciones cimeras de un liderazgo que trasciende nuestras fronteras\u201d.<\/p>\n\n\n\n<p>Ironerys Duarte<a target=\"_blank\" href=\"mailto:ironerys@mediaticos.com.do\" rel=\"noreferrer noopener\">ironerys@mediaticos.com.do<\/a><\/p>\n","protected":false},"excerpt":{"rendered":"<p>Gustavo Ariza, Mildred Minaya, Lawence Hazoury y Jinny Alba Gustavo Ariza, Laura Santana, Anny Alba, Juana Mun\u0303oz y Horacio Carrio\u0301n. La entidad financiera se encuentra dentro de los primeros Mejores Lugares para Trabajar de Rep\u00fablica Dominicana, el Caribe y Am\u00e9rica Latina.\u00a0 Santo Domingo, R.D.&nbsp;\u2013 En el marco de la celebraci\u00f3n de su 61 aniversario, la [&hellip;]<\/p>\n","protected":false},"author":28,"featured_media":462584,"comment_status":"closed","ping_status":"","sticky":true,"template":"","format":"standard","meta":{"footnotes":""},"categories":[36,18,27,32],"tags":[],"class_list":["post-462573","post","type-post","status-publish","format-standard","has-post-thumbnail","hentry","category-hombresmujeresycosas","category-economia","category-portada","category-turismo"],"_links":{"self":[{"href":"https:\/\/diariodominicano.com\/index.php?rest_route=\/wp\/v2\/posts\/462573","targetHints":{"allow":["GET"]}}],"collection":[{"href":"https:\/\/diariodominicano.com\/index.php?rest_route=\/wp\/v2\/posts"}],"about":[{"href":"https:\/\/diariodominicano.com\/index.php?rest_route=\/wp\/v2\/types\/post"}],"author":[{"embeddable":true,"href":"https:\/\/diariodominicano.com\/index.php?rest_route=\/wp\/v2\/users\/28"}],"replies":[{"embeddable":true,"href":"https:\/\/diariodominicano.com\/index.php?rest_route=%2Fwp%2Fv2%2Fcomments&post=462573"}],"version-history":[{"count":7,"href":"https:\/\/diariodominicano.com\/index.php?rest_route=\/wp\/v2\/posts\/462573\/revisions"}],"predecessor-version":[{"id":462588,"href":"https:\/\/diariodominicano.com\/index.php?rest_route=\/wp\/v2\/posts\/462573\/revisions\/462588"}],"wp:featuredmedia":[{"embeddable":true,"href":"https:\/\/diariodominicano.com\/index.php?rest_route=\/wp\/v2\/media\/462584"}],"wp:attachment":[{"href":"https:\/\/diariodominicano.com\/index.php?rest_route=%2Fwp%2Fv2%2Fmedia&parent=462573"}],"wp:term":[{"taxonomy":"category","embeddable":true,"href":"https:\/\/diariodominicano.com\/index.php?rest_route=%2Fwp%2Fv2%2Fcategories&post=462573"},{"taxonomy":"post_tag","embeddable":true,"href":"https:\/\/diariodominicano.com\/index.php?rest_route=%2Fwp%2Fv2%2Ftags&post=462573"}],"curies":[{"name":"wp","href":"https:\/\/api.w.org\/{rel}","templated":true}]}}