{"id":462537,"date":"2023-08-11T00:21:22","date_gmt":"2023-08-11T04:21:22","guid":{"rendered":"http:\/\/diariodominicano.com\/?p=462537"},"modified":"2023-08-11T09:41:35","modified_gmt":"2023-08-11T13:41:35","slug":"apoyan-accionar-policial-en-santiago-del-coronel-tanque-guerra","status":"publish","type":"post","link":"https:\/\/diariodominicano.com\/?p=462537","title":{"rendered":"Apoyan accionar policial en Santiago del coronel \u201cTanque Guerra\u201d"},"content":{"rendered":"\n<p><strong>Video:&nbsp;<\/strong><a href=\"https:\/\/www.youtube.com\/watch?v=IP5sapRWBX8\" rel=\"noreferrer noopener\" target=\"_blank\">https:\/\/www.youtube.com\/watch?v=IP5sapRWBX8<\/a><\/p>\n\n\n\n<p><strong>Por Ram\u00f3n Mercedes<\/strong><\/p>\n\n\n\n<p><strong>NUEVA YORK.-<\/strong>&nbsp;Dominicanos residentes en esta ciudad procedentes de la provincia de Santiago de los Caballeros, manifestaron apoyar el patrullaje y apresamiento que viene desarrollando el subdirector \u201cRegional Cibao Central de la PN en Santiago\u201d, coronel Jos\u00e9 Francisco de la Cruz (Tanque de Guerra) contra la delincuencia y puntos de drogas.<\/p>\n\n\n\n<p>As\u00ed lo manifiestan en documento de prensa, acompa\u00f1ado de videos, Manuel Tavares, Wilson Torres, Carlos Guzm\u00e1n, Josefina de B\u00e1ez, Isidro Marte, M\u00e9lido Hern\u00e1ndez, Mar\u00eda de Jes\u00fas, Nancy Rodr\u00edguez, Emilio Rojas, Alejandro Santos, Julio An\u00edbal Rosario, Rodolfo Liberato, y Luis Mena, entre otros.<\/p>\n\n\n\n<p>Especifican que en su provincia la delincuencia ha crecido enormemente y la actuaci\u00f3n del coronel en ese sentido hay que apoyarla y aplaudirla porque es por el bien del pueblo, hay que llevar paz y seguridad a nuestros familiares, amigos y relacionados, indican.<\/p>\n\n\n\n<p>Pero al mismo tiempo estaremos vigilante ante su actuaci\u00f3n por si comete atropellos e injustica contra el pueblo de Santiago, esperando que aplique el mismo padr\u00f3n que aplic\u00f3 en Cotu\u00ed y Moca, donde fue reconocido por los principales sectores y personalidades por combatir la delincuencia, siempre respetando la ciudadan\u00eda\u201d, subrayan.<\/p>\n\n\n\n<p>\u201cPara su patrullaje, \u201cTanque de Guerra\u201d sale como \u201cRambo\u201d con un equipo de agentes debido a que la delincuencia tiene capacidad de atacar y repeler cualquier operativo, ya que en varias ocasiones ha sido sorprendido con r\u00e1fagas de fusiles, pero repele de manera frontal a los antisociales en el terreno que sea, especifican los santiagueros en la Gran Manzana.<\/p>\n\n\n\n<p>Recordaron que en los \u00faltimos a\u00f1os \u201cTanque de Guerra\u201d estando de puesto en Cotu\u00ed por combatir la delincuencia y respetar la ciudadan\u00eda fue reconocido por conocidas empresas \u201cTelecotu\u00ed\u201d y la \u201cFundaci\u00f3n Huellas\u201d.&nbsp;<strong>Ver:<\/strong>&nbsp;<a href=\"https:\/\/www.youtube.com\/watch?v=WzN66573RuQ\" rel=\"noreferrer noopener\" target=\"_blank\">https:\/\/www.youtube.com\/watch?v=WzN66573RuQ<\/a><\/p>\n\n\n\n<p>Tambi\u00e9n en Moca por combatir la delincuencia se gan\u00f3 el reconocimiento y respaldo de la gobernadora, del senador, juntas de vecinos, empresarios, comerciantes, productores agropecuarios, y comunicadores, entre otros sectores.<\/p>\n\n\n\n<p>Recientemente el alto oficial fue recibido en Villa Gonz\u00e1lez-Santiago por una larga caravana de motorista, \u00e9l montado en la cola de unos de los motores, cuando sirvi\u00f3 de intermediario entre los agentes y j\u00f3venes que se propon\u00edan hacer una huelga por recibir maltrato de la PN all\u00ed.<\/p>\n","protected":false},"excerpt":{"rendered":"<p>Video:&nbsp;https:\/\/www.youtube.com\/watch?v=IP5sapRWBX8 Por Ram\u00f3n Mercedes NUEVA YORK.-&nbsp;Dominicanos residentes en esta ciudad procedentes de la provincia de Santiago de los Caballeros, manifestaron apoyar el patrullaje y apresamiento que viene desarrollando el subdirector \u201cRegional Cibao Central de la PN en Santiago\u201d, coronel Jos\u00e9 Francisco de la Cruz (Tanque de Guerra) contra la delincuencia y puntos de drogas. As\u00ed [&hellip;]<\/p>\n","protected":false},"author":28,"featured_media":462538,"comment_status":"closed","ping_status":"","sticky":true,"template":"","format":"standard","meta":{"footnotes":""},"categories":[20,29,27],"tags":[],"class_list":["post-462537","post","type-post","status-publish","format-standard","has-post-thumbnail","hentry","category-dominicana-hoy","category-policiasucesos","category-portada"],"_links":{"self":[{"href":"https:\/\/diariodominicano.com\/index.php?rest_route=\/wp\/v2\/posts\/462537","targetHints":{"allow":["GET"]}}],"collection":[{"href":"https:\/\/diariodominicano.com\/index.php?rest_route=\/wp\/v2\/posts"}],"about":[{"href":"https:\/\/diariodominicano.com\/index.php?rest_route=\/wp\/v2\/types\/post"}],"author":[{"embeddable":true,"href":"https:\/\/diariodominicano.com\/index.php?rest_route=\/wp\/v2\/users\/28"}],"replies":[{"embeddable":true,"href":"https:\/\/diariodominicano.com\/index.php?rest_route=%2Fwp%2Fv2%2Fcomments&post=462537"}],"version-history":[{"count":1,"href":"https:\/\/diariodominicano.com\/index.php?rest_route=\/wp\/v2\/posts\/462537\/revisions"}],"predecessor-version":[{"id":462539,"href":"https:\/\/diariodominicano.com\/index.php?rest_route=\/wp\/v2\/posts\/462537\/revisions\/462539"}],"wp:featuredmedia":[{"embeddable":true,"href":"https:\/\/diariodominicano.com\/index.php?rest_route=\/wp\/v2\/media\/462538"}],"wp:attachment":[{"href":"https:\/\/diariodominicano.com\/index.php?rest_route=%2Fwp%2Fv2%2Fmedia&parent=462537"}],"wp:term":[{"taxonomy":"category","embeddable":true,"href":"https:\/\/diariodominicano.com\/index.php?rest_route=%2Fwp%2Fv2%2Fcategories&post=462537"},{"taxonomy":"post_tag","embeddable":true,"href":"https:\/\/diariodominicano.com\/index.php?rest_route=%2Fwp%2Fv2%2Ftags&post=462537"}],"curies":[{"name":"wp","href":"https:\/\/api.w.org\/{rel}","templated":true}]}}