{"id":462490,"date":"2023-08-10T23:20:25","date_gmt":"2023-08-11T03:20:25","guid":{"rendered":"http:\/\/diariodominicano.com\/?p=462490"},"modified":"2023-08-11T09:51:46","modified_gmt":"2023-08-11T13:51:46","slug":"gobiernos-de-republica-dominicana-y-el-salvador-fortalecen-relaciones-de-transporte-aereo","status":"publish","type":"post","link":"https:\/\/diariodominicano.com\/?p=462490","title":{"rendered":"Gobiernos de Rep\u00fablica Dominicana y El Salvador fortalecen relaciones de transporte a\u00e9reo"},"content":{"rendered":"\n<p> Jos\u00e9 Ernesto Marte Piantini, presidente de la Junta de Aviaci\u00f3n Civil (JAC), y Homero Francisco Morales Herrera, director de la Autoridad de Aviaci\u00f3n Civil (AAC), tras la firma del acuerdo.<\/p>\n\n\n\n<p><br><strong>El presidente de la JAC comunic\u00f3 que el nuevo convenio incrementar\u00e1 la conectividad a\u00e9rea y el flujo de viajeros entre los dos pa\u00edses.<\/strong><\/p>\n\n\n\n<p><strong>El Salvador. 10 de agosto de 2023<\/strong>.- Como parte de las estrategias para dinamizar el flujo de pasajeros entre ambos pa\u00edses, las autoridades de aviaci\u00f3n civil de los Gobiernos de Rep\u00fablica Dominicana y El Salvador, Jos\u00e9 Ernesto Marte Piantini, presidente de la Junta de Aviaci\u00f3n Civil (JAC), y Homero Francisco Morales Herrera, director de la Autoridad de Aviaci\u00f3n Civil (AAC), firmaron un Memor\u00e1ndum de Entendimiento (MOU) que permitir\u00e1 aumentar el transporte de pasajeros y mercanc\u00edas.<\/p>\n\n\n\n<p>Con la firma del MOU y r\u00fabrica del Acuerdo bilateral, las autoridades aeron\u00e1uticas se conceden rec\u00edprocamente derechos de tr\u00e1fico a\u00e9reo que posibilita la m\u00faltiple designaci\u00f3n de aerol\u00edneas sin l\u00edmites de capacidad entre los territorios.<\/p>\n\n\n\n<p>Marte Piantini, comunic\u00f3 desde San Salvador, que estas negociaciones son producto del compromiso del Gobierno dominicano para fomentar la conectividad a\u00e9rea, \u201cincrementar el flujo de pasajeros y reforzar los lazos comerciales ha posicionado la Rep\u00fablica Dominicana como un referente en el tr\u00e1fico de pasajeros v\u00eda a\u00e9rea\u201d, afirm\u00f3.<\/p>\n\n\n\n<p>Al inicio de la firma, el presidente de la JAC puntualiz\u00f3 que este nuevo documento beneficiar\u00e1 la aviaci\u00f3n comercial de los territorios, principalmente a los usuarios que se transportan por las terminales aeroportuarias, \u201clas aerol\u00edneas dominicanas o salvadore\u00f1as podr\u00e1n establecer rutas directas en vuelo regular o ch\u00e1rter, permitiendo as\u00ed aumentar el flujo de pasajeros entre ambos pa\u00edses\u201d, dijo.<\/p>\n\n\n\n<p>Explic\u00f3 que el actual documento contempla cl\u00e1usulas sobre Acuerdos Comerciales que permite el desarrollo de C\u00f3digos Compartidos de conformidad con la pol\u00edtica aerocomercial de las dos naciones e incluye las disposiciones administrativas que recomienda la Organizaci\u00f3n de Aviaci\u00f3n Civil Internacional (OACI).<br>\u201cEl Gobierno que encabeza el presidente de la Rep\u00fablica, Luis Abinader, a trav\u00e9s de la Junta de Aviaci\u00f3n Civil, ha suscrito hasta la fecha 15 nuevos instrumentos bilaterales: seis Acuerdos de Servicios A\u00e9reos; seis Protocolos de Enmienda y con este, tres Memorando de Entendimiento\u201d, comunic\u00f3 a la prensa especializada.<\/p>\n\n\n\n<p>La aviaci\u00f3n civil est\u00e1 cambiando<br>Destac\u00f3 que el Gobierno del presidente Luis Abinader, retom\u00f3 las negociaciones en materia de aviaci\u00f3n comercial con la Rep\u00fablica de El Salvador, estancadas desde hace 25 a\u00f1os, al referirse al Memor\u00e1ndum de Entendimiento dominico-salvadore\u00f1o. Agreg\u00f3 que con la firma de este instrumento bilateral las aerol\u00edneas de ambos pa\u00edses podr\u00e1n operar comercialmente desde y hacia cualquiera de las dos naciones y m\u00e1s all\u00e1.<br>\u201cCon este nuevo convenio se busca promover y contribuir de forma estrat\u00e9gica y conjunta al crecimiento del sector para continuar posicionado la Rep\u00fablica Dominicana en un escenario m\u00e1s global\u201d, expres\u00f3 Marte Piantini.<\/p>\n\n\n\n<p>Indic\u00f3 adem\u00e1s que, de los siete pa\u00edses de Am\u00e9rica Central, El Salvador tiene la cuarta econom\u00eda m\u00e1s grande, haci\u00e9ndolo un atractivo mercado especialmente para vuelos de cargas.<\/p>\n\n\n\n<p>En cuanto a la firma del documento se otorgan derechos de tr\u00e1fico de hasta 5ta. Libertad del aire para vuelos de pasajeros y de mercanc\u00edas y derechos de tr\u00e1fico de hasta 7ma. Libertad del aire en vuelos exclusivamente de carga.<\/p>\n\n\n\n<p>La delegaci\u00f3n dominicana est\u00e1 integrada por el Dr. Jos\u00e9 Ernesto Marte Piantini, presidente del organismo, Julio C\u00e9sar George Encarnaci\u00f3n, embajador de la Rep\u00fablica Dominicana en El Salvador; Samadhi Julissa Fern\u00e1ndez, ministra consejera; la Dra. Paola Pl\u00e1 Puello, secretaria del pleno de la JAC y Carolina Hern\u00e1ndez, jefa de Pol\u00edtica Econ\u00f3mica Interna.<\/p>\n\n\n\n<p>Mientras que la delegaci\u00f3n de la Rep\u00fablica de El Salvador estuvo integrada por Lic. Homero Francisco Morales, director de la Autoridad de Aviaci\u00f3n Civil de El Salvador; Andrea L\u00f3pez Moreira, subdirectora de Navegaci\u00f3n A\u00e9rea; Manuel Miranda, jefe del Departamento de Transporte A\u00e9reo; Hazel Pinto, gerente Legal; Patricia Aguilera, directora de Asuntos Jur\u00eddicos y Diego Gochez, jefe de Negociaci\u00f3n de Tratados.<\/p>\n\n\n\n<p>Alexis Antonio Roa<a target=\"_blank\" href=\"mailto:alexisroa71@gmail.com\" rel=\"noreferrer noopener\">alexisroa71@gmail.com<\/a><\/p>\n","protected":false},"excerpt":{"rendered":"<p>Jos\u00e9 Ernesto Marte Piantini, presidente de la Junta de Aviaci\u00f3n Civil (JAC), y Homero Francisco Morales Herrera, director de la Autoridad de Aviaci\u00f3n Civil (AAC), tras la firma del acuerdo. El presidente de la JAC comunic\u00f3 que el nuevo convenio incrementar\u00e1 la conectividad a\u00e9rea y el flujo de viajeros entre los dos pa\u00edses. El Salvador. [&hellip;]<\/p>\n","protected":false},"author":28,"featured_media":462491,"comment_status":"closed","ping_status":"","sticky":true,"template":"","format":"standard","meta":{"footnotes":""},"categories":[20,18,27,32],"tags":[],"class_list":["post-462490","post","type-post","status-publish","format-standard","has-post-thumbnail","hentry","category-dominicana-hoy","category-economia","category-portada","category-turismo"],"_links":{"self":[{"href":"https:\/\/diariodominicano.com\/index.php?rest_route=\/wp\/v2\/posts\/462490","targetHints":{"allow":["GET"]}}],"collection":[{"href":"https:\/\/diariodominicano.com\/index.php?rest_route=\/wp\/v2\/posts"}],"about":[{"href":"https:\/\/diariodominicano.com\/index.php?rest_route=\/wp\/v2\/types\/post"}],"author":[{"embeddable":true,"href":"https:\/\/diariodominicano.com\/index.php?rest_route=\/wp\/v2\/users\/28"}],"replies":[{"embeddable":true,"href":"https:\/\/diariodominicano.com\/index.php?rest_route=%2Fwp%2Fv2%2Fcomments&post=462490"}],"version-history":[{"count":1,"href":"https:\/\/diariodominicano.com\/index.php?rest_route=\/wp\/v2\/posts\/462490\/revisions"}],"predecessor-version":[{"id":462492,"href":"https:\/\/diariodominicano.com\/index.php?rest_route=\/wp\/v2\/posts\/462490\/revisions\/462492"}],"wp:featuredmedia":[{"embeddable":true,"href":"https:\/\/diariodominicano.com\/index.php?rest_route=\/wp\/v2\/media\/462491"}],"wp:attachment":[{"href":"https:\/\/diariodominicano.com\/index.php?rest_route=%2Fwp%2Fv2%2Fmedia&parent=462490"}],"wp:term":[{"taxonomy":"category","embeddable":true,"href":"https:\/\/diariodominicano.com\/index.php?rest_route=%2Fwp%2Fv2%2Fcategories&post=462490"},{"taxonomy":"post_tag","embeddable":true,"href":"https:\/\/diariodominicano.com\/index.php?rest_route=%2Fwp%2Fv2%2Ftags&post=462490"}],"curies":[{"name":"wp","href":"https:\/\/api.w.org\/{rel}","templated":true}]}}