{"id":462376,"date":"2023-08-10T19:42:12","date_gmt":"2023-08-10T23:42:12","guid":{"rendered":"http:\/\/diariodominicano.com\/?p=462376"},"modified":"2023-08-10T21:25:41","modified_gmt":"2023-08-11T01:25:41","slug":"fundacion-propagas-entrega-nueva-sala-naturaleza-relacion-y-equilibrio-en-el-museo-infantil-trampolin","status":"publish","type":"post","link":"https:\/\/diariodominicano.com\/?p=462376","title":{"rendered":"Fundaci\u00f3n Propagas entrega nueva Sala Naturaleza, Relaci\u00f3n y Equilibrio en el Museo Infantil Trampol\u00edn"},"content":{"rendered":"\n<p>En el Corte de Cinta Alcaldesa Carolina Mejia, Dra. Rosa Bonetti y Sra. Lissa Mejia.<\/p>\n\n\n\n<figure class=\"wp-block-image size-large\"><img loading=\"lazy\" decoding=\"async\" width=\"1024\" height=\"576\" src=\"https:\/\/diariodominicano.com\/wp-content\/uploads\/2023\/08\/2-IMG_20230807_134548_448-Sala-de-Valle-Nuevo-1024x576.jpg\" alt=\"\" class=\"wp-image-462378\" srcset=\"https:\/\/diariodominicano.com\/wp-content\/uploads\/2023\/08\/2-IMG_20230807_134548_448-Sala-de-Valle-Nuevo-1024x576.jpg 1024w, https:\/\/diariodominicano.com\/wp-content\/uploads\/2023\/08\/2-IMG_20230807_134548_448-Sala-de-Valle-Nuevo-300x169.jpg 300w, https:\/\/diariodominicano.com\/wp-content\/uploads\/2023\/08\/2-IMG_20230807_134548_448-Sala-de-Valle-Nuevo-768x432.jpg 768w, https:\/\/diariodominicano.com\/wp-content\/uploads\/2023\/08\/2-IMG_20230807_134548_448-Sala-de-Valle-Nuevo-1536x864.jpg 1536w, https:\/\/diariodominicano.com\/wp-content\/uploads\/2023\/08\/2-IMG_20230807_134548_448-Sala-de-Valle-Nuevo-2048x1152.jpg 2048w, https:\/\/diariodominicano.com\/wp-content\/uploads\/2023\/08\/2-IMG_20230807_134548_448-Sala-de-Valle-Nuevo-816x459.jpg 816w\" sizes=\"auto, (max-width: 1024px) 100vw, 1024px\" \/><figcaption>Sala Naturaleza<\/figcaption><\/figure>\n\n\n\n<p><strong>SANTO DOMINGO, 7 de agosto de 2023<\/strong>.- La Fundaci\u00f3n Propagas entreg\u00f3 al Museo Infantil Trampol\u00edn la nueva Sala, Naturaleza, Relaci\u00f3n y Equilibrio, remozada completamente en torno a la tem\u00e1tica del agua; un espacio enfocado en la educaci\u00f3n ambiental para crear conciencia en nuestros ni\u00f1os y ni\u00f1as sobre la importancia de preservar nuestros recursos naturales.<\/p>\n\n\n\n<p>La nueva Sala Naturaleza, Relaci\u00f3n y Equilibrio nos muestra el recorrido del agua desde la cuenca alta en el Parque Nacional Valle Nuevo, enclavado en nuestra Cordillera Central, hasta su desembocadura en nuestras costas. A lo largo de este viaje maravilloso el visitante puede apreciar caracter\u00edsticas ambientales \u00fanicas, as\u00ed como una gran diversidad de ecosistemas que hacen singular a nuestra isla. Este recorrido interactivo y l\u00fadico nos permite reflexionar sobre el impacto que tienen las actividades del ser humano en la naturaleza, espec\u00edficamente en nuestros recursos h\u00eddricos que se contaminan en su trayecto hasta la costa.&nbsp; Al concluir, la experiencia nos aporta ideas pr\u00e1cticas para la toma de decisiones responsables.<\/p>\n\n\n\n<figure class=\"wp-block-image size-large\"><img loading=\"lazy\" decoding=\"async\" width=\"1024\" height=\"683\" src=\"https:\/\/diariodominicano.com\/wp-content\/uploads\/2023\/08\/3-IMG_0604-Foto-de-Grupo-Juan-Lebron-Lissa-Mejia-Rosa-M-Bonetti-Alcaldesa-Carolina-Mejia-Maria-Paula-Miquel-y-grupo-de-ninos-1024x683.jpg\" alt=\"\" class=\"wp-image-462380\" srcset=\"https:\/\/diariodominicano.com\/wp-content\/uploads\/2023\/08\/3-IMG_0604-Foto-de-Grupo-Juan-Lebron-Lissa-Mejia-Rosa-M-Bonetti-Alcaldesa-Carolina-Mejia-Maria-Paula-Miquel-y-grupo-de-ninos-1024x683.jpg 1024w, https:\/\/diariodominicano.com\/wp-content\/uploads\/2023\/08\/3-IMG_0604-Foto-de-Grupo-Juan-Lebron-Lissa-Mejia-Rosa-M-Bonetti-Alcaldesa-Carolina-Mejia-Maria-Paula-Miquel-y-grupo-de-ninos-300x200.jpg 300w, https:\/\/diariodominicano.com\/wp-content\/uploads\/2023\/08\/3-IMG_0604-Foto-de-Grupo-Juan-Lebron-Lissa-Mejia-Rosa-M-Bonetti-Alcaldesa-Carolina-Mejia-Maria-Paula-Miquel-y-grupo-de-ninos-768x512.jpg 768w, https:\/\/diariodominicano.com\/wp-content\/uploads\/2023\/08\/3-IMG_0604-Foto-de-Grupo-Juan-Lebron-Lissa-Mejia-Rosa-M-Bonetti-Alcaldesa-Carolina-Mejia-Maria-Paula-Miquel-y-grupo-de-ninos-1536x1024.jpg 1536w, https:\/\/diariodominicano.com\/wp-content\/uploads\/2023\/08\/3-IMG_0604-Foto-de-Grupo-Juan-Lebron-Lissa-Mejia-Rosa-M-Bonetti-Alcaldesa-Carolina-Mejia-Maria-Paula-Miquel-y-grupo-de-ninos-2048x1365.jpg 2048w, https:\/\/diariodominicano.com\/wp-content\/uploads\/2023\/08\/3-IMG_0604-Foto-de-Grupo-Juan-Lebron-Lissa-Mejia-Rosa-M-Bonetti-Alcaldesa-Carolina-Mejia-Maria-Paula-Miquel-y-grupo-de-ninos-816x544.jpg 816w\" sizes=\"auto, (max-width: 1024px) 100vw, 1024px\" \/><figcaption>Juan Lebr\u00f3n, Lissa Mej\u00eda, Rosa M Bonetti, Alcaldesa Carolina Mej\u00eda, Mar\u00eda Paula Miquel, y grupo de ni\u00f1os<\/figcaption><\/figure>\n\n\n\n<p>El \u00e1rea, dise\u00f1ada y pedag\u00f3gicamente conceptualizada fue construida por el Arq. Juan Lebr\u00f3n de Lebr\u00f3n Valdez &amp; Asociados, SRL. con el auspicio de la Fundaci\u00f3n Propagas e inspirada en los diversos esfuerzos que lleva a cabo la Fundaci\u00f3n a trav\u00e9s de un sinn\u00famero de iniciativas innovadoras que promueven el desarrollo sostenible.&nbsp; Fomenta el encuentro ciudadano a trav\u00e9s de la educaci\u00f3n l\u00fadica, y busca desarrollar en los visitantes una actitud consciente ante la naturaleza que nos rodea, y de la que somos parte;&nbsp; esta transformaci\u00f3n depende en gran parte de un proceso de aprendizaje durante la ni\u00f1ez y la juventud en la que se forme un modo de pensar y actuar que acompa\u00f1e a una persona el resto de su vida con el claro entendimiento de que hay una relaci\u00f3n directa entre el bienestar del medio ambiente y el bienestar humano.<\/p>\n\n\n\n<p>Entre las actividades interactivas que podr\u00e1n realizar los visitantes en la Sala Naturaleza, Relaci\u00f3n y Equilibrio se encuentran: una siembra simb\u00f3lica de especies de flora end\u00e9micas, el rescate de una tortuga atascada en la costa por residuos s\u00f3lidos, una simulaci\u00f3n de consumo responsable tomando en cuenta el calendario de vedas y la clasificaci\u00f3n correcta de residuos s\u00f3lidos encontrados en nuestras playas en sus recipientes rotulados para estos fines.<\/p>\n\n\n\n<p>La creaci\u00f3n del \u00e1rea est\u00e1 contenida en un convenio firmado entre El Museo Infantil Trampol\u00edn dirigido por la Lic. Nancy Handal, y la presidenta de Fundaci\u00f3n Propagas, Dra. Rosa Margarita Bonetti de Santana, el cual busca fortalecer los espacios educativos dirigidos espec\u00edficamente hacia la poblaci\u00f3n infantil.<\/p>\n\n\n\n<p>Al participar en la entrega de la Sala Naturaleza Relaci\u00f3n y Equilibrio, la presidenta de la Fundaci\u00f3n Propagas agradeci\u00f3 la oportunidad que le brinda el Museo y tambi\u00e9n la alcaldesa del Distrito Nacional, la Sra.&nbsp; Carolina Mej\u00eda, de crear lazos que fortalecen el trabajo que realiza la instituci\u00f3n que preside.<\/p>\n\n\n\n<p>Indic\u00f3 que la iniciativa es una muestra del compromiso asumido por la Fundaci\u00f3n Propagas de sensibilizar y educar a la poblaci\u00f3n, muy especialmente a los ni\u00f1os, ni\u00f1as y j\u00f3venes, sobre la importancia de preservar la naturaleza como parte fundamental de la identidad y preparar a las futuras generaciones, para que puedan afrontar los cambios que se producen en un mundo complejo y de r\u00e1pida evoluci\u00f3n.<\/p>\n\n\n\n<p>\u201cCon este nuevo espacio en el Museo, la Fundaci\u00f3n est\u00e1 apostando a sensibilizar a las generaciones m\u00e1s j\u00f3venes y a sus familias para que imaginen, dise\u00f1en y construyan un presente y un futuro respetuoso de todas las formas de vida, que nos permita lograr el desarrollo sostenible de nuestro pa\u00eds y construir la patria con la que todos so\u00f1amos\u201d, enfatiz\u00f3 la Dra. Bonetti de Santana.&nbsp;<\/p>\n\n\n\n<p>Sostuvo que ante la compleja crisis ambiental que vive el planeta la Fundaci\u00f3n Propagas se siente profundamente comprometida con el futuro del pa\u00eds, con la educaci\u00f3n ambiental y con la preservaci\u00f3n de los recursos naturales.&nbsp;<\/p>\n\n\n\n<p>La directora del Museo Infantil Trampol\u00edn, Lic. Nancy Handal, agradeci\u00f3 a la Fundaci\u00f3n Propagas por el apoyo brindado al Museo y por permitirle ofrecer a los ni\u00f1os y ni\u00f1as una experiencia l\u00fadica \u00fanica que transformar\u00e1 la relaci\u00f3n que tienen con la naturaleza a partir de su visita a esta Sala.<\/p>\n\n\n\n<p>Asistieron la alcaldesa del Distrito Nacional, Sra. Carolina Mej\u00eda, la Sra. Lissa Mej\u00eda, Sra. Margarita Gonz\u00e1lez Auffant y un grupo de ni\u00f1os, hijos de empleados del Museo, quienes realizaron la primera visita guiada.&nbsp; Para dar inicio al recorrido el joven autista \u00c1ngel Ram\u00edrez interpret\u00f3 la canci\u00f3n \u201cPor Amor\u201d, del cantautor Rafael Solano, como parte del compromiso que tiene el Museo en brindar una experiencia inclusiva.<\/p>\n\n\n\n<p>Daniela Sena<a target=\"_blank\" href=\"mailto:daniela@lendof.com.do\" rel=\"noreferrer noopener\">daniela@lendof.com.do<\/a><\/p>\n","protected":false},"excerpt":{"rendered":"<p>En el Corte de Cinta Alcaldesa Carolina Mejia, Dra. Rosa Bonetti y Sra. Lissa Mejia. SANTO DOMINGO, 7 de agosto de 2023.- La Fundaci\u00f3n Propagas entreg\u00f3 al Museo Infantil Trampol\u00edn la nueva Sala, Naturaleza, Relaci\u00f3n y Equilibrio, remozada completamente en torno a la tem\u00e1tica del agua; un espacio enfocado en la educaci\u00f3n ambiental para crear [&hellip;]<\/p>\n","protected":false},"author":28,"featured_media":462377,"comment_status":"closed","ping_status":"","sticky":true,"template":"","format":"standard","meta":{"footnotes":""},"categories":[36,20,27,32],"tags":[],"class_list":["post-462376","post","type-post","status-publish","format-standard","has-post-thumbnail","hentry","category-hombresmujeresycosas","category-dominicana-hoy","category-portada","category-turismo"],"_links":{"self":[{"href":"https:\/\/diariodominicano.com\/index.php?rest_route=\/wp\/v2\/posts\/462376","targetHints":{"allow":["GET"]}}],"collection":[{"href":"https:\/\/diariodominicano.com\/index.php?rest_route=\/wp\/v2\/posts"}],"about":[{"href":"https:\/\/diariodominicano.com\/index.php?rest_route=\/wp\/v2\/types\/post"}],"author":[{"embeddable":true,"href":"https:\/\/diariodominicano.com\/index.php?rest_route=\/wp\/v2\/users\/28"}],"replies":[{"embeddable":true,"href":"https:\/\/diariodominicano.com\/index.php?rest_route=%2Fwp%2Fv2%2Fcomments&post=462376"}],"version-history":[{"count":4,"href":"https:\/\/diariodominicano.com\/index.php?rest_route=\/wp\/v2\/posts\/462376\/revisions"}],"predecessor-version":[{"id":462419,"href":"https:\/\/diariodominicano.com\/index.php?rest_route=\/wp\/v2\/posts\/462376\/revisions\/462419"}],"wp:featuredmedia":[{"embeddable":true,"href":"https:\/\/diariodominicano.com\/index.php?rest_route=\/wp\/v2\/media\/462377"}],"wp:attachment":[{"href":"https:\/\/diariodominicano.com\/index.php?rest_route=%2Fwp%2Fv2%2Fmedia&parent=462376"}],"wp:term":[{"taxonomy":"category","embeddable":true,"href":"https:\/\/diariodominicano.com\/index.php?rest_route=%2Fwp%2Fv2%2Fcategories&post=462376"},{"taxonomy":"post_tag","embeddable":true,"href":"https:\/\/diariodominicano.com\/index.php?rest_route=%2Fwp%2Fv2%2Ftags&post=462376"}],"curies":[{"name":"wp","href":"https:\/\/api.w.org\/{rel}","templated":true}]}}