{"id":462358,"date":"2023-08-10T19:15:52","date_gmt":"2023-08-10T23:15:52","guid":{"rendered":"http:\/\/diariodominicano.com\/?p=462358"},"modified":"2023-08-10T21:26:43","modified_gmt":"2023-08-11T01:26:43","slug":"la-xiii-edicion-del-premio-al-merito-escolar-2023-llega-a-su-emocionante-conclusion-con-un-inolvidable-viaje-cultural-a-la-republica-dominicana","status":"publish","type":"post","link":"https:\/\/diariodominicano.com\/?p=462358","title":{"rendered":"La XIII Edici\u00f3n del Premio al M\u00e9rito Escolar 2023 llega a su emocionante conclusi\u00f3n con un inolvidable viaje cultural a la Rep\u00fablica Dominicana"},"content":{"rendered":"\n<p>El presidente Luis Abinader recibi\u00f3 en el Palacio Nacional a los estudiantes galardonados, al embajador Juan Bol\u00edvar D\u00edaz, la ministra consejera Ninotchka Torres y la primera secretaria Annerys Est\u00e9vez.<\/p>\n\n\n\n<figure class=\"wp-block-image size-full\"><img loading=\"lazy\" decoding=\"async\" width=\"1024\" height=\"682\" src=\"https:\/\/diariodominicano.com\/wp-content\/uploads\/2023\/08\/La-vicespresidenta-Raquel-Pena-recibio-en-el-Palacio-Nacional-a-los-estudiantes-galardonados-la-ministra-consejera-Ninotchka-Torres-y-la-primera-secretaria-Annerys-Estevez.jpg\" alt=\"\" class=\"wp-image-462359\" srcset=\"https:\/\/diariodominicano.com\/wp-content\/uploads\/2023\/08\/La-vicespresidenta-Raquel-Pena-recibio-en-el-Palacio-Nacional-a-los-estudiantes-galardonados-la-ministra-consejera-Ninotchka-Torres-y-la-primera-secretaria-Annerys-Estevez.jpg 1024w, https:\/\/diariodominicano.com\/wp-content\/uploads\/2023\/08\/La-vicespresidenta-Raquel-Pena-recibio-en-el-Palacio-Nacional-a-los-estudiantes-galardonados-la-ministra-consejera-Ninotchka-Torres-y-la-primera-secretaria-Annerys-Estevez-300x200.jpg 300w, https:\/\/diariodominicano.com\/wp-content\/uploads\/2023\/08\/La-vicespresidenta-Raquel-Pena-recibio-en-el-Palacio-Nacional-a-los-estudiantes-galardonados-la-ministra-consejera-Ninotchka-Torres-y-la-primera-secretaria-Annerys-Estevez-768x512.jpg 768w, https:\/\/diariodominicano.com\/wp-content\/uploads\/2023\/08\/La-vicespresidenta-Raquel-Pena-recibio-en-el-Palacio-Nacional-a-los-estudiantes-galardonados-la-ministra-consejera-Ninotchka-Torres-y-la-primera-secretaria-Annerys-Estevez-816x543.jpg 816w\" sizes=\"auto, (max-width: 1024px) 100vw, 1024px\" \/><figcaption>La vicespresidenta Raquel Pe\u00f1a recibi\u00f3 en el Palacio Nacional a los estudiantes galardonados, la ministra consejera Ninotchka Torres y la primera secretaria Annerys Est\u00e9vez.<\/figcaption><\/figure>\n\n\n\n<p>La XIII Edici\u00f3n del Premio al M\u00e9rito Escolar 2023 ha culminado con un excitante viaje cultural a la hermosa Rep\u00fablica Dominicana. Los galardonados de este prestigioso premio tuvieron la oportunidad \u00fanica de participar en una experiencia enriquecedora y educativa, donde pudieron explorar y conocer de cerca diversas instituciones p\u00fablicas y privadas del pa\u00eds.<\/p>\n\n\n\n<p>Durante este inolvidable viaje, los ni\u00f1os y j\u00f3venes premiados visitaron una variedad de instituciones que reflejan la diversidad y el compromiso de la Rep\u00fablica Dominicana con la educaci\u00f3n y la cultura. Desde entidades gubernamentales como ministerios y ayuntamientos hasta organizaciones privadas como museos y fundaciones, los galardonados tuvieron la oportunidad de interactuar con l\u00edderes y expertos en diferentes campos, ampliando as\u00ed su comprensi\u00f3n de la sociedad dominicana y su importancia en el panorama global.<\/p>\n\n\n\n<p>El Premio al M\u00e9rito Escolar 2023 busca reconocer y honrar el esfuerzo excepcional, la dedicaci\u00f3n y el logro acad\u00e9mico de j\u00f3venes destacados. Esta edici\u00f3n ha demostrado una vez m\u00e1s el talento y la excelencia de los galardonados, quienes han demostrado su compromiso con la educaci\u00f3n y su capacidad para sobresalir en diversas \u00e1reas del conocimiento.<\/p>\n\n\n\n<p>El viaje cultural a la Rep\u00fablica Dominicana fue una experiencia que dej\u00f3 una huella duradera en los galardonados. La oportunidad de explorar la rica historia, la cultura vibrante y las instituciones de este hermoso pa\u00eds enriqueci\u00f3 sus perspectivas y ampli\u00f3 sus horizontes.<\/p>\n\n\n\n<p>El comit\u00e9 organizador del Premio al M\u00e9rito Escolar 2023 expresa su profundo agradecimiento a todas las instituciones p\u00fablicas y privadas en la Rep\u00fablica Dominicana que brindaron su apoyo y participaron en este viaje cultural, contribuyendo as\u00ed al \u00e9xito y la relevancia de este evento anual.<\/p>\n\n\n\n<p>Samuel Esteban<a rel=\"noreferrer noopener\" target=\"_blank\" href=\"mailto:samuelesteban@embajadadominicana.es\">samuelesteban@embajadadominicana.es<\/a><\/p>\n\n\n\n<p>Samuel EstebanEncargado&nbsp;de&nbsp;Asuntos Culturales, Comunicaci\u00f3n &amp;&nbsp;Prensa&#8211;<\/p>\n\n\n\n<p><strong>Embajada de la Rep\u00fablica Dominicana<\/strong><\/p>\n\n\n\n<p><em>08 de agosto de 2023<\/em><\/p>\n\n\n\n<p><em>Madrid, Espa\u00f1a<\/em><em><\/em><\/p>\n","protected":false},"excerpt":{"rendered":"<p>El presidente Luis Abinader recibi\u00f3 en el Palacio Nacional a los estudiantes galardonados, al embajador Juan Bol\u00edvar D\u00edaz, la ministra consejera Ninotchka Torres y la primera secretaria Annerys Est\u00e9vez. La XIII Edici\u00f3n del Premio al M\u00e9rito Escolar 2023 ha culminado con un excitante viaje cultural a la hermosa Rep\u00fablica Dominicana. Los galardonados de este prestigioso [&hellip;]<\/p>\n","protected":false},"author":28,"featured_media":462362,"comment_status":"closed","ping_status":"","sticky":true,"template":"","format":"standard","meta":{"footnotes":""},"categories":[21,36,20,27,32],"tags":[],"class_list":["post-462358","post","type-post","status-publish","format-standard","has-post-thumbnail","hentry","category-cultura","category-hombresmujeresycosas","category-dominicana-hoy","category-portada","category-turismo"],"_links":{"self":[{"href":"https:\/\/diariodominicano.com\/index.php?rest_route=\/wp\/v2\/posts\/462358","targetHints":{"allow":["GET"]}}],"collection":[{"href":"https:\/\/diariodominicano.com\/index.php?rest_route=\/wp\/v2\/posts"}],"about":[{"href":"https:\/\/diariodominicano.com\/index.php?rest_route=\/wp\/v2\/types\/post"}],"author":[{"embeddable":true,"href":"https:\/\/diariodominicano.com\/index.php?rest_route=\/wp\/v2\/users\/28"}],"replies":[{"embeddable":true,"href":"https:\/\/diariodominicano.com\/index.php?rest_route=%2Fwp%2Fv2%2Fcomments&post=462358"}],"version-history":[{"count":3,"href":"https:\/\/diariodominicano.com\/index.php?rest_route=\/wp\/v2\/posts\/462358\/revisions"}],"predecessor-version":[{"id":462364,"href":"https:\/\/diariodominicano.com\/index.php?rest_route=\/wp\/v2\/posts\/462358\/revisions\/462364"}],"wp:featuredmedia":[{"embeddable":true,"href":"https:\/\/diariodominicano.com\/index.php?rest_route=\/wp\/v2\/media\/462362"}],"wp:attachment":[{"href":"https:\/\/diariodominicano.com\/index.php?rest_route=%2Fwp%2Fv2%2Fmedia&parent=462358"}],"wp:term":[{"taxonomy":"category","embeddable":true,"href":"https:\/\/diariodominicano.com\/index.php?rest_route=%2Fwp%2Fv2%2Fcategories&post=462358"},{"taxonomy":"post_tag","embeddable":true,"href":"https:\/\/diariodominicano.com\/index.php?rest_route=%2Fwp%2Fv2%2Ftags&post=462358"}],"curies":[{"name":"wp","href":"https:\/\/api.w.org\/{rel}","templated":true}]}}