{"id":462292,"date":"2023-08-10T09:36:40","date_gmt":"2023-08-10T13:36:40","guid":{"rendered":"http:\/\/diariodominicano.com\/?p=462292"},"modified":"2023-08-10T10:06:21","modified_gmt":"2023-08-10T14:06:21","slug":"rhadames-pena-jugara-el-us-mid-amateur-championship-en-nueva-york","status":"publish","type":"post","link":"https:\/\/diariodominicano.com\/?p=462292","title":{"rendered":"Rhadam\u00e9s Pe\u00f1a jugar\u00e1 el US Mid Amateur Championship en Nueva York"},"content":{"rendered":"\n<p> Rhad\u00e1mes Pe\u00f1a <\/p>\n\n\n\n<p>SANTO DOMINGO, RD.- El dominicano Rhad\u00e1mes Pe\u00f1a estar\u00e1 representando los colores patrios en el US Mid-Amateur Championship, torneo de golf que se celebrar\u00e1 del 9 al 14 de septiembre en el Sleepy Hollow Country Club y en el Fenway Golf Club de Nueva York.<\/p>\n\n\n\n<p>Ser\u00e1 la segunda vez en su carrera que jugar\u00e1 en este evento. Pe\u00f1a se gan\u00f3 la clasificaci\u00f3n al estar en el Top-40 del Ranking Mundial de Golf Amateur.&nbsp;Rhadam\u00e9s tambi\u00e9n jug\u00f3 el torneo en el 2021.<\/p>\n\n\n\n<p>El torneo contar\u00e1 con m\u00e1s de 260 jugadores y se jugar\u00e1 a dos rondas en formato \u201cStroke Play\u201d, donde los mejores 64 avanzan a jugar un match play, donde eventualmente se sacar\u00e1 el campe\u00f3n.&nbsp; El ganador del torneo recibir\u00e1 una medalla de oro e invitaciones para jugar el US Open y el Masters en sus ediciones del 2024, entre otros eventos.<\/p>\n\n\n\n<p>Sleepy Hollow, campo dise\u00f1ado en 1913, estar\u00e1 jugando par 71 con 6,840 yardas, mientras que el Fenway Golf Club jugar como un par 70 a 6,657 yardas<\/p>\n\n\n\n<p>Pe\u00f1a recientemente qued\u00f3 en cuarto lugar en los Juegos Centroamericanos y del Caribe en El Salvador y fue el mejor de los masculinos a nivel individual en los Campeonatos Amateurs de Golf del Caribe en el Magdalena Golf Resort Plantations en Lowlands, Tobago.<\/p>\n\n\n\n<p>Pega ha ganado en varias ocasiones los Campeonatos Nacionales de la Federaci\u00f3n Dominicana de Golf (Fedogolf). Es parte de la selecci\u00f3n nacional de golf del pa\u00eds.<\/p>\n\n\n\n<p>William Ernesto Aish L\u00f3pez<a target=\"_blank\" href=\"mailto:williamaishgolf@gmail.com\" rel=\"noreferrer noopener\">williamaishgolf@gmail.com<\/a><\/p>\n","protected":false},"excerpt":{"rendered":"<p>Rhad\u00e1mes Pe\u00f1a SANTO DOMINGO, RD.- El dominicano Rhad\u00e1mes Pe\u00f1a estar\u00e1 representando los colores patrios en el US Mid-Amateur Championship, torneo de golf que se celebrar\u00e1 del 9 al 14 de septiembre en el Sleepy Hollow Country Club y en el Fenway Golf Club de Nueva York. Ser\u00e1 la segunda vez en su carrera que jugar\u00e1 [&hellip;]<\/p>\n","protected":false},"author":28,"featured_media":462293,"comment_status":"closed","ping_status":"","sticky":true,"template":"","format":"standard","meta":{"footnotes":""},"categories":[17,27,32],"tags":[],"class_list":["post-462292","post","type-post","status-publish","format-standard","has-post-thumbnail","hentry","category-deportes","category-portada","category-turismo"],"_links":{"self":[{"href":"https:\/\/diariodominicano.com\/index.php?rest_route=\/wp\/v2\/posts\/462292","targetHints":{"allow":["GET"]}}],"collection":[{"href":"https:\/\/diariodominicano.com\/index.php?rest_route=\/wp\/v2\/posts"}],"about":[{"href":"https:\/\/diariodominicano.com\/index.php?rest_route=\/wp\/v2\/types\/post"}],"author":[{"embeddable":true,"href":"https:\/\/diariodominicano.com\/index.php?rest_route=\/wp\/v2\/users\/28"}],"replies":[{"embeddable":true,"href":"https:\/\/diariodominicano.com\/index.php?rest_route=%2Fwp%2Fv2%2Fcomments&post=462292"}],"version-history":[{"count":1,"href":"https:\/\/diariodominicano.com\/index.php?rest_route=\/wp\/v2\/posts\/462292\/revisions"}],"predecessor-version":[{"id":462294,"href":"https:\/\/diariodominicano.com\/index.php?rest_route=\/wp\/v2\/posts\/462292\/revisions\/462294"}],"wp:featuredmedia":[{"embeddable":true,"href":"https:\/\/diariodominicano.com\/index.php?rest_route=\/wp\/v2\/media\/462293"}],"wp:attachment":[{"href":"https:\/\/diariodominicano.com\/index.php?rest_route=%2Fwp%2Fv2%2Fmedia&parent=462292"}],"wp:term":[{"taxonomy":"category","embeddable":true,"href":"https:\/\/diariodominicano.com\/index.php?rest_route=%2Fwp%2Fv2%2Fcategories&post=462292"},{"taxonomy":"post_tag","embeddable":true,"href":"https:\/\/diariodominicano.com\/index.php?rest_route=%2Fwp%2Fv2%2Ftags&post=462292"}],"curies":[{"name":"wp","href":"https:\/\/api.w.org\/{rel}","templated":true}]}}