{"id":462161,"date":"2023-08-09T22:27:17","date_gmt":"2023-08-10T02:27:17","guid":{"rendered":"http:\/\/diariodominicano.com\/?p=462161"},"modified":"2023-08-09T22:27:17","modified_gmt":"2023-08-10T02:27:17","slug":"debaten-el-viernes-en-centro-cultural-banreservas-las-letras-del-rock-en-rd","status":"publish","type":"post","link":"https:\/\/diariodominicano.com\/?p=462161","title":{"rendered":"Debaten el viernes, en Centro Cultural Banreservas, las letras del rock en RD"},"content":{"rendered":"\n<p> Tony Almont, es uno de los expositores este viernes, sobre las letras del rock dominicano, coloquio que se desarrollar\u00e1 desde las siete de la noche en el Centro Cultural Banreservas, de calle Isabel La Cat\u00f3lica en Ciudad Colonial. <\/p>\n\n\n\n<p>Los panelistas son Tony Almont,  Shara Vi\u00f1as, y Mark Bertr\u00e1n, moderados por Alexei Teller\u00edas<\/p>\n\n\n\n<p>Servicio de prensa<\/p>\n\n\n\n<p>La \u00abTertulia de La Yarda. Sesi\u00f3n 4 debatir\u00e1 este viernes 11, en el Centro Cultural Banreservas, las letras del rock dominicano, sobre el eje tem\u00e1tico: abordando temas heterog\u00e9neos. El debate se iniciar\u00e1 a las siete de la noche comunic\u00f3 la direcci\u00f3n del centro.<\/p>\n\n\n\n<p>Alexei Teller\u00edas, coordinador de la cuarta entrega de estos coloquios, dijo que, entre los panelistas, est\u00e1 Tony Almont (vocalista y compositor. Proyectos en los que ha participado son Toque Profundo, Sociedad An\u00f3nima, Recolector, Las Mar\u00edas Diagonal B, aparte de una carrera en solitario).<\/p>\n\n\n\n<p>Otra expositora es la vocalista y compositora Shara Vi\u00f1as, quien ha estado en las bandas Latheral y Guaitiao y que ha escrito tambi\u00e9n para Cerobit y El Metro)<\/p>\n\n\n\n<p>El tercer expositor, dijo Teller\u00edas, es Mark Bertr\u00e1n (bajista y compositor, son algunos proyectos suyos : Voces en el Plasma, Antes del Agua, N\u00f3mada,&nbsp;Purpletree).<\/p>\n\n\n\n<p>Este cuarto encuentro, dijo el gestor po\u00e9tico y musical, persigue dejar una trayectoria que sirva para construir la historia del g\u00e9nero musical.<\/p>\n\n\n\n<p>El director del Centro Cultural Banreservas, Mijail Peralta, sostiene que estos encuentros han servido para analizar aspectos \u00a0escasamente presentados para la sistematizaci\u00f3n hist\u00f3rica del rock hecho por artistas dominicanos.<\/p>\n\n\n\n<p>Jose Rafael Paula Sosa<a target=\"_blank\" href=\"mailto:joserafael.sosa@gmail.com\" rel=\"noreferrer noopener\">joserafael.sosa@gmail.com<\/a><\/p>\n\n\n\n<p><\/p>\n","protected":false},"excerpt":{"rendered":"<p>Tony Almont, es uno de los expositores este viernes, sobre las letras del rock dominicano, coloquio que se desarrollar\u00e1 desde las siete de la noche en el Centro Cultural Banreservas, de calle Isabel La Cat\u00f3lica en Ciudad Colonial. Los panelistas son Tony Almont, Shara Vi\u00f1as, y Mark Bertr\u00e1n, moderados por Alexei Teller\u00edas Servicio de prensa [&hellip;]<\/p>\n","protected":false},"author":28,"featured_media":462162,"comment_status":"closed","ping_status":"","sticky":false,"template":"","format":"standard","meta":{"footnotes":""},"categories":[21,36,25,32],"tags":[],"class_list":["post-462161","post","type-post","status-publish","format-standard","has-post-thumbnail","hentry","category-cultura","category-hombresmujeresycosas","category-gente","category-turismo"],"_links":{"self":[{"href":"https:\/\/diariodominicano.com\/index.php?rest_route=\/wp\/v2\/posts\/462161","targetHints":{"allow":["GET"]}}],"collection":[{"href":"https:\/\/diariodominicano.com\/index.php?rest_route=\/wp\/v2\/posts"}],"about":[{"href":"https:\/\/diariodominicano.com\/index.php?rest_route=\/wp\/v2\/types\/post"}],"author":[{"embeddable":true,"href":"https:\/\/diariodominicano.com\/index.php?rest_route=\/wp\/v2\/users\/28"}],"replies":[{"embeddable":true,"href":"https:\/\/diariodominicano.com\/index.php?rest_route=%2Fwp%2Fv2%2Fcomments&post=462161"}],"version-history":[{"count":1,"href":"https:\/\/diariodominicano.com\/index.php?rest_route=\/wp\/v2\/posts\/462161\/revisions"}],"predecessor-version":[{"id":462163,"href":"https:\/\/diariodominicano.com\/index.php?rest_route=\/wp\/v2\/posts\/462161\/revisions\/462163"}],"wp:featuredmedia":[{"embeddable":true,"href":"https:\/\/diariodominicano.com\/index.php?rest_route=\/wp\/v2\/media\/462162"}],"wp:attachment":[{"href":"https:\/\/diariodominicano.com\/index.php?rest_route=%2Fwp%2Fv2%2Fmedia&parent=462161"}],"wp:term":[{"taxonomy":"category","embeddable":true,"href":"https:\/\/diariodominicano.com\/index.php?rest_route=%2Fwp%2Fv2%2Fcategories&post=462161"},{"taxonomy":"post_tag","embeddable":true,"href":"https:\/\/diariodominicano.com\/index.php?rest_route=%2Fwp%2Fv2%2Ftags&post=462161"}],"curies":[{"name":"wp","href":"https:\/\/api.w.org\/{rel}","templated":true}]}}