{"id":462096,"date":"2023-08-09T20:43:43","date_gmt":"2023-08-10T00:43:43","guid":{"rendered":"http:\/\/diariodominicano.com\/?p=462096"},"modified":"2023-08-09T22:10:37","modified_gmt":"2023-08-10T02:10:37","slug":"project-transformnation-el-xiii-congreso-internacional-de-direccion-de-proyectos-pmird-2023","status":"publish","type":"post","link":"https:\/\/diariodominicano.com\/?p=462096","title":{"rendered":"Project TransformNation&#8217;, el XIII Congreso Internacional de Direcci\u00f3n de Proyectos PMIRD 2023"},"content":{"rendered":"\n<p>Silvia Basilis y Heydi Capell\u00e1n <\/p>\n\n\n\n<figure class=\"wp-block-image size-large\"><img loading=\"lazy\" decoding=\"async\" width=\"1024\" height=\"683\" src=\"https:\/\/diariodominicano.com\/wp-content\/uploads\/2023\/08\/Wanda-de-Jesus-Hugo-Martinez-y-Milena-Milanova-00-1024x683.jpg\" alt=\"\" class=\"wp-image-462123\" srcset=\"https:\/\/diariodominicano.com\/wp-content\/uploads\/2023\/08\/Wanda-de-Jesus-Hugo-Martinez-y-Milena-Milanova-00-1024x683.jpg 1024w, https:\/\/diariodominicano.com\/wp-content\/uploads\/2023\/08\/Wanda-de-Jesus-Hugo-Martinez-y-Milena-Milanova-00-300x200.jpg 300w, https:\/\/diariodominicano.com\/wp-content\/uploads\/2023\/08\/Wanda-de-Jesus-Hugo-Martinez-y-Milena-Milanova-00-768x512.jpg 768w, https:\/\/diariodominicano.com\/wp-content\/uploads\/2023\/08\/Wanda-de-Jesus-Hugo-Martinez-y-Milena-Milanova-00-1536x1024.jpg 1536w, https:\/\/diariodominicano.com\/wp-content\/uploads\/2023\/08\/Wanda-de-Jesus-Hugo-Martinez-y-Milena-Milanova-00-2048x1365.jpg 2048w, https:\/\/diariodominicano.com\/wp-content\/uploads\/2023\/08\/Wanda-de-Jesus-Hugo-Martinez-y-Milena-Milanova-00-816x544.jpg 816w\" sizes=\"auto, (max-width: 1024px) 100vw, 1024px\" \/><figcaption> Wanda de Jes\u00fas, Hugo Mart\u00ednez y Milena Milanova  <\/figcaption><\/figure>\n\n\n\n<p><\/p>\n\n\n\n<figure class=\"wp-block-table\"><table><tbody><tr><td><\/td><\/tr><\/tbody><\/table><\/figure>\n\n\n\n<figure class=\"wp-block-image size-large\"><img loading=\"lazy\" decoding=\"async\" width=\"1024\" height=\"683\" src=\"https:\/\/diariodominicano.com\/wp-content\/uploads\/2023\/08\/Andy-Yaniris-Reyes-y-Daniela-Navas-00-1024x683.jpg\" alt=\"\" class=\"wp-image-462127\" srcset=\"https:\/\/diariodominicano.com\/wp-content\/uploads\/2023\/08\/Andy-Yaniris-Reyes-y-Daniela-Navas-00-1024x683.jpg 1024w, https:\/\/diariodominicano.com\/wp-content\/uploads\/2023\/08\/Andy-Yaniris-Reyes-y-Daniela-Navas-00-300x200.jpg 300w, https:\/\/diariodominicano.com\/wp-content\/uploads\/2023\/08\/Andy-Yaniris-Reyes-y-Daniela-Navas-00-768x512.jpg 768w, https:\/\/diariodominicano.com\/wp-content\/uploads\/2023\/08\/Andy-Yaniris-Reyes-y-Daniela-Navas-00-1536x1024.jpg 1536w, https:\/\/diariodominicano.com\/wp-content\/uploads\/2023\/08\/Andy-Yaniris-Reyes-y-Daniela-Navas-00-2048x1365.jpg 2048w, https:\/\/diariodominicano.com\/wp-content\/uploads\/2023\/08\/Andy-Yaniris-Reyes-y-Daniela-Navas-00-816x544.jpg 816w\" sizes=\"auto, (max-width: 1024px) 100vw, 1024px\" \/><figcaption>Andy Yaniris Reyes y Daniela Navas<\/figcaption><\/figure>\n\n\n\n<figure class=\"wp-block-image size-large\"><img loading=\"lazy\" decoding=\"async\" width=\"1024\" height=\"683\" src=\"https:\/\/diariodominicano.com\/wp-content\/uploads\/2023\/08\/Elda-Ortiz-y-Carolina-Arengo-1024x683.jpg\" alt=\"\" class=\"wp-image-462128\" srcset=\"https:\/\/diariodominicano.com\/wp-content\/uploads\/2023\/08\/Elda-Ortiz-y-Carolina-Arengo-1024x683.jpg 1024w, https:\/\/diariodominicano.com\/wp-content\/uploads\/2023\/08\/Elda-Ortiz-y-Carolina-Arengo-300x200.jpg 300w, https:\/\/diariodominicano.com\/wp-content\/uploads\/2023\/08\/Elda-Ortiz-y-Carolina-Arengo-768x512.jpg 768w, https:\/\/diariodominicano.com\/wp-content\/uploads\/2023\/08\/Elda-Ortiz-y-Carolina-Arengo-1536x1024.jpg 1536w, https:\/\/diariodominicano.com\/wp-content\/uploads\/2023\/08\/Elda-Ortiz-y-Carolina-Arengo-2048x1366.jpg 2048w, https:\/\/diariodominicano.com\/wp-content\/uploads\/2023\/08\/Elda-Ortiz-y-Carolina-Arengo-816x544.jpg 816w\" sizes=\"auto, (max-width: 1024px) 100vw, 1024px\" \/><figcaption>Elda Ortiz y Carolina Arengo<\/figcaption><\/figure>\n\n\n\n<figure class=\"wp-block-image size-large\"><img loading=\"lazy\" decoding=\"async\" width=\"1024\" height=\"683\" src=\"https:\/\/diariodominicano.com\/wp-content\/uploads\/2023\/08\/Federico-Montero-y-Jose-Eduardo-Frias-1024x683.jpg\" alt=\"\" class=\"wp-image-462129\" srcset=\"https:\/\/diariodominicano.com\/wp-content\/uploads\/2023\/08\/Federico-Montero-y-Jose-Eduardo-Frias-1024x683.jpg 1024w, https:\/\/diariodominicano.com\/wp-content\/uploads\/2023\/08\/Federico-Montero-y-Jose-Eduardo-Frias-300x200.jpg 300w, https:\/\/diariodominicano.com\/wp-content\/uploads\/2023\/08\/Federico-Montero-y-Jose-Eduardo-Frias-768x512.jpg 768w, https:\/\/diariodominicano.com\/wp-content\/uploads\/2023\/08\/Federico-Montero-y-Jose-Eduardo-Frias-1536x1024.jpg 1536w, https:\/\/diariodominicano.com\/wp-content\/uploads\/2023\/08\/Federico-Montero-y-Jose-Eduardo-Frias-2048x1366.jpg 2048w, https:\/\/diariodominicano.com\/wp-content\/uploads\/2023\/08\/Federico-Montero-y-Jose-Eduardo-Frias-816x544.jpg 816w\" sizes=\"auto, (max-width: 1024px) 100vw, 1024px\" \/><figcaption>Federico Montero y Jos\u00e9 Eduardo Fr\u00edas<\/figcaption><\/figure>\n\n\n\n<figure class=\"wp-block-table\"><table><tbody><tr><td><em>Santo Domingo, Rep\u00fablica Dominicana, agosto 2023.-<\/em>&nbsp;<strong>El Project Management Institute (PMI)<\/strong>&nbsp;en Rep\u00fablica Dominicana lidera la principal iniciativa dirigida al crecimiento de los directores de proyectos con el&nbsp;<strong>D\u00e9cimo Tercer Congreso Internacional de Direcci\u00f3n de Proyectos PMIRD 2023<\/strong>&nbsp;, que se llevar\u00e1 a cabo del 28 al 30 de septiembre en el Hotel Hard Rock Punta Cana y reunir\u00e1 a m\u00e1s de 500 profesionales de la direcci\u00f3n de proyectos en el pa\u00eds.<br><br><br>La XIII edici\u00f3n lleva el t\u00edtulo principal de&nbsp;<strong>\u201cProject TransformNation\u201d<\/strong>&nbsp;y promete ser un evento que retar\u00e1 a los profesionales a ser l\u00edderes innovadores en este campo, con el foco puesto en la consecuci\u00f3n de futuros resultados sostenibles que aspiren a transformar a la Rep\u00fablica Dominicana y el mundo.<br><br> El congreso no solo muestra las \u00faltimas metodolog\u00edas, sino el futuro de la gesti\u00f3n de proyectos, ofreciendo resultados a tiempo y dentro del presupuesto, marcando una diferencia real que transforma positivamente nuestro macro-entorno. <br><br>Seg\u00fan la p\u00e1gina web de&nbsp;<a rel=\"noreferrer noopener\" href=\"http:\/\/pmi.org\/\" target=\"_blank\">pmi.org<\/a>&nbsp;, para el 2030 existir\u00e1n en el mundo 25,000,000 de empleados relacionados a la direcci\u00f3n de proyectos.<em>\u201cA medida que avanzamos hacia un futuro en el que la inteligencia artificial es ya una realidad presente, no se puede disminuir la importancia de las habilidades interpersonales. Los l\u00edderes de proyectos deber\u00e1n ser capaces de comunicarse eficazmente, establecer relaciones s\u00f3lidas y dirigir con empat\u00eda e inteligencia emocional. <\/em><br><br><em>Estas habilidades son esenciales para crear equipos de alto rendimiento y ejecutar proyectos con \u00e9xito\u201d,<\/em>&nbsp;expres\u00f3&nbsp;<strong>Silvia Basilis<\/strong>&nbsp;, presidenta del Cap\u00edtulo&nbsp;<strong>PMI Rep\u00fablica Dominicana.<\/strong><br><br>El XIII Congreso Internacional de Direcci\u00f3n de Proyectos reunir\u00e1 en Punta Cana a m\u00e1s de 500 profesionales y ejecutivos de los sectores p\u00fablico y privado en un ambiente de alto aprendizaje, encabezado por destacados ponentes internacionales y locales entre los que se cuentan&nbsp;<strong>Pablo Lled\u00f3<\/strong>&nbsp;, autor internacional y profesional en direccion de proyectos;&nbsp;<strong>Ricardo Vargas<\/strong>&nbsp;, l\u00edder experimentado en globales, direcci\u00f3n de proyectos, transformaci\u00f3n organizacional y manejo de crisis;&nbsp;<strong>Americo Pinto<\/strong>&nbsp;, experto internacional en PMO, gesti\u00f3n de proyectos y estrategia; y&nbsp;<strong>Sebasti\u00e1n Lora<\/strong>&nbsp;, especialista en habilidades de comunicaci\u00f3n, formador, autor, conferenciante y youtuber.Este evento contar\u00e1 con el auspicio del Banco Central de la Rep\u00fablica Dominicana, Evo Point, UTESA, Proyectum, Sagesse, Enaco, Hablan los Ingenieros, Revista Factor del \u00c9xito, Sendiu, entre otros.<br><br>El&nbsp;<strong>Project Management Institute<\/strong>&nbsp;es la organizaci\u00f3n de proyectos l\u00edder en el mundo con m\u00e1s de 650.000 miembros globales y m\u00e1s de 300 cap\u00edtulos locales a nivel internacional. Esta asociaci\u00f3n permite a sus miembros tener acceso a certificaciones, redes profesionales, eventos, capacitaci\u00f3n y herramientas para elevar la profesionalidad del sector.<\/td><\/tr><\/tbody><\/table><\/figure>\n","protected":false},"excerpt":{"rendered":"<p>Silvia Basilis y Heydi Capell\u00e1n Santo Domingo, Rep\u00fablica Dominicana, agosto 2023.-&nbsp;El Project Management Institute (PMI)&nbsp;en Rep\u00fablica Dominicana lidera la principal iniciativa dirigida al crecimiento de los directores de proyectos con el&nbsp;D\u00e9cimo Tercer Congreso Internacional de Direcci\u00f3n de Proyectos PMIRD 2023&nbsp;, que se llevar\u00e1 a cabo del 28 al 30 de septiembre en el Hotel Hard [&hellip;]<\/p>\n","protected":false},"author":28,"featured_media":462121,"comment_status":"closed","ping_status":"","sticky":true,"template":"","format":"standard","meta":{"footnotes":""},"categories":[36,18,27,32],"tags":[],"class_list":["post-462096","post","type-post","status-publish","format-standard","has-post-thumbnail","hentry","category-hombresmujeresycosas","category-economia","category-portada","category-turismo"],"_links":{"self":[{"href":"https:\/\/diariodominicano.com\/index.php?rest_route=\/wp\/v2\/posts\/462096","targetHints":{"allow":["GET"]}}],"collection":[{"href":"https:\/\/diariodominicano.com\/index.php?rest_route=\/wp\/v2\/posts"}],"about":[{"href":"https:\/\/diariodominicano.com\/index.php?rest_route=\/wp\/v2\/types\/post"}],"author":[{"embeddable":true,"href":"https:\/\/diariodominicano.com\/index.php?rest_route=\/wp\/v2\/users\/28"}],"replies":[{"embeddable":true,"href":"https:\/\/diariodominicano.com\/index.php?rest_route=%2Fwp%2Fv2%2Fcomments&post=462096"}],"version-history":[{"count":5,"href":"https:\/\/diariodominicano.com\/index.php?rest_route=\/wp\/v2\/posts\/462096\/revisions"}],"predecessor-version":[{"id":462153,"href":"https:\/\/diariodominicano.com\/index.php?rest_route=\/wp\/v2\/posts\/462096\/revisions\/462153"}],"wp:featuredmedia":[{"embeddable":true,"href":"https:\/\/diariodominicano.com\/index.php?rest_route=\/wp\/v2\/media\/462121"}],"wp:attachment":[{"href":"https:\/\/diariodominicano.com\/index.php?rest_route=%2Fwp%2Fv2%2Fmedia&parent=462096"}],"wp:term":[{"taxonomy":"category","embeddable":true,"href":"https:\/\/diariodominicano.com\/index.php?rest_route=%2Fwp%2Fv2%2Fcategories&post=462096"},{"taxonomy":"post_tag","embeddable":true,"href":"https:\/\/diariodominicano.com\/index.php?rest_route=%2Fwp%2Fv2%2Ftags&post=462096"}],"curies":[{"name":"wp","href":"https:\/\/api.w.org\/{rel}","templated":true}]}}