{"id":462071,"date":"2023-08-09T10:19:59","date_gmt":"2023-08-09T14:19:59","guid":{"rendered":"http:\/\/diariodominicano.com\/?p=462071"},"modified":"2023-08-09T20:38:50","modified_gmt":"2023-08-10T00:38:50","slug":"affogato-cafe-celebra-su-7mo-aniversario","status":"publish","type":"post","link":"https:\/\/diariodominicano.com\/?p=462071","title":{"rendered":"Affogato Caf\u00e9 celebra su 7mo. aniversario"},"content":{"rendered":"\n<p><em>Celebran con actividades durante el mes de agosto y un concurso en redes sociales<\/em><\/p>\n\n\n\n<figure class=\"wp-block-image size-full\"><img loading=\"lazy\" decoding=\"async\" width=\"333\" height=\"500\" src=\"https:\/\/diariodominicano.com\/wp-content\/uploads\/2023\/08\/DSC05953.jpg\" alt=\"\" class=\"wp-image-462079\" srcset=\"https:\/\/diariodominicano.com\/wp-content\/uploads\/2023\/08\/DSC05953.jpg 333w, https:\/\/diariodominicano.com\/wp-content\/uploads\/2023\/08\/DSC05953-200x300.jpg 200w\" sizes=\"auto, (max-width: 333px) 100vw, 333px\" \/><\/figure>\n\n\n\n<p>Santo Domingo, D.N.-&nbsp;&nbsp;Affogato Caf\u00e9 celebr\u00f3 siete a\u00f1os en el mercado, con su locales en la Zona Colonial y Bella Vista. Desde su apertura, se ha caracterizado por ofrecer a sus comensales, un ambiente confortable, variados y ricos platos y un excelente servicio al cliente.<\/p>\n\n\n\n<figure class=\"wp-block-image size-large\"><img loading=\"lazy\" decoding=\"async\" width=\"1024\" height=\"683\" src=\"https:\/\/diariodominicano.com\/wp-content\/uploads\/2023\/08\/DSC00573-1024x683.jpg\" alt=\"\" class=\"wp-image-462074\" srcset=\"https:\/\/diariodominicano.com\/wp-content\/uploads\/2023\/08\/DSC00573-1024x683.jpg 1024w, https:\/\/diariodominicano.com\/wp-content\/uploads\/2023\/08\/DSC00573-300x200.jpg 300w, https:\/\/diariodominicano.com\/wp-content\/uploads\/2023\/08\/DSC00573-768x512.jpg 768w, https:\/\/diariodominicano.com\/wp-content\/uploads\/2023\/08\/DSC00573-1536x1024.jpg 1536w, https:\/\/diariodominicano.com\/wp-content\/uploads\/2023\/08\/DSC00573-2048x1365.jpg 2048w, https:\/\/diariodominicano.com\/wp-content\/uploads\/2023\/08\/DSC00573-816x544.jpg 816w\" sizes=\"auto, (max-width: 1024px) 100vw, 1024px\" \/><\/figure>\n\n\n\n<figure class=\"wp-block-image size-full\"><img loading=\"lazy\" decoding=\"async\" width=\"334\" height=\"500\" src=\"https:\/\/diariodominicano.com\/wp-content\/uploads\/2023\/08\/DSC_1360.jpg\" alt=\"\" class=\"wp-image-462076\" srcset=\"https:\/\/diariodominicano.com\/wp-content\/uploads\/2023\/08\/DSC_1360.jpg 334w, https:\/\/diariodominicano.com\/wp-content\/uploads\/2023\/08\/DSC_1360-200x300.jpg 200w\" sizes=\"auto, (max-width: 334px) 100vw, 334px\" \/><\/figure>\n\n\n\n<p>\u201cNos hemos esmerado con la decoraci\u00f3n, que es algo que nos distingue. Quien nos visita queda prendado con solo llegar. Aqu\u00ed encontrar\u00e1n, desde complementos vintage hasta antig\u00fcedades europeas, creando as\u00ed espacios acogedores\u201d, indic\u00f3 Raquel Rodr\u00edguez, una de las propietarias del lugar.<\/p>\n\n\n\n<p>\u201cCuando concebimos este lugar, idealizamos que ser\u00eda una fusi\u00f3n entre un caf\u00e9 europeo, con la calidez y la pasi\u00f3n dominicana, buscando acoger a ese p\u00fablico especial que se siente atra\u00eddo por el ambiente bohemio, relajado y original\u201d, afirm\u00f3.<\/p>\n\n\n\n<p>Su men\u00fa est\u00e1 compuesto por una amplia variedad de desayunos, desde el cl\u00e1sico dominicano, hasta cuatro tipos de huevos Benedictinos; wafles, pancakes, crepes salados y dulces, pastas, y variedades de caf\u00e9s, chocolate caliente y deliciosos postres.&nbsp;<\/p>\n\n\n\n<figure class=\"wp-block-image size-full\"><img loading=\"lazy\" decoding=\"async\" width=\"334\" height=\"500\" src=\"https:\/\/diariodominicano.com\/wp-content\/uploads\/2023\/08\/DSC_1444.jpg\" alt=\"\" class=\"wp-image-462077\" srcset=\"https:\/\/diariodominicano.com\/wp-content\/uploads\/2023\/08\/DSC_1444.jpg 334w, https:\/\/diariodominicano.com\/wp-content\/uploads\/2023\/08\/DSC_1444-200x300.jpg 200w\" sizes=\"auto, (max-width: 334px) 100vw, 334px\" \/><\/figure>\n\n\n\n<p>Algo que los ha destacado, son sus preparaciones de caf\u00e9, como el denominado \u201cAffogato\u201d, el cual es un postre italiano con una bola de helado ahogada en caf\u00e9 expreso; as\u00ed como Cappuccino caramelo, Irish coffee, sin olvidar los caf\u00e9s fr\u00edos como el Mocaccino frappe o el Caf\u00e9 ice.<\/p>\n\n\n\n<p>\u201cEn este aniversario, celebramos muchas conquistas, hemos logrado construir lealtad entre nuestros clientes, hemos logrado ser conocidos por la calidad &nbsp;y sabor de los productos y el servicio que ofrecemos. Nos hemos convertido en un referente en cuanto a lugares de comida, no solo en la Zona Colonial, sino de toda la ciudad\u201d, destac\u00f3 Heidy Corona, copropietaria.<\/p>\n\n\n\n<p>Corona indic\u00f3 que tienen su propia l\u00ednea de caf\u00e9 ar\u00e1bico molido y en grano, que los clientes pueden adquirir para llevarse a casa la \u201cExperiencia Affogato\u201d.<\/p>\n\n\n\n<p>\u201cDurante este mes de agosto tendremos actividades todos los fines de semana para celebrar junto a nuestros clientes estos siete a\u00f1os sirviendo el m\u00e1s rico caf\u00e9. Algunas de estas actividades son: \u201cBrunch and Paint\u201d, con clientes seleccionados; \u201cCaf\u00e9 por la ventana\u201d, en el que ese d\u00eda,&nbsp;durante las horas de la ma\u00f1ana, el caf\u00e9 lo tendremos de cortes\u00eda; y el \u00faltimo fin de semana tendremos m\u00fasica en vivo, adem\u00e1s de mesa de bocadillos y postres abierta para los clientes\u201d, expres\u00f3 Raquel Rodr\u00edguez.<\/p>\n\n\n\n<p>Igualmente inform\u00f3 del concurso que tienen en sus redes sociales, para ganar 4 bandejas de desayuno. Para participar los clientes deben ir a su cuenta de Instagram @Affogatocaferd.<\/p>\n\n\n\n<p>Affogato Caf\u00e9 tambi\u00e9n ofrece cocteles para aquellos que buscan pasar un rato de manera m\u00e1s divertida y cuentan con una variada oferta de planes para la celebraci\u00f3n de cumplea\u00f1os y actividades. As\u00ed mismo tienen &nbsp;happy hours de mi\u00e9rcoles a viernes desde la 4:00 PM hasta las 8:00 PM y ofrecen&nbsp;&nbsp;m\u00fasica en vivo en ocasiones especiales.<\/p>\n\n\n\n<p>Los clientes tambi\u00e9n pueden ordenar comida para llevar, bandejas de desayuno decoradas para regalo, pasteles de diversos tipos y adem\u00e1s ofrecen servicio de catering externo.<\/p>\n\n\n\n<p><strong>Direcci\u00f3n y contacto<\/strong><\/p>\n\n\n\n<p>Calle Arzobispo Nouel esquina S\u00e1nchez #251, Zona Colonial, D.N. \/ Avenida Sarasota no. 71, Plaza Gazebo, Bella Vista, D.N. Tel\u00e9fono: 809.688.7676.&nbsp;&nbsp;P\u00e1gina web:&nbsp;<a rel=\"noreferrer noopener\" href=\"http:\/\/www.affogatocafe.com\/\" target=\"_blank\">www.affogatocafe.com<\/a><\/p>\n\n\n\n<p>Ivonne Soriano. Periodista\/ RRPP<a target=\"_blank\" href=\"mailto:ivonnesoriano@yahoo.com\" rel=\"noreferrer noopener\">ivonnesoriano@yahoo.com<\/a><\/p>\n","protected":false},"excerpt":{"rendered":"<p>Celebran con actividades durante el mes de agosto y un concurso en redes sociales Santo Domingo, D.N.-&nbsp;&nbsp;Affogato Caf\u00e9 celebr\u00f3 siete a\u00f1os en el mercado, con su locales en la Zona Colonial y Bella Vista. Desde su apertura, se ha caracterizado por ofrecer a sus comensales, un ambiente confortable, variados y ricos platos y un excelente [&hellip;]<\/p>\n","protected":false},"author":28,"featured_media":462072,"comment_status":"closed","ping_status":"","sticky":true,"template":"","format":"standard","meta":{"footnotes":""},"categories":[25,27,32],"tags":[],"class_list":["post-462071","post","type-post","status-publish","format-standard","has-post-thumbnail","hentry","category-gente","category-portada","category-turismo"],"_links":{"self":[{"href":"https:\/\/diariodominicano.com\/index.php?rest_route=\/wp\/v2\/posts\/462071","targetHints":{"allow":["GET"]}}],"collection":[{"href":"https:\/\/diariodominicano.com\/index.php?rest_route=\/wp\/v2\/posts"}],"about":[{"href":"https:\/\/diariodominicano.com\/index.php?rest_route=\/wp\/v2\/types\/post"}],"author":[{"embeddable":true,"href":"https:\/\/diariodominicano.com\/index.php?rest_route=\/wp\/v2\/users\/28"}],"replies":[{"embeddable":true,"href":"https:\/\/diariodominicano.com\/index.php?rest_route=%2Fwp%2Fv2%2Fcomments&post=462071"}],"version-history":[{"count":4,"href":"https:\/\/diariodominicano.com\/index.php?rest_route=\/wp\/v2\/posts\/462071\/revisions"}],"predecessor-version":[{"id":462120,"href":"https:\/\/diariodominicano.com\/index.php?rest_route=\/wp\/v2\/posts\/462071\/revisions\/462120"}],"wp:featuredmedia":[{"embeddable":true,"href":"https:\/\/diariodominicano.com\/index.php?rest_route=\/wp\/v2\/media\/462072"}],"wp:attachment":[{"href":"https:\/\/diariodominicano.com\/index.php?rest_route=%2Fwp%2Fv2%2Fmedia&parent=462071"}],"wp:term":[{"taxonomy":"category","embeddable":true,"href":"https:\/\/diariodominicano.com\/index.php?rest_route=%2Fwp%2Fv2%2Fcategories&post=462071"},{"taxonomy":"post_tag","embeddable":true,"href":"https:\/\/diariodominicano.com\/index.php?rest_route=%2Fwp%2Fv2%2Ftags&post=462071"}],"curies":[{"name":"wp","href":"https:\/\/api.w.org\/{rel}","templated":true}]}}