{"id":461973,"date":"2023-08-08T21:14:04","date_gmt":"2023-08-09T01:14:04","guid":{"rendered":"http:\/\/diariodominicano.com\/?p=461973"},"modified":"2023-08-08T21:14:04","modified_gmt":"2023-08-09T01:14:04","slug":"el-ministerio-publico-solicita-un-ano-de-prision-preventiva-contra-hombre-vinculado-a-muerte-de-una-menor-de-11-anos-de-edad-en-san-cristobal","status":"publish","type":"post","link":"https:\/\/diariodominicano.com\/?p=461973","title":{"rendered":"El Ministerio P\u00fablico solicita un a\u00f1o de prisi\u00f3n preventiva contra hombre vinculado a muerte de una menor de 11 a\u00f1os de edad en San Crist\u00f3bal"},"content":{"rendered":"\n<p>SAN CRIST\u00d3BAL, Rep\u00fablica Dominicana.-El Ministerio P\u00fablico solicit\u00f3 a un tribunal de San Crist\u00f3bal  que le imponga un a\u00f1o de prisi\u00f3n preventiva al imputado Juan Jos\u00e9 S\u00e1nchez Nivar, principal sospechoso de la muerte de una menor de 11 a\u00f1os de edad, cuyo cuerpo fue encontrado en la Autopista 6 de Noviembre el pasado 4 de agosto, luego de que sus familiares reportaran su desaparici\u00f3n\u00a0\u00a0en el mes de julio de este a\u00f1o 2023.<\/p>\n\n\n\n<p>En la instancia depositada este martes en&nbsp;la Oficina Judicial de Servicios de Atenci\u00f3n Permanente de San Crist\u00f3bal, el Ministerio P\u00fablico solicita la prisi\u00f3n preventiva, como medida de coerci\u00f3n, en el \u00e1rea de m\u00e1xima seguridad del Centro de Correcci\u00f3n y Rehabilitaci\u00f3n (CCR-20) de Najayo, San Crist\u00f3bal, y que se declare el proceso de tramitaci\u00f3n compleja. La audiencia fue fijada para este jueves 10 agosto, a partir de las 9:00 de la ma\u00f1ana.<\/p>\n\n\n\n<p>S\u00e1nchez Nivar enfrenta ahora dos procesos judiciales en la provincia San Crist\u00f3bal, ya que la pasada semana recibi\u00f3 tres de prisi\u00f3n preventiva&nbsp;por su vinculaci\u00f3n a un caso de agresi\u00f3n sexual contra una adolescente de 13 a\u00f1os de edad, amiga de la menor fallecida, en un hecho ocurrido en la comunidad Madre Vieja, San Crist\u00f3bal.<\/p>\n\n\n\n<p>Los nombres de las v\u00edctimas fueron omitidos por tratarse de menores de edad.<\/p>\n\n\n\n<p>Luego de que fuera interpuesta la denuncia de la desaparici\u00f3n de la ni\u00f1a por sus familiares, el pasado 24 de julio, se inici\u00f3 de inmediato una intensa b\u00fasqueda en un amplio operativo encabezado por miembros de la Fiscal\u00eda de San Crist\u00f3bal, conjuntamente con la Unidad de Investigaciones Criminales del Ministerio P\u00fablico, la Comandancia de la 17 CIA de la Polic\u00eda Nacional, la Direcci\u00f3n Central de Investigaciones Criminales (Dicrim), el Departamento de Desaparecidos de la Polic\u00eda Nacional, el Sistema Nacional de Atenci\u00f3n a Emergencias y Seguridad 9-1-1, el Departamento de Investigaci\u00f3n de Cr\u00edmenes y Delitos de Alta Tecnolog\u00eda (Dicat), el Departamento de Casos Complejos de la Polic\u00eda Nacional, la Unidad Canina K9, el Instituto Nacional de Ciencias Forenses (Inacif), el Cuerpo de Bomberos de San Crist\u00f3bal y la Cruz Roja Dominicana.<\/p>\n\n\n\n<p>Seg\u00fan estableci\u00f3 el Ministerio P\u00fablico, el 20 de julio pasado, alrededor de las 8:00 de la ma\u00f1ana el imputado le escribi\u00f3 mensajes a la v\u00edctima v\u00eda WhatsApp, y despu\u00e9s se ve salir a la ni\u00f1a de la vivienda de su abuela donde se encontraba, lo cual qued\u00f3 registrado en c\u00e1maras de v\u00eddeos de la zona.<\/p>\n\n\n\n<p>El imputado se llev\u00f3 a la ni\u00f1a para su casa en la localidad La Pi\u00f1a, Madre Vieja Norte, donde le quit\u00f3 la vida. Posteriormente, se observa en los v\u00eddeos cuando sale de los alrededores de dicha vivienda a bordo de una motocicleta con una bolsa pl\u00e1stica de color blanco y luego se le ve regresar alrededor de las 11:03 de la ma\u00f1ana. Despu\u00e9s se observa salir varias veces y regresar aproximadamente a las 12:26 de la tarde con un saco de color blanco en cuyo interior se encontraba el cad\u00e1ver de la ni\u00f1a.<\/p>\n\n\n\n<p>El cuerpo fue encontrado en avanzado estado de descomposici\u00f3n a la 1:00 de la tarde del pasado 4 de agosto, en la Autopista 6 de noviembre.<\/p>\n\n\n\n<p>Al d\u00eda siguiente, el Instituto Nacional de Ciencias Forenses (Inacif) confirm\u00f3 la identidad del cad\u00e1ver de la menor de edad.<\/p>\n\n\n\n<p>El Ministerio P\u00fablico le ha otorgado al caso la calificaci\u00f3n jur\u00eddica de violaci\u00f3n a los art\u00edculos 396, literales A, B y C del C\u00f3digo para la Protecci\u00f3n y los Derechos Fundamentales de los Ni\u00f1os, Ni\u00f1as y Adolescentes (Ley 136-03), as\u00ed como de atentado sexual mediante la utilizaci\u00f3n de sistemas de informaci\u00f3n, art\u00edculo 23, 24 p\u00e1rrafo de la Ley 53-07 de Cr\u00edmenes y Delitos de Alta Tecnolog\u00eda, y los art\u00edculos 295, 296, 297, 302, 354 y 359 del C\u00f3digo Penal Dominicano.<\/p>\n\n\n\n<p>Respecto al caso de la menor de 13 a\u00f1os, agredida sexualmente por S\u00e1nchez Nivar, el \u00f3rgano persecutor se\u00f1ala en el expediente, que encontr\u00f3 en una tableta propiedad de la v\u00edctima im\u00e1genes explicitas que le envi\u00f3 el imputado, adem\u00e1s de mensajes en los que le ofrec\u00eda recargar el n\u00famero que utilizaba en el dispositivo, as\u00ed como invit\u00e1ndola a una piscina junto a su amiga, la ni\u00f1a de 11 a\u00f1os de edad fallecida.<\/p>\n\n\n\n<p>Comunicaciones Prensa PGR<a target=\"_blank\" href=\"mailto:comunicaciones@pgr.gob.do\" rel=\"noreferrer noopener\">comunicaciones@pgr.gob.do<\/a><\/p>\n\n\n\n<p><strong>Direcci\u00f3n General de Comunicaci\u00f3n, Prensa, y RRPP<\/strong><\/p>\n\n\n\n<p>Ministerio P\u00fablico.&nbsp;R.D.<\/p>\n\n\n\n<p>Martes, 8 de agosto de 2023.<\/p>\n","protected":false},"excerpt":{"rendered":"<p>SAN CRIST\u00d3BAL, Rep\u00fablica Dominicana.-El Ministerio P\u00fablico solicit\u00f3 a un tribunal de San Crist\u00f3bal que le imponga un a\u00f1o de prisi\u00f3n preventiva al imputado Juan Jos\u00e9 S\u00e1nchez Nivar, principal sospechoso de la muerte de una menor de 11 a\u00f1os de edad, cuyo cuerpo fue encontrado en la Autopista 6 de Noviembre el pasado 4 de agosto, [&hellip;]<\/p>\n","protected":false},"author":28,"featured_media":351958,"comment_status":"closed","ping_status":"","sticky":true,"template":"","format":"standard","meta":{"footnotes":""},"categories":[24,29,27],"tags":[],"class_list":["post-461973","post","type-post","status-publish","format-standard","has-post-thumbnail","hentry","category-justicia-y-derecho","category-policiasucesos","category-portada"],"_links":{"self":[{"href":"https:\/\/diariodominicano.com\/index.php?rest_route=\/wp\/v2\/posts\/461973","targetHints":{"allow":["GET"]}}],"collection":[{"href":"https:\/\/diariodominicano.com\/index.php?rest_route=\/wp\/v2\/posts"}],"about":[{"href":"https:\/\/diariodominicano.com\/index.php?rest_route=\/wp\/v2\/types\/post"}],"author":[{"embeddable":true,"href":"https:\/\/diariodominicano.com\/index.php?rest_route=\/wp\/v2\/users\/28"}],"replies":[{"embeddable":true,"href":"https:\/\/diariodominicano.com\/index.php?rest_route=%2Fwp%2Fv2%2Fcomments&post=461973"}],"version-history":[{"count":1,"href":"https:\/\/diariodominicano.com\/index.php?rest_route=\/wp\/v2\/posts\/461973\/revisions"}],"predecessor-version":[{"id":461974,"href":"https:\/\/diariodominicano.com\/index.php?rest_route=\/wp\/v2\/posts\/461973\/revisions\/461974"}],"wp:featuredmedia":[{"embeddable":true,"href":"https:\/\/diariodominicano.com\/index.php?rest_route=\/wp\/v2\/media\/351958"}],"wp:attachment":[{"href":"https:\/\/diariodominicano.com\/index.php?rest_route=%2Fwp%2Fv2%2Fmedia&parent=461973"}],"wp:term":[{"taxonomy":"category","embeddable":true,"href":"https:\/\/diariodominicano.com\/index.php?rest_route=%2Fwp%2Fv2%2Fcategories&post=461973"},{"taxonomy":"post_tag","embeddable":true,"href":"https:\/\/diariodominicano.com\/index.php?rest_route=%2Fwp%2Fv2%2Ftags&post=461973"}],"curies":[{"name":"wp","href":"https:\/\/api.w.org\/{rel}","templated":true}]}}