{"id":461928,"date":"2023-08-08T15:32:50","date_gmt":"2023-08-08T19:32:50","guid":{"rendered":"http:\/\/diariodominicano.com\/?p=461928"},"modified":"2023-08-08T16:23:50","modified_gmt":"2023-08-08T20:23:50","slug":"anuncian-cartelera-mma-en-rd-con-tres-titulos-en-disputa","status":"publish","type":"post","link":"https:\/\/diariodominicano.com\/?p=461928","title":{"rendered":"Anuncian cartelera MMA en RD con tres t\u00edtulos en disputa"},"content":{"rendered":"\n<p>Domingo Dauhajre,director ejecutivo de la promotora dominicana Fighting Force, ofrece detalles del evento internacional de MMA, a celebrarse en Santo Domingo, acompa\u00f1ado de autoridades y peleadores.<\/p>\n\n\n\n<figure class=\"wp-block-image size-large\"><img loading=\"lazy\" decoding=\"async\" width=\"1024\" height=\"683\" src=\"https:\/\/diariodominicano.com\/wp-content\/uploads\/2023\/08\/DSC_6391-1024x683.jpg\" alt=\"\" class=\"wp-image-461931\" srcset=\"https:\/\/diariodominicano.com\/wp-content\/uploads\/2023\/08\/DSC_6391-1024x683.jpg 1024w, https:\/\/diariodominicano.com\/wp-content\/uploads\/2023\/08\/DSC_6391-300x200.jpg 300w, https:\/\/diariodominicano.com\/wp-content\/uploads\/2023\/08\/DSC_6391-768x512.jpg 768w, https:\/\/diariodominicano.com\/wp-content\/uploads\/2023\/08\/DSC_6391-1536x1024.jpg 1536w, https:\/\/diariodominicano.com\/wp-content\/uploads\/2023\/08\/DSC_6391-2048x1365.jpg 2048w, https:\/\/diariodominicano.com\/wp-content\/uploads\/2023\/08\/DSC_6391-816x544.jpg 816w\" sizes=\"auto, (max-width: 1024px) 100vw, 1024px\" \/><\/figure>\n\n\n\n<p> <strong>\u201cTiki\u201d Acevedo e \u201cHierro\u201d Sosa<\/strong> <strong>protagonizar\u00e1n la pelea estelar<\/strong> <\/p>\n\n\n\n<p>Video:&nbsp;<a href=\"https:\/\/youtube.com\/watch?v=aflGj_spzlM&amp;feature=share8\" target=\"_blank\" rel=\"noreferrer noopener\">https:\/\/youtube.com\/watch?v=aflGj_spzlM&amp;feature=share8<\/a><\/p>\n\n\n\n<p><\/p>\n\n\n\n<p><strong>\u201cTiki\u201d Acevedo e \u201cHierro\u201d Sosa<\/strong> <strong>protagonizar\u00e1n la pelea estelar<\/strong><\/p>\n\n\n\n<p>La promotora dominicana de combates de artes marciales mixtas (MMA) Fighting Force anunci\u00f3 la celebraci\u00f3n de su d\u00e9cima segunda cartelera profesional, con m\u00e1s de 10 peleas, incluida tres por t\u00edtulos nacionales e internacionales.<\/p>\n\n\n\n<p>Rodolfo Dauhajre, presidente de Fighting Force, expuso que el evento ha sido programado para el s\u00e1bado 2 de septiembre pr\u00f3ximo en el Pabell\u00f3n de Esgrima del Centro Ol\u00edmpico Juan Pablo Duarte.<\/p>\n\n\n\n<p>\u201cEsta cartelera ser\u00e1 bastante atractiva por la calidad de los exponentes que actuar\u00e1n en la misma. Se trata de un verdadero regalo que nuestra promotora har\u00e1 al pueblo dominicano\u201d, dijo.<\/p>\n\n\n\n<p>Dauhajre confirm\u00f3 la participaci\u00f3n en esa cartelera de las grandes estrellas nacionales de la Fighting Force, l\u00edder en Rep\u00fablica Dominicana de las artes marciales mixtas.<\/p>\n\n\n\n<figure class=\"wp-block-image size-large\"><img loading=\"lazy\" decoding=\"async\" width=\"1024\" height=\"683\" src=\"https:\/\/diariodominicano.com\/wp-content\/uploads\/2023\/08\/Reynaldo-Tiki-Acevedo-y-Oscar-Hiero-Sosa-1024x683.jpg\" alt=\"\" class=\"wp-image-461933\" srcset=\"https:\/\/diariodominicano.com\/wp-content\/uploads\/2023\/08\/Reynaldo-Tiki-Acevedo-y-Oscar-Hiero-Sosa-1024x683.jpg 1024w, https:\/\/diariodominicano.com\/wp-content\/uploads\/2023\/08\/Reynaldo-Tiki-Acevedo-y-Oscar-Hiero-Sosa-300x200.jpg 300w, https:\/\/diariodominicano.com\/wp-content\/uploads\/2023\/08\/Reynaldo-Tiki-Acevedo-y-Oscar-Hiero-Sosa-768x512.jpg 768w, https:\/\/diariodominicano.com\/wp-content\/uploads\/2023\/08\/Reynaldo-Tiki-Acevedo-y-Oscar-Hiero-Sosa-1536x1024.jpg 1536w, https:\/\/diariodominicano.com\/wp-content\/uploads\/2023\/08\/Reynaldo-Tiki-Acevedo-y-Oscar-Hiero-Sosa-2048x1365.jpg 2048w, https:\/\/diariodominicano.com\/wp-content\/uploads\/2023\/08\/Reynaldo-Tiki-Acevedo-y-Oscar-Hiero-Sosa-816x544.jpg 816w\" sizes=\"auto, (max-width: 1024px) 100vw, 1024px\" \/><figcaption>Reynaldo \u201cTiki\u201d Acevedo y Oscar \u201cHiero\u201d Sosa,<\/figcaption><\/figure>\n\n\n\n<p>Mencion\u00f3 que entre los principales combates estar\u00e1 la pelea entre los veteranos dominicanos Reynaldo \u201cTiki\u201d Acevedo y Oscar \u201cHiero\u201d Sosa, los cuales se enfrentar\u00e1n en la divisi\u00f3n de peso semipesado (205 libras) por el t\u00edtulo de Fighting Force.<\/p>\n\n\n\n<p>Agreg\u00f3 que la pelea posee un elemento personal de rivalidad, donde ambos contrincantes se han vencido en sus dos \u00faltimos compromisos.<\/p>\n\n\n\n<p>Asimismo, Dauhajre se\u00f1al\u00f3 los combates coestelares entre El\u00edas \u201dLa Mole\u201d Santos y Lucas \u201cEl Tibur\u00f3n\u201d Marte, quienes disputar\u00e1n el cetro ligero(155 Libras) en cinco asaltos, mientras que Vincent Van Gogh (Cuco) se medir\u00e1 al invicto Alex \u201cLa Tortuga Ninja\u201d Alc\u00e1ntara por el t\u00edtulo pesos mosca (125 libras).<\/p>\n\n\n\n<p>De su lado, Fernando Dauhajre, comisionado nacional de Artes Marciales Mixtas (MMA), agreg\u00f3 que la cartelera tendr\u00e1 un corte internacional con la presencia de atletas extranjeros, entre los que destac\u00f3 peleadores de Colombia, Venezuela y Francia.<\/p>\n\n\n\n<p>En tal sentido, afirm\u00f3 que el venezolano Braian Leiva enfrentar\u00e1 al colombiano Cristian Camilo en una pelea correspondiente a las 135 libras, mientras que el dominicano Jeremy Tiburcio enfrentar\u00e1 al colombiano Esteferson Cifuentes en la divisi\u00f3n peso mosca (125 libras).<\/p>\n\n\n\n<p>Tambi\u00e9n confirm\u00f3 la celebraci\u00f3n de combates en la rama femenina y resalt\u00f3 el enfrentamiento que protagonizar\u00e1n Andr\u00e9s Berm\u00fadez contra Julio Jesurum en combate de peso pesado, &nbsp;a la distancia de tres asaltos.<\/p>\n\n\n\n<p>Los detalles del evento fueron ofrecidos en rueda de prensa celebrada en el Sal\u00f3n James Rodr\u00edguez del Ministerio de Deportes y Recreaci\u00f3n.<\/p>\n\n\n\n<p>El viceministro de Deportes, Franklin de la Mota, en representaci\u00f3n del titular, ingeniero Francisco Camacho, valor\u00f3 el gran trabajo que viene llevando a cabo la promotora dominicana Fighting Force, la cual ha puesto en alto el nombre del pa\u00eds con sus grandes carteleras.<\/p>\n\n\n\n<p>\u201cEn nombre del presidente de la Rep\u00fablica, &nbsp;Luis Abinader y Francisco Camacho quiero decirle que las puertas del Ministerio de Deportes siempre estar\u00e1n abiertas para cualquier actividad de esta disciplina, y cuenten siempre con nuestro respaldo\u201d, exclam\u00f3 de la Mota.<\/p>\n\n\n\n<p>En el encuentro con la prensa participaron parte de los competidores que accionar\u00e1n en el evento internacional.<\/p>\n\n\n\n<figure class=\"wp-block-embed is-type-video is-provider-youtube wp-block-embed-youtube wp-embed-aspect-16-9 wp-has-aspect-ratio\"><div class=\"wp-block-embed__wrapper\">\n<iframe loading=\"lazy\" title=\"Anuncian cartelera de MMA en RD con tres t\u00edtulos en disputa de artes marciales mixtas\" width=\"616\" height=\"347\" src=\"https:\/\/www.youtube.com\/embed\/aflGj_spzlM?feature=oembed\" frameborder=\"0\" allow=\"accelerometer; autoplay; clipboard-write; encrypted-media; gyroscope; picture-in-picture; web-share\" referrerpolicy=\"strict-origin-when-cross-origin\" allowfullscreen><\/iframe>\n<\/div><\/figure>\n\n\n\n<p>twittermdeportesrd@gmail.com<\/p>\n\n\n\n<p><\/p>\n","protected":false},"excerpt":{"rendered":"<p>Domingo Dauhajre,director ejecutivo de la promotora dominicana Fighting Force, ofrece detalles del evento internacional de MMA, a celebrarse en Santo Domingo, acompa\u00f1ado de autoridades y peleadores. \u201cTiki\u201d Acevedo e \u201cHierro\u201d Sosa protagonizar\u00e1n la pelea estelar Video:&nbsp;https:\/\/youtube.com\/watch?v=aflGj_spzlM&amp;feature=share8 \u201cTiki\u201d Acevedo e \u201cHierro\u201d Sosa protagonizar\u00e1n la pelea estelar La promotora dominicana de combates de artes marciales mixtas (MMA) [&hellip;]<\/p>\n","protected":false},"author":28,"featured_media":461929,"comment_status":"closed","ping_status":"","sticky":true,"template":"","format":"standard","meta":{"footnotes":""},"categories":[17,27,32],"tags":[],"class_list":["post-461928","post","type-post","status-publish","format-standard","has-post-thumbnail","hentry","category-deportes","category-portada","category-turismo"],"_links":{"self":[{"href":"https:\/\/diariodominicano.com\/index.php?rest_route=\/wp\/v2\/posts\/461928","targetHints":{"allow":["GET"]}}],"collection":[{"href":"https:\/\/diariodominicano.com\/index.php?rest_route=\/wp\/v2\/posts"}],"about":[{"href":"https:\/\/diariodominicano.com\/index.php?rest_route=\/wp\/v2\/types\/post"}],"author":[{"embeddable":true,"href":"https:\/\/diariodominicano.com\/index.php?rest_route=\/wp\/v2\/users\/28"}],"replies":[{"embeddable":true,"href":"https:\/\/diariodominicano.com\/index.php?rest_route=%2Fwp%2Fv2%2Fcomments&post=461928"}],"version-history":[{"count":4,"href":"https:\/\/diariodominicano.com\/index.php?rest_route=\/wp\/v2\/posts\/461928\/revisions"}],"predecessor-version":[{"id":461936,"href":"https:\/\/diariodominicano.com\/index.php?rest_route=\/wp\/v2\/posts\/461928\/revisions\/461936"}],"wp:featuredmedia":[{"embeddable":true,"href":"https:\/\/diariodominicano.com\/index.php?rest_route=\/wp\/v2\/media\/461929"}],"wp:attachment":[{"href":"https:\/\/diariodominicano.com\/index.php?rest_route=%2Fwp%2Fv2%2Fmedia&parent=461928"}],"wp:term":[{"taxonomy":"category","embeddable":true,"href":"https:\/\/diariodominicano.com\/index.php?rest_route=%2Fwp%2Fv2%2Fcategories&post=461928"},{"taxonomy":"post_tag","embeddable":true,"href":"https:\/\/diariodominicano.com\/index.php?rest_route=%2Fwp%2Fv2%2Ftags&post=461928"}],"curies":[{"name":"wp","href":"https:\/\/api.w.org\/{rel}","templated":true}]}}