{"id":461784,"date":"2023-08-07T23:39:41","date_gmt":"2023-08-08T03:39:41","guid":{"rendered":"http:\/\/diariodominicano.com\/?p=461784"},"modified":"2023-08-08T12:15:06","modified_gmt":"2023-08-08T16:15:06","slug":"pelegrin-castillo-en-haiti-nadie-puede-hacerse-el-tonto","status":"publish","type":"post","link":"https:\/\/diariodominicano.com\/?p=461784","title":{"rendered":"Pelegr\u00edn Castillo: \u201cEn Hait\u00ed nadie puede hacerse el tonto\u201d"},"content":{"rendered":"\n<p>Pelegr\u00edn Castillo<\/p>\n\n\n\n<p><em>Sobre la fuerza de apoyo a Hait\u00ed: \u201cLo importante es que juegue un mejor papel que la fuerza latinoamericana que estuvo en ese pa\u00eds por muchos a\u00f1os\u201d<\/em><\/p>\n\n\n\n<p><strong>Santo Domingo.-&nbsp;<\/strong>Pelegr\u00edn Castillo, vicepresidente de la Fuerza Nacional Progresista (FNP) e integrante de la comisi\u00f3n designada por el gobierno para abordar el impacto de la crisis haitiana en el pa\u00eds, afirm\u00f3 que \u00e9l ha venido denunciando que en Hait\u00ed nadie puede hacerse el tonto porque se est\u00e1 montando un escenario de guerra civil.<\/p>\n\n\n\n<p>\u201cSi ese escenario de guerra civil estalla, uno de los objetivos va a ser tratar de que la crisis desborde la frontera y venga hacia la Rep\u00fablica Dominicana\u201d, expres\u00f3 Castillo.<\/p>\n\n\n\n<p>Si en el pa\u00eds hay resistencia a lo que ser\u00eda una imposici\u00f3n de facto de la soluci\u00f3n dominicana al problema haitiano, entonces vendr\u00eda una ofensiva de intervenci\u00f3n internacional, indic\u00f3 el destacado pol\u00edtico al ser entrevistado en el programa Toque Final con Julio Mart\u00ednez Pozo que se transmite por Antena 7.&nbsp;<\/p>\n\n\n\n<p>\u201cTenemos que defendernos nosotros porque la pol\u00edtica de la administraci\u00f3n Biden, concretamente a nivel del Departamento de Estado y del Consejo de Seguridad Nacional, tiene un abordaje del tema que no es conveniente para la Rep\u00fablica Dominicana. En el Congreso americano tenemos gente receptiva que ha sido aliada, que nos han dado respaldo y que esperamos nos sigan respaldando para evitar lo que se constituir\u00eda un gran crimen internacional\u201d, precis\u00f3.<\/p>\n\n\n\n<p>Destac\u00f3, adem\u00e1s, que lo ha advertido y con mucha claridad, que el pueblo dominicano no va a aceptar que se quieran resolver los problemas haitianos a expensas del pa\u00eds, ya que, a su entender, existe demasiada carga, demasiados compromisos se han asumido y parece que lo interpretan mal al creer que desde la Rep\u00fablica Dominicano se pueden seguir haciendo cargo.<\/p>\n\n\n\n<p>En tanto, Castillo manifest\u00f3 que lo importante es que la fuerza multinacional de apoyo a Hait\u00ed que venga de \u00c1frica juegue un mejor papel que la fuerza latinoamericana que estuvo en ese pa\u00eds por muchos a\u00f1os y que ha quedado bastante escarmentada.<\/p>\n\n\n\n<p>Explic\u00f3 que uno de los peligros planteados es que los grupos m\u00e1s radicales de la pol\u00edtica haitiana tienen v\u00ednculos m\u00e1s estrechos con los pa\u00edses africanos. \u201cEsa fuerza viene a pacificar, pero tambi\u00e9n a ser clave para la celebraci\u00f3n de elecciones. Hay que tener cuidado de que eventualmente en el proceso pol\u00edtico interno de Hait\u00ed sea lo m\u00e1s neutral posible y no favorezca opciones que puedan generar escenarios de m\u00e1s conflictos\u201d, destac\u00f3.<\/p>\n\n\n\n<p>Tambi\u00e9n consider\u00f3 que, lo ideal ser\u00eda que fuera un pa\u00eds del continente que genere un nivel de confianza en el liderazgo haitiano, tanto en el Gobierno como en la oposici\u00f3n y que sea aceptado por la mayor\u00eda de los pa\u00edses del continente.<\/p>\n\n\n\n<p>Prog. TOQUE FINAL Mart\u00ednez Pozo<a target=\"_blank\" href=\"mailto:toquefinaljmp@gmail.com\" rel=\"noreferrer noopener\">toquefinaljmp@gmail.com<\/a><\/p>\n\n\n\n<p><strong>Prog. Toque Final<\/strong><strong>Julio Mart\u00ednez Pozo<\/strong><strong>Domingos de 11.00 a 12.00 p.m.<\/strong><strong>Antena 7<\/strong><\/p>\n","protected":false},"excerpt":{"rendered":"<p>Pelegr\u00edn Castillo Sobre la fuerza de apoyo a Hait\u00ed: \u201cLo importante es que juegue un mejor papel que la fuerza latinoamericana que estuvo en ese pa\u00eds por muchos a\u00f1os\u201d Santo Domingo.-&nbsp;Pelegr\u00edn Castillo, vicepresidente de la Fuerza Nacional Progresista (FNP) e integrante de la comisi\u00f3n designada por el gobierno para abordar el impacto de la crisis [&hellip;]<\/p>\n","protected":false},"author":28,"featured_media":461785,"comment_status":"closed","ping_status":"","sticky":true,"template":"","format":"standard","meta":{"footnotes":""},"categories":[20,112,22,27],"tags":[],"class_list":["post-461784","post","type-post","status-publish","format-standard","has-post-thumbnail","hentry","category-dominicana-hoy","category-haiti","category-politica","category-portada"],"_links":{"self":[{"href":"https:\/\/diariodominicano.com\/index.php?rest_route=\/wp\/v2\/posts\/461784","targetHints":{"allow":["GET"]}}],"collection":[{"href":"https:\/\/diariodominicano.com\/index.php?rest_route=\/wp\/v2\/posts"}],"about":[{"href":"https:\/\/diariodominicano.com\/index.php?rest_route=\/wp\/v2\/types\/post"}],"author":[{"embeddable":true,"href":"https:\/\/diariodominicano.com\/index.php?rest_route=\/wp\/v2\/users\/28"}],"replies":[{"embeddable":true,"href":"https:\/\/diariodominicano.com\/index.php?rest_route=%2Fwp%2Fv2%2Fcomments&post=461784"}],"version-history":[{"count":2,"href":"https:\/\/diariodominicano.com\/index.php?rest_route=\/wp\/v2\/posts\/461784\/revisions"}],"predecessor-version":[{"id":461788,"href":"https:\/\/diariodominicano.com\/index.php?rest_route=\/wp\/v2\/posts\/461784\/revisions\/461788"}],"wp:featuredmedia":[{"embeddable":true,"href":"https:\/\/diariodominicano.com\/index.php?rest_route=\/wp\/v2\/media\/461785"}],"wp:attachment":[{"href":"https:\/\/diariodominicano.com\/index.php?rest_route=%2Fwp%2Fv2%2Fmedia&parent=461784"}],"wp:term":[{"taxonomy":"category","embeddable":true,"href":"https:\/\/diariodominicano.com\/index.php?rest_route=%2Fwp%2Fv2%2Fcategories&post=461784"},{"taxonomy":"post_tag","embeddable":true,"href":"https:\/\/diariodominicano.com\/index.php?rest_route=%2Fwp%2Fv2%2Ftags&post=461784"}],"curies":[{"name":"wp","href":"https:\/\/api.w.org\/{rel}","templated":true}]}}