{"id":461759,"date":"2023-08-07T23:12:46","date_gmt":"2023-08-08T03:12:46","guid":{"rendered":"http:\/\/diariodominicano.com\/?p=461759"},"modified":"2023-08-08T12:18:49","modified_gmt":"2023-08-08T16:18:49","slug":"el-jardin-botanico-nacional-dr-rafael-m-moscoso-recibio-una-donacion-de-imagenes-digitales-por-parte-del-arq-pedro-jose-borrell-bentz","status":"publish","type":"post","link":"https:\/\/diariodominicano.com\/?p=461759","title":{"rendered":"El Jard\u00edn Bot\u00e1nico Nacional Dr. Rafael M. Moscoso  recibi\u00f3 una  donaci\u00f3n de im\u00e1genes digitales por parte del Arq. Pedro Jos\u00e9 Borrell Bentz"},"content":{"rendered":"\n<p> La donaci\u00f3n fue recibida por el director general del JBN, Pedro Su\u00e1rez, quien se hizo acompa\u00f1ar de la encargada de Comunicaciones, Michell Cosme y el encargado de Cultivo&nbsp;<em>In Vitro<\/em>&nbsp;Zoilo Richardson.<\/p>\n\n\n\n<figure class=\"wp-block-image size-large\"><img loading=\"lazy\" decoding=\"async\" width=\"1024\" height=\"1024\" src=\"https:\/\/diariodominicano.com\/wp-content\/uploads\/2023\/08\/1150892-1024x1024.jpg\" alt=\"\" class=\"wp-image-461762\" srcset=\"https:\/\/diariodominicano.com\/wp-content\/uploads\/2023\/08\/1150892-1024x1024.jpg 1024w, https:\/\/diariodominicano.com\/wp-content\/uploads\/2023\/08\/1150892-300x300.jpg 300w, https:\/\/diariodominicano.com\/wp-content\/uploads\/2023\/08\/1150892-150x150.jpg 150w, https:\/\/diariodominicano.com\/wp-content\/uploads\/2023\/08\/1150892-768x768.jpg 768w, https:\/\/diariodominicano.com\/wp-content\/uploads\/2023\/08\/1150892-1536x1536.jpg 1536w, https:\/\/diariodominicano.com\/wp-content\/uploads\/2023\/08\/1150892-2048x2048.jpg 2048w, https:\/\/diariodominicano.com\/wp-content\/uploads\/2023\/08\/1150892-88x88.jpg 88w, https:\/\/diariodominicano.com\/wp-content\/uploads\/2023\/08\/1150892-816x816.jpg 816w\" sizes=\"auto, (max-width: 1024px) 100vw, 1024px\" \/><\/figure>\n\n\n\n<p>El Jard\u00edn Bot\u00e1nico Nacional Dr. Rafael M. Moscoso (JBN), recibi\u00f3 una importante donaci\u00f3n de im\u00e1genes digitales por parte del Arquitecto  Pedro Jos\u00e9 Borrell Bentz, con el objetivo de sensibilizar a la sociedad a trav\u00e9s de im\u00e1genes sobre la importancia de conservar la flora del JBN y del pa\u00eds en sentido general, cumpliendo la misi\u00f3n de la instituci\u00f3n, que consiste en promover la conservaci\u00f3n, estudio y difusi\u00f3n de la flora dominicana.<\/p>\n\n\n\n<p>Esta donaci\u00f3n fue recibida por el director general del JBN, Pedro Su\u00e1rez, quien se hizo acompa\u00f1ar de la encargada de Comunicaciones, Michell Cosme y el encargado de Cultivo&nbsp;<em>In Vitro<\/em>&nbsp;Zoilo Richardson, quienes expresaron gratitud al recibir tan importante material fotogr\u00e1fico, que viene a realzar la belleza, pero sobre todo el rol tan importante que desempe\u00f1an los Jardines Bot\u00e1nicos en el pa\u00eds.&nbsp;<\/p>\n\n\n\n<figure class=\"wp-block-image size-large\"><img loading=\"lazy\" decoding=\"async\" width=\"1024\" height=\"683\" src=\"https:\/\/diariodominicano.com\/wp-content\/uploads\/2023\/08\/DENDROBIUM-1024x683.jpg\" alt=\"\" class=\"wp-image-461765\" srcset=\"https:\/\/diariodominicano.com\/wp-content\/uploads\/2023\/08\/DENDROBIUM-1024x683.jpg 1024w, https:\/\/diariodominicano.com\/wp-content\/uploads\/2023\/08\/DENDROBIUM-300x200.jpg 300w, https:\/\/diariodominicano.com\/wp-content\/uploads\/2023\/08\/DENDROBIUM-768x512.jpg 768w, https:\/\/diariodominicano.com\/wp-content\/uploads\/2023\/08\/DENDROBIUM-1536x1024.jpg 1536w, https:\/\/diariodominicano.com\/wp-content\/uploads\/2023\/08\/DENDROBIUM-2048x1365.jpg 2048w, https:\/\/diariodominicano.com\/wp-content\/uploads\/2023\/08\/DENDROBIUM-816x544.jpg 816w\" sizes=\"auto, (max-width: 1024px) 100vw, 1024px\" \/><\/figure>\n\n\n\n<p>Borrell, quien es un asiduo visitante de la instituci\u00f3n, y a la vez, ha dedicado gran parte de su tiempo al cuidado y protecci\u00f3n del medio ambiente, en medio del confinamiento provocado por la pandemia generada por la Covid-19, reanud\u00f3 despu\u00e9s de m\u00e1s de 20 a\u00f1os su caminata matutina por las instalaciones del JBN, y maravillado por la gran variedad de flora existente en el lugar, aprovech\u00f3 esas rondas matinales para captar grandiosas im\u00e1genes fotogr\u00e1ficas de las plantas y la diversas \u00e1reas que componen el Gran Pulm\u00f3n de Santo Domingo, lo que comenz\u00f3 a despertar en \u00e9l, el deseo de donar su vasta colecci\u00f3n de im\u00e1genes digitales de \u00e1rboles y flores existentes en el lugar.<\/p>\n\n\n\n<figure class=\"wp-block-image size-large\"><img loading=\"lazy\" decoding=\"async\" width=\"1024\" height=\"1024\" src=\"https:\/\/diariodominicano.com\/wp-content\/uploads\/2023\/08\/1160108-1024x1024.jpg\" alt=\"\" class=\"wp-image-461766\" srcset=\"https:\/\/diariodominicano.com\/wp-content\/uploads\/2023\/08\/1160108-1024x1024.jpg 1024w, https:\/\/diariodominicano.com\/wp-content\/uploads\/2023\/08\/1160108-300x300.jpg 300w, https:\/\/diariodominicano.com\/wp-content\/uploads\/2023\/08\/1160108-150x150.jpg 150w, https:\/\/diariodominicano.com\/wp-content\/uploads\/2023\/08\/1160108-768x768.jpg 768w, https:\/\/diariodominicano.com\/wp-content\/uploads\/2023\/08\/1160108-1536x1536.jpg 1536w, https:\/\/diariodominicano.com\/wp-content\/uploads\/2023\/08\/1160108-2048x2048.jpg 2048w, https:\/\/diariodominicano.com\/wp-content\/uploads\/2023\/08\/1160108-88x88.jpg 88w, https:\/\/diariodominicano.com\/wp-content\/uploads\/2023\/08\/1160108-816x816.jpg 816w\" sizes=\"auto, (max-width: 1024px) 100vw, 1024px\" \/><\/figure>\n\n\n\n<figure class=\"wp-block-image size-large is-resized\"><img loading=\"lazy\" decoding=\"async\" src=\"https:\/\/diariodominicano.com\/wp-content\/uploads\/2023\/08\/MARIPOSARIO-1024x1024.jpg\" alt=\"\" class=\"wp-image-461768\" width=\"613\" height=\"613\" srcset=\"https:\/\/diariodominicano.com\/wp-content\/uploads\/2023\/08\/MARIPOSARIO-1024x1024.jpg 1024w, https:\/\/diariodominicano.com\/wp-content\/uploads\/2023\/08\/MARIPOSARIO-300x300.jpg 300w, https:\/\/diariodominicano.com\/wp-content\/uploads\/2023\/08\/MARIPOSARIO-150x150.jpg 150w, https:\/\/diariodominicano.com\/wp-content\/uploads\/2023\/08\/MARIPOSARIO-768x768.jpg 768w, https:\/\/diariodominicano.com\/wp-content\/uploads\/2023\/08\/MARIPOSARIO-1536x1536.jpg 1536w, https:\/\/diariodominicano.com\/wp-content\/uploads\/2023\/08\/MARIPOSARIO-2048x2048.jpg 2048w, https:\/\/diariodominicano.com\/wp-content\/uploads\/2023\/08\/MARIPOSARIO-88x88.jpg 88w, https:\/\/diariodominicano.com\/wp-content\/uploads\/2023\/08\/MARIPOSARIO-816x816.jpg 816w\" sizes=\"auto, (max-width: 613px) 100vw, 613px\" \/><figcaption>Mariposario<\/figcaption><\/figure>\n\n\n\n<p>El material fotogr\u00e1fico consta de m\u00e1s de 60,000 im\u00e1genes digitales, tanto del Jard\u00edn Bot\u00e1nico Nacional, como de otros espacios y parques de la ciudad. Parte de la colecci\u00f3n est\u00e1 conformada por 30,074 fotos de \u00e1reas tales como: plantas acu\u00e1ticas y bromelias, el Sendero de los Sentidos, Sendero Educativo, flores, \u00e1rboles frutales entre otros.<\/p>\n\n\n\n<p>Esta donaci\u00f3n estipula la autorizaci\u00f3n por parte del arquitecto para que la instituci\u00f3n, haga uso de las im\u00e1genes en publicaciones para las redes sociales, p\u00e1gina web y base de datos de acceso p\u00fablico, respetando siempre el derecho de autor. De igual manera, podr\u00e1 cederla a otras organizaciones, escuelas, acad\u00e9micos y estudiantes que las soliciten. As\u00ed mismo, el autor cede los derechos comerciales de las im\u00e1genes a la instituci\u00f3n, renunciando a cualquier tipo de retribuci\u00f3n, pasando a beneficio de la misma, los fondos generados por este concepto.<\/p>\n\n\n\n<p>De su parte Borrell, tiene los derechos para la publicaci\u00f3n de un libro con una parte de las im\u00e1genes, especificando siempre que pertenece a la colecci\u00f3n del Jard\u00edn Bot\u00e1nico Nacional.<\/p>\n\n\n\n<p><strong>Sobre Pedro Borrell Bentz<\/strong><\/p>\n\n\n\n<p>Se ha distinguido en el campo de la fotograf\u00eda, arqueolog\u00eda submarina y en dar a conocer las riquezas naturales, tanto terrestres como marinas, que tiene el pa\u00eds. Es miembro fundador del Grupo Fotogr\u00e1fico Jueves 68, agrupaci\u00f3n pionera en el impulso de la fotograf\u00eda art\u00edstica. Sus fotograf\u00edas han sido publicadas en diversos libros y peri\u00f3dicos, entre ellos Saturday Review, Selecciones, Geomundo, etc. Sus im\u00e1genes ilustran numerosos libros: Geograf\u00eda Dominicana, Geograf\u00eda Dominicana para Bachillerato, Enciclopedia Dominicana (ocho vol\u00famenes), Investigaciones en Beata y Alto Velo, Alpinismo en Santo Domingo y Pictograf\u00edas del Museo del Hombre. Es coautor de las fotos de los libros Arte Ta\u00edno, publicado por el Banco Central y de Rep\u00fablica Dominicana: Paisaje-Cultura.<\/p>\n\n\n\n<p>Por muchos a\u00f1os fue articulista del suplemento sabatino del peri\u00f3dico List\u00edn Diario, donde escrib\u00eda sobre temas de medio ambiente, flora y fauna, turismo, arqueolog\u00eda y biolog\u00eda marina. Adem\u00e1s, ha sido colaborador del Museo del Hombre Dominicano, del Jard\u00edn Bot\u00e1nico Nacional, del Museo de Historia y Geograf\u00eda y del Museo de las Casas Reales. Fue presidente del Patronato del Acuario Nacional desde su inauguraci\u00f3n en 1989 hasta el 2006. Tambi\u00e9n, fue miembro del Patronato del Parque Mirador Norte del a\u00f1o 1996 al 2004 y vicepresidente de la Fundaci\u00f3n Natura, instituci\u00f3n creada para la preservaci\u00f3n y protecci\u00f3n del medio ambiente, desde 1981 al 1987. Fue miembro de la Comisi\u00f3n Nacional de Saneamiento Ecol\u00f3gico y de la Comisi\u00f3n Nacional para el Medio Ambiente, ambas dependencias de la Presidencia de la Rep\u00fablica. Miembro de la Comisi\u00f3n de Eco-Turismo de la Secretar\u00eda de Estado de Turismo. En 1993 se le otorga el premio Loyola, por sus aportes cient\u00edficos a la comunidad nacional.<\/p>\n\n\n\n<p>En julio del 2022 don\u00f3 a la Fundaci\u00f3n Erwin Walter Palm, su colecci\u00f3n fotogr\u00e1fica sobre edificios hist\u00f3ricos de la Rep\u00fablica Dominicana, con el objetivo de que esa fundaci\u00f3n conserve y divulgue ese patrimonio cultural y lo haga accesible al p\u00fablico. Esa compilaci\u00f3n agrupa m\u00e1s de 7,000 im\u00e1genes de la Ciudad Colonial.<\/p>\n\n\n\n<p>Relaciones P\u00fablicas JBN<a target=\"_blank\" href=\"mailto:relacionespublicas@jbn.gob.do\" rel=\"noreferrer noopener\">relacionespublicas@jbn.gob.do<\/a><\/p>\n","protected":false},"excerpt":{"rendered":"<p>La donaci\u00f3n fue recibida por el director general del JBN, Pedro Su\u00e1rez, quien se hizo acompa\u00f1ar de la encargada de Comunicaciones, Michell Cosme y el encargado de Cultivo&nbsp;In Vitro&nbsp;Zoilo Richardson. El Jard\u00edn Bot\u00e1nico Nacional Dr. Rafael M. Moscoso (JBN), recibi\u00f3 una importante donaci\u00f3n de im\u00e1genes digitales por parte del Arquitecto Pedro Jos\u00e9 Borrell Bentz, con [&hellip;]<\/p>\n","protected":false},"author":28,"featured_media":461760,"comment_status":"closed","ping_status":"","sticky":true,"template":"","format":"standard","meta":{"footnotes":""},"categories":[20,27,32],"tags":[],"class_list":["post-461759","post","type-post","status-publish","format-standard","has-post-thumbnail","hentry","category-dominicana-hoy","category-portada","category-turismo"],"_links":{"self":[{"href":"https:\/\/diariodominicano.com\/index.php?rest_route=\/wp\/v2\/posts\/461759","targetHints":{"allow":["GET"]}}],"collection":[{"href":"https:\/\/diariodominicano.com\/index.php?rest_route=\/wp\/v2\/posts"}],"about":[{"href":"https:\/\/diariodominicano.com\/index.php?rest_route=\/wp\/v2\/types\/post"}],"author":[{"embeddable":true,"href":"https:\/\/diariodominicano.com\/index.php?rest_route=\/wp\/v2\/users\/28"}],"replies":[{"embeddable":true,"href":"https:\/\/diariodominicano.com\/index.php?rest_route=%2Fwp%2Fv2%2Fcomments&post=461759"}],"version-history":[{"count":6,"href":"https:\/\/diariodominicano.com\/index.php?rest_route=\/wp\/v2\/posts\/461759\/revisions"}],"predecessor-version":[{"id":461839,"href":"https:\/\/diariodominicano.com\/index.php?rest_route=\/wp\/v2\/posts\/461759\/revisions\/461839"}],"wp:featuredmedia":[{"embeddable":true,"href":"https:\/\/diariodominicano.com\/index.php?rest_route=\/wp\/v2\/media\/461760"}],"wp:attachment":[{"href":"https:\/\/diariodominicano.com\/index.php?rest_route=%2Fwp%2Fv2%2Fmedia&parent=461759"}],"wp:term":[{"taxonomy":"category","embeddable":true,"href":"https:\/\/diariodominicano.com\/index.php?rest_route=%2Fwp%2Fv2%2Fcategories&post=461759"},{"taxonomy":"post_tag","embeddable":true,"href":"https:\/\/diariodominicano.com\/index.php?rest_route=%2Fwp%2Fv2%2Ftags&post=461759"}],"curies":[{"name":"wp","href":"https:\/\/api.w.org\/{rel}","templated":true}]}}