{"id":461742,"date":"2023-08-07T22:38:55","date_gmt":"2023-08-08T02:38:55","guid":{"rendered":"http:\/\/diariodominicano.com\/?p=461742"},"modified":"2023-08-07T22:48:58","modified_gmt":"2023-08-08T02:48:58","slug":"orquesta-sinfonica-nacional-ofrecera-este-jueves-10-de-agosto-el-primer-concierto-de-su-temporada-2023","status":"publish","type":"post","link":"https:\/\/diariodominicano.com\/?p=461742","title":{"rendered":"Orquesta Sinf\u00f3nica Nacional ofrecer\u00e1 este jueves 10 de agosto el primer concierto de su \u00b4&#8217;Temporada 2023&#8242;"},"content":{"rendered":"\n<p> El maestro Jos\u00e9 Antonio Molina.\u00a0\u00a0 <\/p>\n\n\n\n<figure class=\"wp-block-image size-full\"><img loading=\"lazy\" decoding=\"async\" width=\"740\" height=\"400\" src=\"https:\/\/diariodominicano.com\/wp-content\/uploads\/2023\/08\/2.-El-maestro-Jose-Antonio-Molina..jpg\" alt=\"\" class=\"wp-image-461744\" srcset=\"https:\/\/diariodominicano.com\/wp-content\/uploads\/2023\/08\/2.-El-maestro-Jose-Antonio-Molina..jpg 740w, https:\/\/diariodominicano.com\/wp-content\/uploads\/2023\/08\/2.-El-maestro-Jose-Antonio-Molina.-300x162.jpg 300w\" sizes=\"auto, (max-width: 740px) 100vw, 740px\" \/><figcaption>  El maestro Jos\u00e9 Antonio Molina.\u00a0\u00a0  <\/figcaption><\/figure>\n\n\n\n<p><em>Este concierto pautado para las 8:00 p.m., se enmarca dentro del 50 aniversario del Teatro&nbsp;Nacional,&nbsp;y contar\u00e1 con la participaci\u00f3n de la soprano Nathalie Pe\u00f1a-Comas, la mezzosoprano Glenmer P\u00e9rez; el tenor Tuomas Katajala y el bar\u00edtono G\u00fcnter Haumer, de Rep\u00fablica Dominicana, Finlandia y Austria, respectivamente.<\/em><strong><\/strong><em><\/em><\/p>\n\n\n\n<p><strong>Santo Domingo, agosto 2023.&nbsp;<\/strong>La Orquesta Sinf\u00f3nica Nacional realizar\u00e1 el primer concierto en el marco de su \u00b4Temporada 2023\u00b4, este jueves 10 de agosto, a las 8:00 de la noche, en la sala principal del Teatro Nacional.<\/p>\n\n\n\n<p>Con la direcci\u00f3n del maestro Jos\u00e9 Antonio Molina en este recital el p\u00fablico disfrutar\u00e1la obra monumental de uno de los compositores cl\u00e1sicos m\u00e1s influyentes de la historia universal; Ludwig van Beethoven.<\/p>\n\n\n\n<figure class=\"wp-block-image size-large\"><img loading=\"lazy\" decoding=\"async\" width=\"1024\" height=\"680\" src=\"https:\/\/diariodominicano.com\/wp-content\/uploads\/2023\/08\/3.-Nathalie-Pena-Comas.-1024x680.jpg\" alt=\"\" class=\"wp-image-461746\" srcset=\"https:\/\/diariodominicano.com\/wp-content\/uploads\/2023\/08\/3.-Nathalie-Pena-Comas.-1024x680.jpg 1024w, https:\/\/diariodominicano.com\/wp-content\/uploads\/2023\/08\/3.-Nathalie-Pena-Comas.-300x199.jpg 300w, https:\/\/diariodominicano.com\/wp-content\/uploads\/2023\/08\/3.-Nathalie-Pena-Comas.-768x510.jpg 768w, https:\/\/diariodominicano.com\/wp-content\/uploads\/2023\/08\/3.-Nathalie-Pena-Comas.-1536x1020.jpg 1536w, https:\/\/diariodominicano.com\/wp-content\/uploads\/2023\/08\/3.-Nathalie-Pena-Comas.-816x542.jpg 816w, https:\/\/diariodominicano.com\/wp-content\/uploads\/2023\/08\/3.-Nathalie-Pena-Comas..jpg 1600w\" sizes=\"auto, (max-width: 1024px) 100vw, 1024px\" \/><figcaption> La soprano Nathalie Pe\u00f1a-Comas <\/figcaption><\/figure>\n\n\n\n<p>Esa noche, y con direcci\u00f3n del maestro Jos\u00e9 Antonio Molina, la Orquesta Sinf\u00f3nica Nacional y el Coro del 50 aniversario del Teatro Nacional conformado m\u00e1s de 100 voces interpretar\u00e1n su maravillosa obra. Por igual, estrellas de la \u00f3pera nacional e internacional interpretar\u00e1n las sinfon\u00edas del compositor, director de orquesta y pianista alem\u00e1n. <\/p>\n\n\n\n<figure class=\"wp-block-image size-full\"><img loading=\"lazy\" decoding=\"async\" width=\"760\" height=\"760\" src=\"https:\/\/diariodominicano.com\/wp-content\/uploads\/2023\/08\/4.-Glenmer-Perez..jpg\" alt=\"\" class=\"wp-image-461748\" srcset=\"https:\/\/diariodominicano.com\/wp-content\/uploads\/2023\/08\/4.-Glenmer-Perez..jpg 760w, https:\/\/diariodominicano.com\/wp-content\/uploads\/2023\/08\/4.-Glenmer-Perez.-300x300.jpg 300w, https:\/\/diariodominicano.com\/wp-content\/uploads\/2023\/08\/4.-Glenmer-Perez.-150x150.jpg 150w, https:\/\/diariodominicano.com\/wp-content\/uploads\/2023\/08\/4.-Glenmer-Perez.-88x88.jpg 88w\" sizes=\"auto, (max-width: 760px) 100vw, 760px\" \/><figcaption> Glenmer P\u00e9rez.  <\/figcaption><\/figure>\n\n\n\n<p> <\/p>\n\n\n\n<p>De Rep\u00fablica Dominicana, la soprano Nathalie Pe\u00f1a-Comas y la mezzosoprano Glenmer P\u00e9rez. Tambi\u00e9n, engalanar\u00e1n este escenario el tenor Tuomas Katajala, de Finlandia; el bar\u00edtono G\u00fcnter Haumer, de Austria.<\/p>\n\n\n\n<p>\u201cLes invitamos a unirse a la celebraci\u00f3n de este 50 aniversario del Teatro Nacional Eduardo Brito asistiendo a este concierto inaugural de nuestra Temporada Sinf\u00f3nica\u201d, expres\u00f3 el maestro Jos\u00e9 Antonio Molina.<\/p>\n\n\n\n<p>Mar\u00eda Mercedes<a target=\"_blank\" href=\"mailto:sonrie210@yahoo.es\" rel=\"noreferrer noopener\">sonrie210@yahoo.es<\/a><\/p>\n","protected":false},"excerpt":{"rendered":"<p>El maestro Jos\u00e9 Antonio Molina.\u00a0\u00a0 Este concierto pautado para las 8:00 p.m., se enmarca dentro del 50 aniversario del Teatro&nbsp;Nacional,&nbsp;y contar\u00e1 con la participaci\u00f3n de la soprano Nathalie Pe\u00f1a-Comas, la mezzosoprano Glenmer P\u00e9rez; el tenor Tuomas Katajala y el bar\u00edtono G\u00fcnter Haumer, de Rep\u00fablica Dominicana, Finlandia y Austria, respectivamente. Santo Domingo, agosto 2023.&nbsp;La Orquesta Sinf\u00f3nica [&hellip;]<\/p>\n","protected":false},"author":28,"featured_media":461743,"comment_status":"closed","ping_status":"","sticky":true,"template":"","format":"standard","meta":{"footnotes":""},"categories":[21,36,27,32],"tags":[],"class_list":["post-461742","post","type-post","status-publish","format-standard","has-post-thumbnail","hentry","category-cultura","category-hombresmujeresycosas","category-portada","category-turismo"],"_links":{"self":[{"href":"https:\/\/diariodominicano.com\/index.php?rest_route=\/wp\/v2\/posts\/461742","targetHints":{"allow":["GET"]}}],"collection":[{"href":"https:\/\/diariodominicano.com\/index.php?rest_route=\/wp\/v2\/posts"}],"about":[{"href":"https:\/\/diariodominicano.com\/index.php?rest_route=\/wp\/v2\/types\/post"}],"author":[{"embeddable":true,"href":"https:\/\/diariodominicano.com\/index.php?rest_route=\/wp\/v2\/users\/28"}],"replies":[{"embeddable":true,"href":"https:\/\/diariodominicano.com\/index.php?rest_route=%2Fwp%2Fv2%2Fcomments&post=461742"}],"version-history":[{"count":3,"href":"https:\/\/diariodominicano.com\/index.php?rest_route=\/wp\/v2\/posts\/461742\/revisions"}],"predecessor-version":[{"id":461749,"href":"https:\/\/diariodominicano.com\/index.php?rest_route=\/wp\/v2\/posts\/461742\/revisions\/461749"}],"wp:featuredmedia":[{"embeddable":true,"href":"https:\/\/diariodominicano.com\/index.php?rest_route=\/wp\/v2\/media\/461743"}],"wp:attachment":[{"href":"https:\/\/diariodominicano.com\/index.php?rest_route=%2Fwp%2Fv2%2Fmedia&parent=461742"}],"wp:term":[{"taxonomy":"category","embeddable":true,"href":"https:\/\/diariodominicano.com\/index.php?rest_route=%2Fwp%2Fv2%2Fcategories&post=461742"},{"taxonomy":"post_tag","embeddable":true,"href":"https:\/\/diariodominicano.com\/index.php?rest_route=%2Fwp%2Fv2%2Ftags&post=461742"}],"curies":[{"name":"wp","href":"https:\/\/api.w.org\/{rel}","templated":true}]}}