{"id":461695,"date":"2023-08-07T20:45:04","date_gmt":"2023-08-08T00:45:04","guid":{"rendered":"http:\/\/diariodominicano.com\/?p=461695"},"modified":"2023-08-07T20:47:56","modified_gmt":"2023-08-08T00:47:56","slug":"dominicana-batallo-con-garra-en-derrota-ante-panama-en-el-u15","status":"publish","type":"post","link":"https:\/\/diariodominicano.com\/?p=461695","title":{"rendered":"Dominicana batall\u00f3 con garra en derrota ante Panam\u00e1 en el U15"},"content":{"rendered":"\n<p>SANTO DOMINGO, RD.- La selecci\u00f3n dominicana de f\u00fatbol sucumbi\u00f3 tres por uno este lunes ante Panam\u00e1 en lo que fue su segunda presentaci\u00f3n en el Campeonato U15 de Concacaf 2023 que se lleva a cabo en el pa\u00eds. El duelo se llev\u00f3 a cabo en el Estadio Ol\u00edmpico F\u00e9lix S\u00e1nchez de Santo Domingo. El conjunto patrio cerrar\u00e1 su participaci\u00f3n en el certamen este martes ante Guatemala.<\/p>\n\n\n\n<figure class=\"wp-block-image size-large\"><img loading=\"lazy\" decoding=\"async\" width=\"1024\" height=\"682\" src=\"https:\/\/diariodominicano.com\/wp-content\/uploads\/2023\/08\/photo1691443390-4-1024x682.jpeg\" alt=\"\" class=\"wp-image-461697\" srcset=\"https:\/\/diariodominicano.com\/wp-content\/uploads\/2023\/08\/photo1691443390-4-1024x682.jpeg 1024w, https:\/\/diariodominicano.com\/wp-content\/uploads\/2023\/08\/photo1691443390-4-300x200.jpeg 300w, https:\/\/diariodominicano.com\/wp-content\/uploads\/2023\/08\/photo1691443390-4-768x512.jpeg 768w, https:\/\/diariodominicano.com\/wp-content\/uploads\/2023\/08\/photo1691443390-4-816x544.jpeg 816w, https:\/\/diariodominicano.com\/wp-content\/uploads\/2023\/08\/photo1691443390-4.jpeg 1280w\" sizes=\"auto, (max-width: 1024px) 100vw, 1024px\" \/><\/figure>\n\n\n\n<p>El cotejo fue parejo en la mitad de la cancha y con un seleccionado dominicano que intent\u00f3 competir sin temores ante los centroamericanos, hasta que una desatenci\u00f3n en el fondo permiti\u00f3 que Panam\u00e1 robara la pelota y por intermedio de Gerson Gordon se adelantara en la pizarra a los 28\u2019 minutos.<\/p>\n\n\n\n<p>Cinco minutos m\u00e1s tarde Adran Olivardia fue quien aument\u00f3 la ventaja, sacando provecho a lo que fue el tramo final de la primera parte.<\/p>\n\n\n\n<figure class=\"wp-block-image size-large\"><img loading=\"lazy\" decoding=\"async\" width=\"682\" height=\"1024\" src=\"https:\/\/diariodominicano.com\/wp-content\/uploads\/2023\/08\/photo1691443390-5-682x1024.jpeg\" alt=\"\" class=\"wp-image-461700\" srcset=\"https:\/\/diariodominicano.com\/wp-content\/uploads\/2023\/08\/photo1691443390-5-682x1024.jpeg 682w, https:\/\/diariodominicano.com\/wp-content\/uploads\/2023\/08\/photo1691443390-5-200x300.jpeg 200w, https:\/\/diariodominicano.com\/wp-content\/uploads\/2023\/08\/photo1691443390-5-768x1152.jpeg 768w, https:\/\/diariodominicano.com\/wp-content\/uploads\/2023\/08\/photo1691443390-5-816x1224.jpeg 816w, https:\/\/diariodominicano.com\/wp-content\/uploads\/2023\/08\/photo1691443390-5.jpeg 853w\" sizes=\"auto, (max-width: 682px) 100vw, 682px\" \/><\/figure>\n\n\n\n<p>La Sedof\u00fatbol busc\u00f3 levantar el partido en el complemento y conseguir\u00eda descontar desde el punto de penal tras una buena ejecuci\u00f3n de Lu\u00eds Pereyra cuando el reloj marcaba los 52\u2019.<\/p>\n\n\n\n<p>El elenco patrio tom\u00f3 un buen envi\u00f3n an\u00edmico en esa parte del encuentro, no obstante el rival supo disipar la intentona quisqueyana y a los 67\u2019 conseguir\u00eda una falta en el \u00e1rea que fue decretada como penalti por la jueza estadounidense Anya Voigt y termin\u00f3 con la expulsi\u00f3n del defensor Jos\u00e9 Abreu por doble amonestaci\u00f3n. Un minuto m\u00e1s tarde Abraham Altamirano cambiar\u00eda el penal por gol.<\/p>\n\n\n\n<p>De esta manera los paname\u00f1os se quedar\u00edan con los tres puntos.<\/p>\n\n\n\n<p>El grupo C de la Liga A del Campeonato Sub-15 de Concacaf 2023 est\u00e1 liderado por Canad\u00e1 con seis puntos, seguido de Panam\u00e1 con cuatro, Guatemala es tercero con uno y cierra Rep\u00fablica Dominicana sin sumar.<\/p>\n\n\n\n<p>El combinado nacional jugar\u00e1 este martes 8 de agosto frente a Guatemala a partir de las 2:00 de la tarde en el Estadio Ol\u00edmpico F\u00e9lix S\u00e1nchez.\u00a0<\/p>\n\n\n\n<p> Fedofutbol Prensa<a rel=\"noreferrer noopener\" target=\"_blank\" href=\"mailto:fedofutbolprensa2019@gmail.com\">fedofutbolprensa2019@gmail.com<\/a><\/p>\n\n\n\n<p> Fotos: C\u00e9sar N\u00fa\u00f1ez<br>PRENSA FEDOFUTBOL\u00a0<\/p>\n","protected":false},"excerpt":{"rendered":"<p>SANTO DOMINGO, RD.- La selecci\u00f3n dominicana de f\u00fatbol sucumbi\u00f3 tres por uno este lunes ante Panam\u00e1 en lo que fue su segunda presentaci\u00f3n en el Campeonato U15 de Concacaf 2023 que se lleva a cabo en el pa\u00eds. El duelo se llev\u00f3 a cabo en el Estadio Ol\u00edmpico F\u00e9lix S\u00e1nchez de Santo Domingo. El conjunto [&hellip;]<\/p>\n","protected":false},"author":28,"featured_media":461696,"comment_status":"closed","ping_status":"","sticky":true,"template":"","format":"standard","meta":{"footnotes":""},"categories":[17,27,32],"tags":[],"class_list":["post-461695","post","type-post","status-publish","format-standard","has-post-thumbnail","hentry","category-deportes","category-portada","category-turismo"],"_links":{"self":[{"href":"https:\/\/diariodominicano.com\/index.php?rest_route=\/wp\/v2\/posts\/461695","targetHints":{"allow":["GET"]}}],"collection":[{"href":"https:\/\/diariodominicano.com\/index.php?rest_route=\/wp\/v2\/posts"}],"about":[{"href":"https:\/\/diariodominicano.com\/index.php?rest_route=\/wp\/v2\/types\/post"}],"author":[{"embeddable":true,"href":"https:\/\/diariodominicano.com\/index.php?rest_route=\/wp\/v2\/users\/28"}],"replies":[{"embeddable":true,"href":"https:\/\/diariodominicano.com\/index.php?rest_route=%2Fwp%2Fv2%2Fcomments&post=461695"}],"version-history":[{"count":2,"href":"https:\/\/diariodominicano.com\/index.php?rest_route=\/wp\/v2\/posts\/461695\/revisions"}],"predecessor-version":[{"id":461701,"href":"https:\/\/diariodominicano.com\/index.php?rest_route=\/wp\/v2\/posts\/461695\/revisions\/461701"}],"wp:featuredmedia":[{"embeddable":true,"href":"https:\/\/diariodominicano.com\/index.php?rest_route=\/wp\/v2\/media\/461696"}],"wp:attachment":[{"href":"https:\/\/diariodominicano.com\/index.php?rest_route=%2Fwp%2Fv2%2Fmedia&parent=461695"}],"wp:term":[{"taxonomy":"category","embeddable":true,"href":"https:\/\/diariodominicano.com\/index.php?rest_route=%2Fwp%2Fv2%2Fcategories&post=461695"},{"taxonomy":"post_tag","embeddable":true,"href":"https:\/\/diariodominicano.com\/index.php?rest_route=%2Fwp%2Fv2%2Ftags&post=461695"}],"curies":[{"name":"wp","href":"https:\/\/api.w.org\/{rel}","templated":true}]}}